{"id":982,"date":"2021-12-07T09:13:44","date_gmt":"2021-12-07T08:13:44","guid":{"rendered":"https:\/\/modenafuturacreativa.it\/?p=982"},"modified":"2025-03-21T14:18:26","modified_gmt":"2025-03-21T13:18:26","slug":"arti-digitali-e-linguaggi-innovativi-torna-node","status":"publish","type":"post","link":"https:\/\/modenafuturacreativa.it\/fr\/arti-digitali-e-linguaggi-innovativi-torna-node\/","title":{"rendered":"ARTS NUM\u00c9RIQUES ET LANGAGES INNOVANTS, RETOUR DU \"N\u0152UD"},"content":{"rendered":"<div id=\"fws_6a9b7b8a4a132\"  data-column-margin=\"60px\" data-midnight=\"dark\"  class=\"wpb_row vc_row-fluid vc_row\"  style=\"padding-top: 0px; padding-bottom: 0px; \"><div class=\"row-bg-wrap\" data-bg-animation=\"none\" data-bg-animation-delay=\"\" data-bg-overlay=\"false\"><div class=\"inner-wrap row-bg-layer\" ><div class=\"row-bg viewport-desktop\"  style=\"\"><\/div><\/div><\/div><div class=\"row_col_wrap_12 col span_12 dark left\">\n\t<div  class=\"vc_col-sm-12 wpb_column column_container vc_column_container col no-extra-padding inherit_tablet inherit_phone\"  data-padding-pos=\"all\" data-has-bg-color=\"false\" data-bg-color=\"\" data-bg-opacity=\"1\" data-animation=\"\" data-delay=\"0\" >\n\t\t<div class=\"vc_column-inner\" >\n\t\t\t<div class=\"wpb_wrapper\">\n\t\t\t\t\n\t<div class=\"wpb_gallery wpb_content_element clearfix\">\n\t\t<div class=\"wpb_wrapper\"><div class=\"wpb_gallery_slidesflickity_style\" data-onclick=\"link_image\" data-interval=\"5\"><div class=\"nectar-flickity not-initialized\" role=\"region\" aria-roledescription=\"carousel\" aria-label=\"Galerie d&#039;images\"  data-touch-icon-color=\"default\" data-stagger=\"\" data-drag-scale=\"\" data-overflow=\"hidden\" data-wrap=\"wrap\" data-spacing=\"default\" data-shadow=\"large_depth\" data-autoplay=\"true\" data-autoplay-dur=\"\" data-free-scroll=\"\" data-controls=\"material_pagination\" data-desktop-columns=\"1\" data-small-desktop-columns=\"1\" data-tablet-columns=\"1\" data-phone-columns=\"default\"><div class=\"flickity-viewport\"> <div class=\"flickity-slider\"><div class=\"cell\" data-lazy=\"false\"><img decoding=\"async\" class=\"skip-lazy nectar-lazy\" src=\"https:\/\/modenafuturacreativa.it\/wp-content\/uploads\/2021\/12\/maria-w-horn-600x400.jpg\" width=\"600\" height=\"400\" alt=\"maria w horn\" title=\"maria w horn\" loading=\"lazy\" \/><a class=\"entire-slide-link\" aria-label=\"maria w horn\"  href=\"https:\/\/modenafuturacreativa.it\/wp-content\/uploads\/2021\/12\/maria-w-horn.jpg\"><\/a><\/div><div class=\"cell\" data-lazy=\"false\"><img decoding=\"async\" class=\"skip-lazy nectar-lazy\" src=\"https:\/\/modenafuturacreativa.it\/wp-content\/uploads\/2021\/12\/Transient__N-5-600x400.jpg\" width=\"600\" height=\"400\" alt=\"Transient__N -5\" title=\"Transitoire__N -5\" loading=\"lazy\" \/><a class=\"entire-slide-link\" aria-label=\"Transitoire__N -5\"  href=\"https:\/\/modenafuturacreativa.it\/wp-content\/uploads\/2021\/12\/Transient__N-5.jpg\"><\/a><\/div><div class=\"cell\" data-lazy=\"false\"><img decoding=\"async\" class=\"skip-lazy nectar-lazy\" src=\"https:\/\/modenafuturacreativa.it\/wp-content\/uploads\/2021\/12\/Soma-FJBonnet-c-Eleonore-Huisse-Light-600x400.jpg\" width=\"600\" height=\"400\" alt=\"Soma-FJBonnet -c- Eleonore Huisse Light\" title=\"Soma-FJBonnet -c- Eleonore Huisse Light\" loading=\"lazy\" \/><a class=\"entire-slide-link\" aria-label=\"Soma-FJBonnet -c- Eleonore Huisse Light\"  href=\"https:\/\/modenafuturacreativa.it\/wp-content\/uploads\/2021\/12\/Soma-FJBonnet-c-Eleonore-Huisse-Light.jpg\"><\/a><\/div><div class=\"cell\" data-lazy=\"false\"><img decoding=\"async\" class=\"skip-lazy nectar-lazy\" src=\"https:\/\/modenafuturacreativa.it\/wp-content\/uploads\/2021\/12\/Roly-Porter_MFO-KISTVAEN-Contemporary-future-Westland-600x400.jpg\" width=\"600\" height=\"400\" alt=\"Roly Porter_MFO - KISTVAEN - Contemporary future - Westland\" title=\"Roly Porter_MFO - KISTVAEN - Futur contemporain - Westland\" loading=\"lazy\" \/><a class=\"entire-slide-link\" aria-label=\"Roly Porter_MFO - KISTVAEN - Futur contemporain - Westland\"  href=\"https:\/\/modenafuturacreativa.it\/wp-content\/uploads\/2021\/12\/Roly-Porter_MFO-KISTVAEN-Contemporary-future-Westland.jpg\"><\/a><\/div><div class=\"cell\" data-lazy=\"false\"><img decoding=\"async\" class=\"skip-lazy nectar-lazy\" src=\"https:\/\/modenafuturacreativa.it\/wp-content\/uploads\/2021\/12\/robert-henke-LNCHMT_20_NG_FRI_Jakub_Dolezal-4-600x400.jpeg\" width=\"600\" height=\"400\" alt=\"robert henke -LNCHMT_20_NG_FRI_Jakub_Dolezal-4\" title=\"robert henke -LNCHMT_20_NG_FRI_Jakub_Dolezal-4\" loading=\"lazy\" \/><a class=\"entire-slide-link\" aria-label=\"robert henke -LNCHMT_20_NG_FRI_Jakub_Dolezal-4\"  href=\"https:\/\/modenafuturacreativa.it\/wp-content\/uploads\/2021\/12\/robert-henke-LNCHMT_20_NG_FRI_Jakub_Dolezal-4.jpeg\"><\/a><\/div><div class=\"cell\" data-lazy=\"false\"><img decoding=\"async\" class=\"skip-lazy nectar-lazy\" src=\"https:\/\/modenafuturacreativa.it\/wp-content\/uploads\/2021\/12\/kurokawa_sa_photo_01-600x400.jpg\" width=\"600\" height=\"400\" alt=\"kurokawa_sa_photo_01\" title=\"kurokawa_sa_photo_01\" loading=\"lazy\" \/><a class=\"entire-slide-link\" aria-label=\"kurokawa_sa_photo_01\"  href=\"https:\/\/modenafuturacreativa.it\/wp-content\/uploads\/2021\/12\/kurokawa_sa_photo_01.jpg\"><\/a><\/div><\/div><\/div><\/div><\/div>\n\t\t<\/div> \n\t<\/div> \n<div class=\"wpb_text_column wpb_content_element\" >\n\t<p><strong>Du mardi 7 au vendredi 10 d\u00e9cembre, la dixi\u00e8me \u00e9dition du festival revient en direct au th\u00e9\u00e2tre Storchi et au cin\u00e9ma Astra avec des artistes historiques et des premi\u00e8res apparitions.<\/strong><\/p>\n<p>Paysages num\u00e9riques hyperr\u00e9alistes et suggestions anciennes, technologies obsol\u00e8tes pouss\u00e9es aux limites du possible et sons multicouches, ambient, \u00e9lectroacoustique, minimalisme, ordre et chaos. Node, le festival des arts num\u00e9riques et de la musique \u00e9lectronique, revient en direct. Du mardi 7 au vendredi 10 d\u00e9cembre, il c\u00e9l\u00e8bre sa dixi\u00e8me \u00e9dition en cr\u00e9ant un microcosme synth\u00e9tique, petit mais vari\u00e9, con\u00e7u comme une somme de ce qui a \u00e9t\u00e9 construit jusqu'\u00e0 pr\u00e9sent. Se d\u00e9pla\u00e7ant entre le th\u00e9\u00e2tre Storchi, le cin\u00e9ma Astra et l'\u00e9glise de J\u00e9sus le R\u00e9dempteur, le festival propose un programme compos\u00e9 d'une multitude de langages, de codes et de formes, comprenant des retours bienvenus d'artistes historiques et des premi\u00e8res apparitions.<\/p>\n<p>Le festival, r\u00e9alis\u00e9 par Lemniscata et fuse*, avec la contribution de la Municipalit\u00e9 de Mod\u00e8ne, de la R\u00e9gion Emilie-Romagne et de la Fondazione di Modena, a \u00e9t\u00e9 pr\u00e9sent\u00e9 ce matin, mercredi 1er d\u00e9cembre, lors d'une conf\u00e9rence de presse au cin\u00e9ma Astra en pr\u00e9sence du Conseiller pour la Culture Andrea Bortolamasi, du directeur artistique du Festival Filippo Aldovini, de Mattia Carretti, co-directeur de fuse*, et d'Oderso Rubini pour la R\u00e9gion.<\/p>\n<p>Comme l'a d\u00e9clar\u00e9 le conseiller Bortolamasi, \"le retour de Node live est une excellente nouvelle, le r\u00e9sultat d'un travail qui s'est toujours d\u00e9velopp\u00e9 au fil des ans et qui nous permet de c\u00e9l\u00e9brer la dixi\u00e8me \u00e9dition avec un programme de grande qualit\u00e9. Le festival, avec son m\u00e9lange de langues tourn\u00e9es vers l'avenir\", a-t-il ajout\u00e9, \"est un autre \u00e9l\u00e9ment de la ville cr\u00e9ative qui exp\u00e9rimente et innove dans le domaine des arts m\u00e9diatiques\". Filippo Aldovini a \u00e9galement soulign\u00e9 que Node poursuit son \"chemin de croissance et de transformation, donnant le signe d'une vitalit\u00e9 renouvel\u00e9e et pr\u00e9cieuse qui surprend par sa capacit\u00e9 \u00e0 rester fid\u00e8le \u00e0 la fois \u00e0 sa vocation li\u00e9e \u00e0 la recherche la plus radicale et au caract\u00e8re international du festival\". La dixi\u00e8me \u00e9dition, a-t-il poursuivi, est une fa\u00e7on de \"c\u00e9l\u00e9brer et de retracer ce que Node a partag\u00e9 de plus pr\u00e9cieux avec son public et la communaut\u00e9 de Mod\u00e8ne au fil des ans, en invitant \u00e0 nouveau dans la ville certains des artistes qui ont le plus marqu\u00e9 l'histoire du festival, ainsi que des premi\u00e8res apparitions et des exclusivit\u00e9s nationales\".<\/p>\n<p>Node d\u00e9bute au Th\u00e9\u00e2tre Storchi le mardi 7 d\u00e9cembre avec le retour de Ryoichi Kurokawa, qui poursuit son parcours au festival en pr\u00e9sentant \"subassemblies\", son dernier projet audiovisuel dans lequel des images de b\u00e2timents en ruine et d'espaces d\u00e9saffect\u00e9s r\u00e9cup\u00e9r\u00e9s par la nature sont rendues gr\u00e2ce aux technologies 3D, cr\u00e9ant une r\u00e9alit\u00e9 hybride dynamique en \u00e9quilibre constant entre l'ordre et le chaos. Le contrepoint parfait au set de Kurokawa sera l'\u00e9change entre le musicien \u00e9lectroacoustique et th\u00e9oricien fran\u00e7ais Fran\u00e7ois J. Bonnet, alias Kassel Jaeger, et le compositeur, producteur et fondateur de Sunn O))). Stephen O'Malley, qui \u00e9voquent le calme avant la temp\u00eate en d\u00e9ployant lentement une vaste plaine glaciaire au-dessus du public.<\/p>\n<p>Toujours au Storchi, le mercredi 8 d\u00e9cembre, Quayola revient au Node avec Andrea Santicchia aka SETA pour pr\u00e9senter \"Transient - Impermanent Paintings\", un duo de pianos motoris\u00e9s et de projections vid\u00e9o, combinant des \u00e9l\u00e9ments humains et technologiques \u00e0 travers un syst\u00e8me d'algorithmes g\u00e9n\u00e9ratifs non conventionnels. Suivra \"kistvaen\", la performance de Roly Porter et MFO qui, sur la base de monuments fun\u00e9raires pr\u00e9chr\u00e9tiens, greffe une narration de sons et d'images, entre enregistrements de terrain, instrumentation folklorique, \u00e9laborations num\u00e9riques, images cin\u00e9matographiques et dessins lumineux, dans laquelle entre la voix de Mary-Anne Roberts, interpr\u00e8te de chants rituels issus de la tradition fun\u00e9raire galloise.<\/p>\n<p>Le 9 d\u00e9cembre, au cin\u00e9ma Astra, l'ing\u00e9nieur du son et musicien allemand Robert Henke revient pour pr\u00e9senter \"CBM 8032 AV\", une performance audiovisuelle qui pousse cinq Commodore CBM 8032 aux limites de leurs technologies dans des variations de bruits et d'ondes sinuso\u00efdales num\u00e9riques.<\/p>\n<p>Elle s'ach\u00e8ve le 10 d\u00e9cembre \u00e0 l'\u00e9glise de J\u00e9sus le R\u00e9dempteur (Via Leonardo da Vinci) avec \"Dies Irae\", une pi\u00e8ce pour quatuor vocal f\u00e9minin et \u00e9lectronique de la compositrice su\u00e9doise Maria W Horn qui s'ouvre avec un ch\u0153ur et se termine par une improvisation pour calices harmonis\u00e9s, voix et \u00e9lectronique.<\/p>\n<p>Tous les rendez-vous sont sur r\u00e9servation uniquement et pour certains d'entre eux, il y a \u00e9galement un droit d'entr\u00e9e. Les r\u00e9servations et les billets peuvent \u00eatre obtenus en ligne sur le site web du carrefour (<a href=\"http:\/\/www.nodefestival.com\/archivio\/2021\/biglietti\" target=\"_blank\" rel=\"noopener\">www.nodefestival.com\/archivio\/2021\/biglietti<\/a>).<\/p>\n<p>L'image du n\u0153ud 2021 a \u00e9t\u00e9 cr\u00e9\u00e9e par l'artiste slov\u00e8ne Natalia Trejbalova. \"Centerpiece 3 (Greetings from Rachael)\" fait partie d'une s\u00e9rie de sculptures con\u00e7ues pour habiter les environnements d'un futur non sp\u00e9cifi\u00e9, dans lequel la vie organique telle que nous la connaissons a c\u00e9d\u00e9 la place \u00e0 des formes hybrides qui ne peuvent \u00eatre catalogu\u00e9es. Elles repr\u00e9sentent de petits mondes synth\u00e9tiques, des natures mortes fig\u00e9es dans le temps, des reliques d'une autre dimension, destin\u00e9es \u00e0 \u00eatre contempl\u00e9es pour toujours dans le m\u00eame \u00e9tat.<\/p>\n<\/div>\n\n\n\n\n\t\t\t<\/div> \n\t\t<\/div>\n\t<\/div> \n<\/div><\/div>","protected":false},"excerpt":{"rendered":"Du mardi 7 au vendredi 10 d\u00e9cembre, la dixi\u00e8me \u00e9dition du Festival revient en direct au Th\u00e9\u00e2tre Storchi et au cin\u00e9ma Astra avec des artistes historiques et des premi\u00e8res apparitions Paesaggi...","protected":false},"author":1,"featured_media":983,"comment_status":"closed","ping_status":"closed","sticky":false,"template":"","format":"standard","meta":{"wpupg_custom_link":[],"wpupg_custom_link_behaviour":[],"wpupg_custom_link_nofollow":[],"wpupg_custom_image":[],"wpupg_custom_image_id":[],"footnotes":""},"categories":[475],"tags":[],"class_list":["post-982","post","type-post","status-publish","format-standard","has-post-thumbnail","category-news"],"_links":{"self":[{"href":"https:\/\/modenafuturacreativa.it\/fr\/wp-json\/wp\/v2\/posts\/982","targetHints":{"allow":["GET"]}}],"collection":[{"href":"https:\/\/modenafuturacreativa.it\/fr\/wp-json\/wp\/v2\/posts"}],"about":[{"href":"https:\/\/modenafuturacreativa.it\/fr\/wp-json\/wp\/v2\/types\/post"}],"author":[{"embeddable":true,"href":"https:\/\/modenafuturacreativa.it\/fr\/wp-json\/wp\/v2\/users\/1"}],"replies":[{"embeddable":true,"href":"https:\/\/modenafuturacreativa.it\/fr\/wp-json\/wp\/v2\/comments?post=982"}],"version-history":[{"count":5,"href":"https:\/\/modenafuturacreativa.it\/fr\/wp-json\/wp\/v2\/posts\/982\/revisions"}],"predecessor-version":[{"id":1001,"href":"https:\/\/modenafuturacreativa.it\/fr\/wp-json\/wp\/v2\/posts\/982\/revisions\/1001"}],"wp:featuredmedia":[{"embeddable":true,"href":"https:\/\/modenafuturacreativa.it\/fr\/wp-json\/wp\/v2\/media\/983"}],"wp:attachment":[{"href":"https:\/\/modenafuturacreativa.it\/fr\/wp-json\/wp\/v2\/media?parent=982"}],"wp:term":[{"taxonomy":"category","embeddable":true,"href":"https:\/\/modenafuturacreativa.it\/fr\/wp-json\/wp\/v2\/categories?post=982"},{"taxonomy":"post_tag","embeddable":true,"href":"https:\/\/modenafuturacreativa.it\/fr\/wp-json\/wp\/v2\/tags?post=982"}],"curies":[{"name":"wp","href":"https:\/\/api.w.org\/{rel}","templated":true}]}}