{"id":952,"date":"2021-11-09T13:10:14","date_gmt":"2021-11-09T12:10:14","guid":{"rendered":"https:\/\/modenafuturacreativa.it\/?p=952"},"modified":"2025-03-21T14:18:27","modified_gmt":"2025-03-21T13:18:27","slug":"modena-e-citta-creativa-unesco-per-le-media-arts","status":"publish","type":"post","link":"https:\/\/modenafuturacreativa.it\/fr\/modena-e-citta-creativa-unesco-per-le-media-arts\/","title":{"rendered":"MOD\u00c8NE EST UNE VILLE CR\u00c9ATIVE DE L'UNESCO POUR LES ARTS M\u00c9DIATIQUES"},"content":{"rendered":"<div id=\"fws_6a9b77974da83\"  data-column-margin=\"60px\" data-midnight=\"dark\"  class=\"wpb_row vc_row-fluid vc_row\"  style=\"padding-top: 0px; padding-bottom: 0px; \"><div class=\"row-bg-wrap\" data-bg-animation=\"none\" data-bg-animation-delay=\"\" data-bg-overlay=\"false\"><div class=\"inner-wrap row-bg-layer\" ><div class=\"row-bg viewport-desktop\"  style=\"\"><\/div><\/div><\/div><div class=\"row_col_wrap_12 col span_12 dark left\">\n\t<div  class=\"vc_col-sm-12 wpb_column column_container vc_column_container col no-extra-padding inherit_tablet inherit_phone\"  data-padding-pos=\"all\" data-has-bg-color=\"false\" data-bg-color=\"\" data-bg-opacity=\"1\" data-animation=\"\" data-delay=\"0\" >\n\t\t<div class=\"vc_column-inner\" >\n\t\t\t<div class=\"wpb_wrapper\">\n\t\t\t\t\n<div class=\"wpb_text_column wpb_content_element\" >\n\t<p><strong>La nomination a eu lieu \u00e0 Paris le lundi 8 novembre. Le nombre de villes cr\u00e9atives italiennes passe \u00e0 13. Bortolamasi : \"Une reconnaissance qui r\u00e9compense l'important travail de mise en r\u00e9seau de la commission\".<\/strong><\/p>\n<p>Mod\u00e8ne est une ville cr\u00e9ative de l'Unesco pour les arts m\u00e9diatiques et la premi\u00e8re ville italienne \u00e0 recevoir cette reconnaissance. La nomination a \u00e9t\u00e9 officialis\u00e9e le lundi 8 novembre, \u00e0 Paris, par Audrey Azoulay, directrice g\u00e9n\u00e9rale de l'Unesco, lors de la conf\u00e9rence g\u00e9n\u00e9rale qui a d\u00e9sign\u00e9 49 nouvelles villes cr\u00e9atives dans le monde. Les villes italiennes s\u00e9lectionn\u00e9es sont Mod\u00e8ne, pour le p\u00f4le des arts m\u00e9diatiques, et C\u00f4me, dans le secteur de l'artisanat et des arts populaires. Cela porte \u00e0 13 le nombre de villes cr\u00e9atives de l'Unesco en Italie.<\/p>\n<p>C'est une reconnaissance importante dont nous sommes fiers\", a d\u00e9clar\u00e9 le maire de Mod\u00e8ne, Gian Carlo Muzzarelli : \"L'adh\u00e9sion au R\u00e9seau des villes cr\u00e9atives de l'Unesco est une grande opportunit\u00e9, \u00e0 laquelle nous avons cru d\u00e8s le d\u00e9but, en consacrant de l'attention, de l'\u00e9nergie et beaucoup de travail d'\u00e9quipe \u00e0 un projet qui mettrait en valeur toutes les valeurs de notre ville et nous avons r\u00e9ussi \u00e0 obtenir le r\u00e9sultat que nous esp\u00e9rions, ce qui est une incitation suppl\u00e9mentaire \u00e0 continuer d'investir dans la culture, un secteur d\u00e9cisif pour la renaissance de notre communaut\u00e9.<\/p>\n<p>L'inclusion de Mod\u00e8ne dans les villes cr\u00e9atives de l'Unesco pour les arts m\u00e9diatiques \"nous remplit de joie\", commente le conseiller municipal charg\u00e9 de la culture, Andrea Bortolamasi, qui souligne que \"le m\u00e9rite de cette nomination est collectif et la reconnaissance r\u00e9compense le grand travail de r\u00e9seau r\u00e9alis\u00e9 par l'ensemble du comit\u00e9 qui a soutenu la candidature dans un effort choral et constant qui a commenc\u00e9 il y a plus d'un an et qui t\u00e9moigne de la grande vitalit\u00e9 de l'\u00e9cosyst\u00e8me culturel de notre ville\". Le fait d'\u00eatre la premi\u00e8re ville italienne \u00e0 faire partie du Media arts cluster a une valeur profonde pour nous et constitue un stimulant qui nous engage \u00e0 poursuivre sur la voie de la transformation et de l'innovation dans la sph\u00e8re culturelle, sur les axes de la cr\u00e9ativit\u00e9 et d'un dialogue toujours plus grand entre les connaissances humanistes et scientifiques et sur les innovations num\u00e9riques appliqu\u00e9es \u00e0 la culture et \u00e0 ses langages\".<\/p>\n<\/div>\n\n\n\n\n\t\t\t<\/div> \n\t\t<\/div>\n\t<\/div> \n<\/div><\/div>","protected":false},"excerpt":{"rendered":"La nomination a eu lieu \u00e0 Paris le lundi 8 novembre. Le nombre de villes cr\u00e9atives italiennes passe \u00e0 13. Bortolamasi : \"Une reconnaissance qui r\u00e9compense l'important travail de mise en r\u00e9seau du comit\u00e9\" Mod\u00e8ne est une ville cr\u00e9ative...","protected":false},"author":1,"featured_media":953,"comment_status":"closed","ping_status":"closed","sticky":false,"template":"","format":"standard","meta":{"wpupg_custom_link":[],"wpupg_custom_link_behaviour":[],"wpupg_custom_link_nofollow":[],"wpupg_custom_image":[],"wpupg_custom_image_id":[],"footnotes":""},"categories":[475],"tags":[],"class_list":["post-952","post","type-post","status-publish","format-standard","has-post-thumbnail","category-news"],"_links":{"self":[{"href":"https:\/\/modenafuturacreativa.it\/fr\/wp-json\/wp\/v2\/posts\/952","targetHints":{"allow":["GET"]}}],"collection":[{"href":"https:\/\/modenafuturacreativa.it\/fr\/wp-json\/wp\/v2\/posts"}],"about":[{"href":"https:\/\/modenafuturacreativa.it\/fr\/wp-json\/wp\/v2\/types\/post"}],"author":[{"embeddable":true,"href":"https:\/\/modenafuturacreativa.it\/fr\/wp-json\/wp\/v2\/users\/1"}],"replies":[{"embeddable":true,"href":"https:\/\/modenafuturacreativa.it\/fr\/wp-json\/wp\/v2\/comments?post=952"}],"version-history":[{"count":1,"href":"https:\/\/modenafuturacreativa.it\/fr\/wp-json\/wp\/v2\/posts\/952\/revisions"}],"predecessor-version":[{"id":954,"href":"https:\/\/modenafuturacreativa.it\/fr\/wp-json\/wp\/v2\/posts\/952\/revisions\/954"}],"wp:featuredmedia":[{"embeddable":true,"href":"https:\/\/modenafuturacreativa.it\/fr\/wp-json\/wp\/v2\/media\/953"}],"wp:attachment":[{"href":"https:\/\/modenafuturacreativa.it\/fr\/wp-json\/wp\/v2\/media?parent=952"}],"wp:term":[{"taxonomy":"category","embeddable":true,"href":"https:\/\/modenafuturacreativa.it\/fr\/wp-json\/wp\/v2\/categories?post=952"},{"taxonomy":"post_tag","embeddable":true,"href":"https:\/\/modenafuturacreativa.it\/fr\/wp-json\/wp\/v2\/tags?post=952"}],"curies":[{"name":"wp","href":"https:\/\/api.w.org\/{rel}","templated":true}]}}