{"id":856,"date":"2021-10-19T11:46:05","date_gmt":"2021-10-19T09:46:05","guid":{"rendered":"https:\/\/modenafuturacreativa.it\/?p=856"},"modified":"2025-03-21T14:18:27","modified_gmt":"2025-03-21T13:18:27","slug":"aigu-incontra-le-candidate-italiane-a-creative-cities","status":"publish","type":"post","link":"https:\/\/modenafuturacreativa.it\/fr\/aigu-incontra-le-candidate-italiane-a-creative-cities\/","title":{"rendered":"L'AIGU RENCONTRE LES CANDIDATS ITALIENS AUX VILLES CR\u00c9ATIVES"},"content":{"rendered":"<div id=\"fws_6a9b7b89f233f\"  data-column-margin=\"60px\" data-midnight=\"dark\"  class=\"wpb_row vc_row-fluid vc_row\"  style=\"padding-top: 0px; padding-bottom: 0px; \"><div class=\"row-bg-wrap\" data-bg-animation=\"none\" data-bg-animation-delay=\"\" data-bg-overlay=\"false\"><div class=\"inner-wrap row-bg-layer\" ><div class=\"row-bg viewport-desktop\"  style=\"\"><\/div><\/div><\/div><div class=\"row_col_wrap_12 col span_12 dark left\">\n\t<div  class=\"vc_col-sm-12 wpb_column column_container vc_column_container col no-extra-padding inherit_tablet inherit_phone\"  data-padding-pos=\"all\" data-has-bg-color=\"false\" data-bg-color=\"\" data-bg-opacity=\"1\" data-animation=\"\" data-delay=\"0\" >\n\t\t<div class=\"vc_column-inner\" >\n\t\t\t<div class=\"wpb_wrapper\">\n\t\t\t\t\n<div class=\"wpb_text_column wpb_content_element\" >\n\t<div id=\"parent-fieldname-description\">\n<div id=\"parent-fieldname-description\">\n<div id=\"parent-fieldname-description\">\n<div id=\"parent-fieldname-description\">\n<div id=\"parent-fieldname-description\">\n<div id=\"parent-fieldname-description\">\n<div id=\"parent-fieldname-description\">\n<p><strong>Les Comit\u00e9s r\u00e9gionaux d'Emilie-Romagne et de Lombardie rencontrent les experts qui ont suivi les candidatures soutenues par la Commission nationale italienne pour l'UNESCO en tant que villes cr\u00e9atives de C\u00f4me et de Mod\u00e8ne.<\/strong><\/p>\n<p>Pour Mod\u00e8ne, c'est le conseiller pour la culture Andrea Bortolamasi qui s'exprimera.<br \/>\nL'objectif de cet \u00e9v\u00e9nement est d'explorer le processus qui a conduit aux propositions de ces candidatures, d'apprendre \u00e0 conna\u00eetre et de soutenir les deux villes tout au long du processus.<\/p>\n<p>Mod\u00e9rateur :<br \/>\nAndrea Croci Repr\u00e9sentant r\u00e9gional Comit\u00e9 Emilia-Romagna<br \/>\nGiulio Del Giudice Repr\u00e9sentant r\u00e9gional Comit\u00e9 Lombardie<\/p>\n<\/div>\n<p>L'\u00e9v\u00e9nement sera retransmis en direct sur Facebook, sur la page de l'AIGU - Association de la jeunesse italienne pour l'UNESCO :<br \/>\n<a href=\"https:\/\/fb.me\/e\/Nc1LCpZk\" target=\"_blank\" rel=\"noopener\">https:\/\/fb.me\/e\/Nc1LCpZk<\/a><\/p>\n<\/div>\n<\/div>\n<\/div>\n<\/div>\n<\/div>\n<\/div>\n<\/div>\n\n\n\n\n\t\t\t<\/div> \n\t\t<\/div>\n\t<\/div> \n<\/div><\/div>","protected":false},"excerpt":{"rendered":"Les Comit\u00e9s r\u00e9gionaux d'Emilie-Romagne et de Lombardie rencontrent les experts qui ont suivi les candidatures soutenues par la Commission nationale italienne pour l'UNESCO en tant que villes cr\u00e9atives de C\u00f4me et de Mod\u00e8ne. Pour Mod\u00e8ne...","protected":false},"author":1,"featured_media":857,"comment_status":"closed","ping_status":"closed","sticky":false,"template":"","format":"standard","meta":{"wpupg_custom_link":[],"wpupg_custom_link_behaviour":[],"wpupg_custom_link_nofollow":[],"wpupg_custom_image":[],"wpupg_custom_image_id":[],"footnotes":""},"categories":[475],"tags":[],"class_list":["post-856","post","type-post","status-publish","format-standard","has-post-thumbnail","category-news"],"_links":{"self":[{"href":"https:\/\/modenafuturacreativa.it\/fr\/wp-json\/wp\/v2\/posts\/856","targetHints":{"allow":["GET"]}}],"collection":[{"href":"https:\/\/modenafuturacreativa.it\/fr\/wp-json\/wp\/v2\/posts"}],"about":[{"href":"https:\/\/modenafuturacreativa.it\/fr\/wp-json\/wp\/v2\/types\/post"}],"author":[{"embeddable":true,"href":"https:\/\/modenafuturacreativa.it\/fr\/wp-json\/wp\/v2\/users\/1"}],"replies":[{"embeddable":true,"href":"https:\/\/modenafuturacreativa.it\/fr\/wp-json\/wp\/v2\/comments?post=856"}],"version-history":[{"count":2,"href":"https:\/\/modenafuturacreativa.it\/fr\/wp-json\/wp\/v2\/posts\/856\/revisions"}],"predecessor-version":[{"id":859,"href":"https:\/\/modenafuturacreativa.it\/fr\/wp-json\/wp\/v2\/posts\/856\/revisions\/859"}],"wp:featuredmedia":[{"embeddable":true,"href":"https:\/\/modenafuturacreativa.it\/fr\/wp-json\/wp\/v2\/media\/857"}],"wp:attachment":[{"href":"https:\/\/modenafuturacreativa.it\/fr\/wp-json\/wp\/v2\/media?parent=856"}],"wp:term":[{"taxonomy":"category","embeddable":true,"href":"https:\/\/modenafuturacreativa.it\/fr\/wp-json\/wp\/v2\/categories?post=856"},{"taxonomy":"post_tag","embeddable":true,"href":"https:\/\/modenafuturacreativa.it\/fr\/wp-json\/wp\/v2\/tags?post=856"}],"curies":[{"name":"wp","href":"https:\/\/api.w.org\/{rel}","templated":true}]}}