{"id":799,"date":"2021-10-04T14:26:09","date_gmt":"2021-10-04T12:26:09","guid":{"rendered":"https:\/\/modenafutura.com\/?p=799"},"modified":"2025-03-21T14:18:27","modified_gmt":"2025-03-21T13:18:27","slug":"citta-creativa-unesco-un-video-e-un-nuovo-sito-dedicato","status":"publish","type":"post","link":"https:\/\/modenafuturacreativa.it\/fr\/citta-creativa-unesco-un-video-e-un-nuovo-sito-dedicato\/","title":{"rendered":"LA VILLE CR\u00c9ATIVE DE L'UNESCO, UNE VID\u00c9O ET UN NOUVEAU SITE WEB D\u00c9DI\u00c9"},"content":{"rendered":"<div id=\"fws_6a9b7b8a62d74\"  data-column-margin=\"60px\" data-midnight=\"dark\"  class=\"wpb_row vc_row-fluid vc_row\"  style=\"padding-top: 0px; padding-bottom: 0px; \"><div class=\"row-bg-wrap\" data-bg-animation=\"none\" data-bg-animation-delay=\"\" data-bg-overlay=\"false\"><div class=\"inner-wrap row-bg-layer\" ><div class=\"row-bg viewport-desktop\"  style=\"\"><\/div><\/div><\/div><div class=\"row_col_wrap_12 col span_12 dark left\">\n\t<div  class=\"vc_col-sm-12 wpb_column column_container vc_column_container col no-extra-padding inherit_tablet inherit_phone\"  data-padding-pos=\"all\" data-has-bg-color=\"false\" data-bg-color=\"\" data-bg-opacity=\"1\" data-animation=\"\" data-delay=\"0\" >\n\t\t<div class=\"vc_column-inner\" >\n\t\t\t<div class=\"wpb_wrapper\">\n\t\t\t\t\n<div class=\"wpb_text_column wpb_content_element\" >\n\t<div id=\"parent-fieldname-description\">\n<div id=\"parent-fieldname-description\">\n<div id=\"parent-fieldname-description\">\n<div id=\"parent-fieldname-description\">\n<div id=\"parent-fieldname-description\">\n<div id=\"parent-fieldname-description\">\n<div id=\"parent-fieldname-description\"><strong>En ligne, le parcours et le contenu de la candidature \u00e0 la finale de Paris, ainsi que des images de \"Mod\u00e8ne pour les arts m\u00e9diatiques\". La pr\u00e9sentation \u00e9galement au r\u00e9seau Biella<\/strong><\/div>\n<div id=\"viewlet-above-content-body\"><\/div>\n<div id=\"content-core\">\n<div id=\"parent-fieldname-text\">\n<p>Modena futura creativa\" est le nom \u00e9vocateur du nouveau site consacr\u00e9 \u00e0 la candidature de Mod\u00e8ne au titre de ville cr\u00e9ative de l'Unesco pour les arts m\u00e9diatiques (en ligne \u00e0 l'adresse suivante\u00a0<a href=\"https:\/\/modenafuturacreativa.it\/fr\/\">www.modenafuturacreativa.it<\/a>) qui pr\u00e9sente en profondeur les projets et le parcours qui a men\u00e9 Mod\u00e8ne jusqu'\u00e0 Paris, \u00e0 la s\u00e9lection finale pour l'entr\u00e9e dans le r\u00e9seau des villes cr\u00e9atives de l'Unesco qui aura lieu \u00e0 la fin du mois d'octobre. La page d'accueil s'ouvre sur la vid\u00e9o \"Mod\u00e8ne pour les arts m\u00e9diatiques\" qui r\u00e9sume en quelques minutes le sentiment qui anime la candidature, liant les racines de la ville, son patrimoine artistique et culturel, l'ADN du savoir-faire \u00e0 un avenir d\u00e9j\u00e0 concret d'innovations et de culture num\u00e9rique et diffuse appliqu\u00e9e au monde de la culture.<\/p>\n<p>Le site et la vid\u00e9o sont au centre du discours que le conseiller pour la culture de la municipalit\u00e9 de Mod\u00e8ne, Andrea Bortolamasi, prononcera \u00e0 l'occasion du Biella Festival of Sustainability, le forum des villes cr\u00e9atives de l'Unesco, ax\u00e9 sur les exp\u00e9riences de d\u00e9veloppement durable, qui se tient jusqu'au dimanche 3 octobre dans la ville pi\u00e9montaise. La vid\u00e9o \"Mod\u00e8ne pour les arts m\u00e9diatiques\" met l'accent sur la r\u00e9alit\u00e9 augment\u00e9e, la num\u00e9risation du patrimoine livresque et la d\u00e9mat\u00e9rialisation, les arts visuels et les installations artistiques, ainsi que sur l'intelligence artificielle, en soulignant le r\u00f4le de l'administration qui coordonne et dirige la candidature. Comme la vid\u00e9o, le site est \u00e9galement compos\u00e9 de diff\u00e9rentes langues, afin d'offrir des rep\u00e8res et des stimuli \u00e0 ceux qui y naviguent.<\/p>\n<p>Les projets qui soutiennent la candidature de Mod\u00e8ne se caract\u00e9risent par le lien entre les innovations et les transformations num\u00e9riques et les arts visuels et du spectacle, par l'intersection entre les transformations urbaines de la ville et la cr\u00e9ation de nouveaux conteneurs num\u00e9riques, et par l'accent mis sur la culture num\u00e9rique en tant qu'outil utile pour mieux profiter des activit\u00e9s culturelles.<\/p>\n<p>Le projet propos\u00e9 par la municipalit\u00e9 de Mod\u00e8ne a \u00e9t\u00e9 d\u00e9velopp\u00e9 dans le cadre d'un processus auquel ont particip\u00e9 la Fondazione di Modena, la Fondazione Brodolini - Laboratorio Aperto, la Fmav, la Gallerie Estensi, Unimore, Fem, Ert, la Fondazione Teatro Comunale, Art-ER, la Fondazione Collegio S. Carlo, en rejoignant le comit\u00e9 de promotion.<\/p>\n<\/div>\n<\/div>\n<\/div>\n<\/div>\n<\/div>\n<\/div>\n<\/div>\n<\/div>\n<\/div>\n\n\n\n\n\t\t\t<\/div> \n\t\t<\/div>\n\t<\/div> \n<\/div><\/div>","protected":false},"excerpt":{"rendered":"En ligne, le parcours et les contenus de la candidature \u00e0 la finale de Paris, ainsi que les images de \"Mod\u00e8ne pour les arts m\u00e9diatiques\". La pr\u00e9sentation \u00e9galement au r\u00e9seau de Biella \"Modena...","protected":false},"author":1,"featured_media":800,"comment_status":"closed","ping_status":"closed","sticky":false,"template":"","format":"standard","meta":{"wpupg_custom_link":[],"wpupg_custom_link_behaviour":[],"wpupg_custom_link_nofollow":[],"wpupg_custom_image":[],"wpupg_custom_image_id":[],"footnotes":""},"categories":[475],"tags":[],"class_list":["post-799","post","type-post","status-publish","format-standard","has-post-thumbnail","category-news"],"_links":{"self":[{"href":"https:\/\/modenafuturacreativa.it\/fr\/wp-json\/wp\/v2\/posts\/799","targetHints":{"allow":["GET"]}}],"collection":[{"href":"https:\/\/modenafuturacreativa.it\/fr\/wp-json\/wp\/v2\/posts"}],"about":[{"href":"https:\/\/modenafuturacreativa.it\/fr\/wp-json\/wp\/v2\/types\/post"}],"author":[{"embeddable":true,"href":"https:\/\/modenafuturacreativa.it\/fr\/wp-json\/wp\/v2\/users\/1"}],"replies":[{"embeddable":true,"href":"https:\/\/modenafuturacreativa.it\/fr\/wp-json\/wp\/v2\/comments?post=799"}],"version-history":[{"count":1,"href":"https:\/\/modenafuturacreativa.it\/fr\/wp-json\/wp\/v2\/posts\/799\/revisions"}],"predecessor-version":[{"id":801,"href":"https:\/\/modenafuturacreativa.it\/fr\/wp-json\/wp\/v2\/posts\/799\/revisions\/801"}],"wp:featuredmedia":[{"embeddable":true,"href":"https:\/\/modenafuturacreativa.it\/fr\/wp-json\/wp\/v2\/media\/800"}],"wp:attachment":[{"href":"https:\/\/modenafuturacreativa.it\/fr\/wp-json\/wp\/v2\/media?parent=799"}],"wp:term":[{"taxonomy":"category","embeddable":true,"href":"https:\/\/modenafuturacreativa.it\/fr\/wp-json\/wp\/v2\/categories?post=799"},{"taxonomy":"post_tag","embeddable":true,"href":"https:\/\/modenafuturacreativa.it\/fr\/wp-json\/wp\/v2\/tags?post=799"}],"curies":[{"name":"wp","href":"https:\/\/api.w.org\/{rel}","templated":true}]}}