{"id":795,"date":"2021-10-04T13:29:26","date_gmt":"2021-10-04T11:29:26","guid":{"rendered":"https:\/\/modenafutura.com\/?p=795"},"modified":"2025-03-21T14:18:27","modified_gmt":"2025-03-21T13:18:27","slug":"citta-creative-unesco-modena-al-forum-di-carrara","status":"publish","type":"post","link":"https:\/\/modenafuturacreativa.it\/fr\/citta-creative-unesco-modena-al-forum-di-carrara\/","title":{"rendered":"VILLES CR\u00c9ATIVES DE L'UNESCO, MOD\u00c8NE AU FORUM CARRARA"},"content":{"rendered":"<div id=\"fws_6a9b7bebe8fdf\"  data-column-margin=\"60px\" data-midnight=\"dark\"  class=\"wpb_row vc_row-fluid vc_row\"  style=\"padding-top: 0px; padding-bottom: 0px; \"><div class=\"row-bg-wrap\" data-bg-animation=\"none\" data-bg-animation-delay=\"\" data-bg-overlay=\"false\"><div class=\"inner-wrap row-bg-layer\" ><div class=\"row-bg viewport-desktop\"  style=\"\"><\/div><\/div><\/div><div class=\"row_col_wrap_12 col span_12 dark left\">\n\t<div  class=\"vc_col-sm-12 wpb_column column_container vc_column_container col no-extra-padding inherit_tablet inherit_phone\"  data-padding-pos=\"all\" data-has-bg-color=\"false\" data-bg-color=\"\" data-bg-opacity=\"1\" data-animation=\"\" data-delay=\"0\" >\n\t\t<div class=\"vc_column-inner\" >\n\t\t\t<div class=\"wpb_wrapper\">\n\t\t\t\t\n<div class=\"wpb_text_column wpb_content_element\" >\n\t<div id=\"parent-fieldname-description\">\n<div id=\"parent-fieldname-description\">\n<div id=\"parent-fieldname-description\">\n<div id=\"parent-fieldname-description\">\n<div id=\"parent-fieldname-description\">\n<div id=\"parent-fieldname-description\"><strong>La candidature de Mod\u00e8ne pour les arts m\u00e9diatiques, en vue de la finale \u00e0 Paris, sera pr\u00e9sent\u00e9e lors du R\u00e9seau des villes cr\u00e9atives qui se tiendra du vendredi 24 au dimanche 26 septembre.<\/strong><\/div>\n<div id=\"viewlet-above-content-body\"><\/div>\n<div id=\"content-core\">\n<div id=\"parent-fieldname-text\">\n<p>Les projets soutenant la candidature de Mod\u00e8ne en tant que ville cr\u00e9ative de l'Unesco pour les arts m\u00e9diatiques seront pr\u00e9sent\u00e9s lors du Forum des villes cr\u00e9atives italiennes qui se tiendra \u00e0 Carrare du vendredi 24 au dimanche 26 septembre.<\/p>\n<p>Apr\u00e8s avoir pass\u00e9 la s\u00e9lection nationale, avec la ville de C\u00f4me nomin\u00e9e pour l'artisanat et les arts populaires, Mod\u00e8ne repr\u00e9sentera en effet l'Italie lors de la s\u00e9lection finale pour l'entr\u00e9e dans le r\u00e9seau des villes cr\u00e9atives de l'Unesco qui se tiendra \u00e0 Paris \u00e0 la fin du mois d'octobre.<\/p>\n<p>La premi\u00e8re \u00e9dition du\u00a0<a href=\"https:\/\/www.visitacarrara.it\/index.php?id_sezione=2372&amp;id_doc=4414&amp;fbclid=IwAR1IGysNrU9TyFieLD12P5X-Cc3poxS7sBWci6TMLu-ZmmdCCGvDigSqDac\">\"<\/a>Creativity Forum Carrara for the Unesco Creative Cities\", est propos\u00e9 comme une opportunit\u00e9 de dialogue et de discussion entre les villes cr\u00e9atives italiennes sur les strat\u00e9gies post-pand\u00e9miques pour la r\u00e9g\u00e9n\u00e9ration des centres historiques et des territoires, en ligne avec l'Agenda global 2030 pour le d\u00e9veloppement durable, et sur le r\u00f4le de l'artiste et de l'artisan en tant que moteurs de la r\u00e9g\u00e9n\u00e9ration urbaine.<\/p>\n<p>Au nom de la municipalit\u00e9 de Mod\u00e8ne, le conseiller pour la culture Andrea Bortolamasi parlera (\u00e0 distance) des projets qui soutiennent la candidature de Mod\u00e8ne, caract\u00e9ris\u00e9e par le lien entre les innovations et les transformations num\u00e9riques et les arts visuels et du spectacle, l'intersection entre les transformations urbaines de la ville et la cr\u00e9ation de nouveaux conteneurs num\u00e9riques, et l'accent mis sur la culture num\u00e9rique en tant qu'outil utile pour une plus grande appr\u00e9ciation des activit\u00e9s culturelles.<\/p>\n<p>Le projet propos\u00e9 par la municipalit\u00e9 de Mod\u00e8ne a \u00e9t\u00e9 d\u00e9velopp\u00e9 dans le cadre d'un processus auquel ont particip\u00e9 la Fondazione di Modena, la Fondazione Brodolini - Laboratorio Aperto, la Fmav, la Gallerie Estensi, Unimore, Fem, Ert, la Fondazione Teatro Comunale, Art-ER, la Fondazione Collegio S. Carlo, en rejoignant le comit\u00e9 de promotion.<\/p>\n<p>Le prochain rendez-vous, avant d'arriver \u00e0 Paris, sera \u00e0 Biella, les 1er et 2 octobre.<\/p>\n<p>Le r\u00e9seau des villes cr\u00e9atives compte actuellement 246 villes r\u00e9parties dans 80 pays sur les cinq continents. L'Italie compte onze villes cr\u00e9atives et Mod\u00e8ne est la seule s\u00e9lectionn\u00e9e pour les arts m\u00e9diatiques. L'objectif du R\u00e9seau des villes cr\u00e9atives de l'Unesco est de promouvoir la connaissance, la coop\u00e9ration et les projets entre les villes qui ont identifi\u00e9 la culture et la cr\u00e9ativit\u00e9 comme les moteurs de leur d\u00e9veloppement. Les mots d'ordre sont collaboration, partage des connaissances et des bonnes pratiques, confrontation, planification, valorisation du patrimoine culturel immat\u00e9riel.<\/p>\n<\/div>\n<\/div>\n<\/div>\n<\/div>\n<\/div>\n<\/div>\n<\/div>\n<\/div>\n\n\n\n\n\t\t\t<\/div> \n\t\t<\/div>\n\t<\/div> \n<\/div><\/div>","protected":false},"excerpt":{"rendered":"La candidature de Mod\u00e8ne pour les arts m\u00e9diatiques, en vue de la finale \u00e0 Paris, sera pr\u00e9sent\u00e9e au R\u00e9seau des villes cr\u00e9atives, qui se tiendra du vendredi 24 au dimanche 26 septembre...","protected":false},"author":1,"featured_media":798,"comment_status":"closed","ping_status":"closed","sticky":false,"template":"","format":"standard","meta":{"wpupg_custom_link":[],"wpupg_custom_link_behaviour":[],"wpupg_custom_link_nofollow":[],"wpupg_custom_image":[],"wpupg_custom_image_id":[],"footnotes":""},"categories":[475],"tags":[],"class_list":["post-795","post","type-post","status-publish","format-standard","has-post-thumbnail","category-news"],"_links":{"self":[{"href":"https:\/\/modenafuturacreativa.it\/fr\/wp-json\/wp\/v2\/posts\/795","targetHints":{"allow":["GET"]}}],"collection":[{"href":"https:\/\/modenafuturacreativa.it\/fr\/wp-json\/wp\/v2\/posts"}],"about":[{"href":"https:\/\/modenafuturacreativa.it\/fr\/wp-json\/wp\/v2\/types\/post"}],"author":[{"embeddable":true,"href":"https:\/\/modenafuturacreativa.it\/fr\/wp-json\/wp\/v2\/users\/1"}],"replies":[{"embeddable":true,"href":"https:\/\/modenafuturacreativa.it\/fr\/wp-json\/wp\/v2\/comments?post=795"}],"version-history":[{"count":1,"href":"https:\/\/modenafuturacreativa.it\/fr\/wp-json\/wp\/v2\/posts\/795\/revisions"}],"predecessor-version":[{"id":797,"href":"https:\/\/modenafuturacreativa.it\/fr\/wp-json\/wp\/v2\/posts\/795\/revisions\/797"}],"wp:featuredmedia":[{"embeddable":true,"href":"https:\/\/modenafuturacreativa.it\/fr\/wp-json\/wp\/v2\/media\/798"}],"wp:attachment":[{"href":"https:\/\/modenafuturacreativa.it\/fr\/wp-json\/wp\/v2\/media?parent=795"}],"wp:term":[{"taxonomy":"category","embeddable":true,"href":"https:\/\/modenafuturacreativa.it\/fr\/wp-json\/wp\/v2\/categories?post=795"},{"taxonomy":"post_tag","embeddable":true,"href":"https:\/\/modenafuturacreativa.it\/fr\/wp-json\/wp\/v2\/tags?post=795"}],"curies":[{"name":"wp","href":"https:\/\/api.w.org\/{rel}","templated":true}]}}