{"id":6815,"date":"2026-04-07T15:53:36","date_gmt":"2026-04-07T13:53:36","guid":{"rendered":"https:\/\/modenafuturacreativa.it\/?p=6815"},"modified":"2026-04-07T15:53:36","modified_gmt":"2026-04-07T13:53:36","slug":"archeologia-e-digitale-sincontrano","status":"publish","type":"post","link":"https:\/\/modenafuturacreativa.it\/fr\/archeologia-e-digitale-sincontrano\/","title":{"rendered":"Le parc Terramara rouvre au public, l'arch\u00e9ologie et le num\u00e9rique se rencontrent"},"content":{"rendered":"<div id=\"fws_6a9b7c738de04\"  data-column-margin=\"default\" data-midnight=\"dark\"  class=\"wpb_row vc_row-fluid vc_row\"  style=\"padding-top: 0px; padding-bottom: 0px; \"><div class=\"row-bg-wrap\" data-bg-animation=\"none\" data-bg-animation-delay=\"\" data-bg-overlay=\"false\"><div class=\"inner-wrap row-bg-layer\" ><div class=\"row-bg viewport-desktop\"  style=\"\"><\/div><\/div><\/div><div class=\"row_col_wrap_12 col span_12 dark left\">\n\t<div  class=\"vc_col-sm-12 wpb_column column_container vc_column_container col no-extra-padding inherit_tablet inherit_phone\"  data-padding-pos=\"all\" data-has-bg-color=\"false\" data-bg-color=\"\" data-bg-opacity=\"1\" data-animation=\"\" data-delay=\"0\" >\n\t\t<div class=\"vc_column-inner\" >\n\t\t\t<div class=\"wpb_wrapper\">\n\t\t\t\t\n<div class=\"wpb_text_column wpb_content_element\" >\n\t<p><strong>De nouvelles installations multim\u00e9dias ouvrent la saison : technologie immersive et inclusion pour raconter l'histoire de la vie il y a 3 500 ans.<\/strong><\/p>\n<p>Le parc arch\u00e9ologique de Terramara \u00e0 Montale rouvre ses portes le samedi 4 avril, inaugurant une nouvelle saison plac\u00e9e sous le signe de l'innovation : de nouvelles installations multim\u00e9dias accompagnent les visiteurs dans une exp\u00e9rience encore plus immersive, inclusive et captivante. La r\u00e9ouverture, pr\u00e9vue pendant les vacances de P\u00e2ques - samedi 4, dimanche 5 et lundi 6 avril - marque le d\u00e9but d'un programme qui se poursuit jusqu'au dimanche 7 juin, les jours f\u00e9ri\u00e9s et lors d'ouvertures extraordinaires, notamment le samedi 23 mai, \u00e0 l'occasion de la Nuit europ\u00e9enne des mus\u00e9es.<\/p>\n<p>Plus de vingt ans apr\u00e8s son inauguration, le Parc continue d'attirer des milliers de visiteurs - plus de 300 000 \u00e0 ce jour - gr\u00e2ce \u00e0 une proposition capable d'allier vulgarisation scientifique et implication directe, de relier le pass\u00e9 et le pr\u00e9sent et de confirmer son r\u00f4le \u00e9ducatif, notamment \u00e0 destination des \u00e9coles, gr\u00e2ce au travail d'un personnel hautement qualifi\u00e9.<\/p>\n<p>Inaugur\u00e9 en avril 2004 en tant que section \"en plein air\" du Museo Civico di Modena, le parc est consacr\u00e9 aux terramare, des \u00e9tablissements de l'\u00e2ge du bronze qui se sont d\u00e9velopp\u00e9s entre 1650 et 1150 avant J.-C. dans la vall\u00e9e du P\u00f4 et qui constituent un \u00e9l\u00e9ment d'identification de ce territoire. Gr\u00e2ce \u00e0 la reconstitution grandeur nature d'une partie du village, bas\u00e9e sur les donn\u00e9es des fouilles arch\u00e9ologiques, avec des fortifications, des installations de production, des habitations, l'exp\u00e9rience de la visite du parc se transforme en une immersion profonde dans le monde d'il y a 3 500 ans.<\/p>\n<p>Un nouveau chapitre s'ouvre aujourd'hui avec le projet \" Open Air &amp; Open Use \". Promu par la municipalit\u00e9 de Mod\u00e8ne et financ\u00e9 \u00e0 hauteur de 315 000 euros par le PNRR, le Plan national de relance et de r\u00e9silience, et compl\u00e9t\u00e9 par des fonds europ\u00e9ens de la r\u00e9gion \u00c9milie-Romagne PORFESR 2021-2027 (Programme op\u00e9rationnel r\u00e9gional du Fonds europ\u00e9en de d\u00e9veloppement r\u00e9gional), le projet rel\u00e8ve le d\u00e9fi d'int\u00e9grer la forte mat\u00e9rialit\u00e9 du site \u00e0 la dimension num\u00e9rique.<\/p>\n<p>Les installations vid\u00e9o et audio, les reconstitutions virtuelles, les projections holographiques et les environnements immersifs rendent la compr\u00e9hension des processus et des contextes arch\u00e9ologiques plus imm\u00e9diate, \u00e9largissant l'accessibilit\u00e9 et promouvant des modes de jouissance plus inclusifs et engageants. Ils sont compl\u00e9t\u00e9s par des outils con\u00e7us pour tous les publics, tels que des descriptions audio, des cartes tactiles, des contenus en langue des signes et des textes \u00e9crits.<\/p>\n<p>Le nouveau projet du Parc et le programme de l'inauguration des installations multim\u00e9dias ont \u00e9t\u00e9 pr\u00e9sent\u00e9s ce matin, 2 avril, \u00e0 Terramara, lors d'une conf\u00e9rence de presse \u00e0 laquelle ont particip\u00e9 Andrea Bortolamasi, conseiller pour la culture de la municipalit\u00e9 de Mod\u00e8ne, Daniela Sirotti Mattioli, adjointe au maire de Castelnuovo ; Eugenia Valacchi, surintendante de l'arch\u00e9ologie, des beaux-arts et du paysage pour les provinces de Mod\u00e8ne, Reggio Emilia et Ferrare ; Andrea Cardarelli, pr\u00e9sident de l'Institut italien pour la pr\u00e9histoire et la protohistoire et fondateur du parc ; Valentina Galloni, directrice et Cristiana Zanasi, conservatrice de la section arch\u00e9ologie du mus\u00e9e municipal de Mod\u00e8ne et du parc de Terramara.<\/p>\n<p>\"Le Parc Montale est une mine d'informations d\u00e9j\u00e0 pr\u00e9sentes dans les appareils didactiques et racont\u00e9es par les op\u00e9rateurs qui guident les visites. L'important projet de r\u00e9novation qui introduit de nouvelles installations multim\u00e9dias dans la zone de fouilles et dans le parcours d\u00e9di\u00e9 \u00e0 la n\u00e9cropole, marquant un tournant dans la fructification du site, s'inscrit dans cette relation entre culture et langages num\u00e9riques qui a conduit Mod\u00e8ne \u00e0 devenir une ville cr\u00e9ative de l'Unesco \u00e0 partir de 2021, dans le but de stimuler la curiosit\u00e9 et la r\u00e9flexion \u00e0 travers une approche multisensorielle qui g\u00e9n\u00e8re un lien plus direct entre le visiteur et les \u00e9v\u00e9nements d'il y a 3500 ans\".<\/p>\n<p>Le parc a \u00e9t\u00e9 cr\u00e9\u00e9 dans une zone adjacente au site de la colonie de l'\u00e2ge du bronze gr\u00e2ce aux ressources europ\u00e9ennes et aux efforts conjoints des municipalit\u00e9s de Mod\u00e8ne et de Castelnuovo Rangone.<\/p>\n<p>\"Depuis vingt ans\", commente l'adjoint au maire Sirotti Mattioli, \u00e9galement conseiller au tourisme de Castelnuovo, \"c'est un honneur pour nous d'accueillir ce parc sur le territoire communal, fruit d'une grande collaboration avec le mus\u00e9e civique et la municipalit\u00e9 de Mod\u00e8ne. Les milliers de visites au cours de ces ann\u00e9es d'activit\u00e9 sont, plus que tout autre mot, le t\u00e9moignage que ce lieu est un v\u00e9ritable patrimoine collectif inestimable, non seulement au niveau provincial, mais aussi au niveau italien et europ\u00e9en\".<\/p>\n<p>La r\u00e9alisation du projet porte la signature de la soci\u00e9t\u00e9 Santimone - Delumen srl, sp\u00e9cialis\u00e9e dans les installations multim\u00e9dias pour le patrimoine culturel, qui a travaill\u00e9 en \u00e9troite collaboration avec la direction scientifique du parc. Les animations sont bas\u00e9es sur des illustrations de Riccardo Merlo, redessin\u00e9es sous forme dynamique avec des technologies num\u00e9riques avanc\u00e9es, y compris l'intelligence artificielle.<\/p>\n<p>Avec ce projet, le Parc renforce son r\u00f4le de r\u00e9f\u00e9rence nationale en mati\u00e8re d'arch\u00e9ologie publique et exp\u00e9rimentale et se projette dans une nouvelle phase de valorisation.<\/p>\n<\/div>\n\n\n\n\n\t<div class=\"wpb_gallery wpb_content_element clearfix\">\n\t\t<div class=\"wpb_wrapper\"><div class=\"wpb_gallery_slidesflickity_style\" data-onclick=\"link_image\" data-interval=\"5\"><div class=\"nectar-flickity not-initialized\" role=\"region\" aria-roledescription=\"carousel\" aria-label=\"Galerie d&#039;images\"  data-touch-icon-color=\"default\" data-stagger=\"\" data-drag-scale=\"\" data-overflow=\"hidden\" data-wrap=\"wrap\" data-spacing=\"default\" data-shadow=\"large_depth\" data-autoplay=\"true\" data-autoplay-dur=\"\" data-free-scroll=\"\" data-controls=\"material_pagination\" data-desktop-columns=\"1\" data-small-desktop-columns=\"1\" data-tablet-columns=\"1\" data-phone-columns=\"1\"><div class=\"flickity-viewport\"> <div class=\"flickity-slider\"><div class=\"cell\" data-lazy=\"false\"><img decoding=\"async\" class=\"skip-lazy nectar-lazy\" src=\"https:\/\/modenafuturacreativa.it\/wp-content\/uploads\/2026\/04\/parco-montale-visita-immersiva-6-600x450.jpeg\" width=\"600\" height=\"450\" alt=\"parco-montale-visita-immersiva (6)\" title=\"parc-montagne-visite (6)\" loading=\"lazy\" \/><a class=\"entire-slide-link\" aria-label=\"parc-montagne-visite (6)\"  href=\"https:\/\/modenafuturacreativa.it\/wp-content\/uploads\/2026\/04\/parco-montale-visita-immersiva-6.jpeg\"><\/a><\/div><div class=\"cell\" data-lazy=\"false\"><img decoding=\"async\" class=\"skip-lazy nectar-lazy\" src=\"https:\/\/modenafuturacreativa.it\/wp-content\/uploads\/2026\/04\/parco-montale-visita-immersiva-1-600x450.jpeg\" width=\"600\" height=\"450\" alt=\"parco-montale-visita-immersiva (1)\" title=\"parc-montagne-visite-immersion (1)\" loading=\"lazy\" \/><a class=\"entire-slide-link\" aria-label=\"parc-montagne-visite-immersion (1)\"  href=\"https:\/\/modenafuturacreativa.it\/wp-content\/uploads\/2026\/04\/parco-montale-visita-immersiva-1.jpeg\"><\/a><\/div><div class=\"cell\" data-lazy=\"false\"><img decoding=\"async\" class=\"skip-lazy nectar-lazy\" src=\"https:\/\/modenafuturacreativa.it\/wp-content\/uploads\/2026\/04\/parco-montale-visita-immersiva-2-600x450.jpeg\" width=\"600\" height=\"450\" alt=\"parco-montale-visita-immersiva (2)\" title=\"parc-montagne-visite-immersion (2)\" loading=\"lazy\" \/><a class=\"entire-slide-link\" aria-label=\"parc-montagne-visite-immersion (2)\"  href=\"https:\/\/modenafuturacreativa.it\/wp-content\/uploads\/2026\/04\/parco-montale-visita-immersiva-2.jpeg\"><\/a><\/div><div class=\"cell\" data-lazy=\"false\"><img decoding=\"async\" class=\"skip-lazy nectar-lazy\" src=\"https:\/\/modenafuturacreativa.it\/wp-content\/uploads\/2026\/04\/parco-montale-visita-immersiva-3-600x450.jpeg\" width=\"600\" height=\"450\" alt=\"parco-montale-visita-immersiva (3)\" title=\"parc-montagne-visite (3)\" loading=\"lazy\" \/><a class=\"entire-slide-link\" aria-label=\"parc-montagne-visite (3)\"  href=\"https:\/\/modenafuturacreativa.it\/wp-content\/uploads\/2026\/04\/parco-montale-visita-immersiva-3.jpeg\"><\/a><\/div><div class=\"cell\" data-lazy=\"false\"><img decoding=\"async\" class=\"skip-lazy nectar-lazy\" src=\"https:\/\/modenafuturacreativa.it\/wp-content\/uploads\/2026\/04\/parco-montale-visita-immersiva-4-600x450.jpeg\" width=\"600\" height=\"450\" alt=\"parco-montale-visita-immersiva (4)\" title=\"parc-montagne-visite (4)\" loading=\"lazy\" \/><a class=\"entire-slide-link\" aria-label=\"parc-montagne-visite (4)\"  href=\"https:\/\/modenafuturacreativa.it\/wp-content\/uploads\/2026\/04\/parco-montale-visita-immersiva-4.jpeg\"><\/a><\/div><div class=\"cell\" data-lazy=\"false\"><img decoding=\"async\" class=\"skip-lazy nectar-lazy\" src=\"https:\/\/modenafuturacreativa.it\/wp-content\/uploads\/2026\/04\/parco-montale-visita-immersiva-7-600x450.jpeg\" width=\"600\" height=\"450\" alt=\"parco-montale-visita-immersiva (7)\" title=\"parc-montagne-visite (7)\" loading=\"lazy\" \/><a class=\"entire-slide-link\" aria-label=\"parc-montagne-visite (7)\"  href=\"https:\/\/modenafuturacreativa.it\/wp-content\/uploads\/2026\/04\/parco-montale-visita-immersiva-7.jpeg\"><\/a><\/div><div class=\"cell\" data-lazy=\"false\"><img decoding=\"async\" class=\"skip-lazy nectar-lazy\" src=\"https:\/\/modenafuturacreativa.it\/wp-content\/uploads\/2026\/04\/parco-montale-visita-immersiva-9-600x450.jpeg\" width=\"600\" height=\"450\" alt=\"parco-montale-visita-immersiva (9)\" title=\"parc-montagne-visite (9)\" loading=\"lazy\" \/><a class=\"entire-slide-link\" aria-label=\"parc-montagne-visite (9)\"  href=\"https:\/\/modenafuturacreativa.it\/wp-content\/uploads\/2026\/04\/parco-montale-visita-immersiva-9.jpeg\"><\/a><\/div><div class=\"cell\" data-lazy=\"false\"><img decoding=\"async\" class=\"skip-lazy nectar-lazy\" src=\"https:\/\/modenafuturacreativa.it\/wp-content\/uploads\/2026\/04\/parco-montale-visita-immersiva-10-600x450.jpeg\" width=\"600\" height=\"450\" alt=\"parco-montale-visita-immersiva (10)\" title=\"parc-montagne-visite (10)\" loading=\"lazy\" \/><a class=\"entire-slide-link\" aria-label=\"parc-montagne-visite (10)\"  href=\"https:\/\/modenafuturacreativa.it\/wp-content\/uploads\/2026\/04\/parco-montale-visita-immersiva-10.jpeg\"><\/a><\/div><div class=\"cell\" data-lazy=\"false\"><img decoding=\"async\" class=\"skip-lazy nectar-lazy\" src=\"https:\/\/modenafuturacreativa.it\/wp-content\/uploads\/2026\/04\/parco-montale-visita-immersiva-5-600x450.jpeg\" width=\"600\" height=\"450\" alt=\"parco-montale-visita-immersiva (5)\" title=\"parc-montagne-visite (5)\" loading=\"lazy\" \/><a class=\"entire-slide-link\" aria-label=\"parc-montagne-visite (5)\"  href=\"https:\/\/modenafuturacreativa.it\/wp-content\/uploads\/2026\/04\/parco-montale-visita-immersiva-5.jpeg\"><\/a><\/div><\/div><\/div><\/div><\/div>\n\t\t<\/div> \n\t<\/div> \n\t\t\t<\/div> \n\t\t<\/div>\n\t<\/div> \n<\/div><\/div>","protected":false},"excerpt":{"rendered":"Nuove installazioni multimediali inaugurano la stagione: tecnologie immersive e inclusione per raccontare la vita di 3.500 anni fa Il Parco archeologico della Terramara di Montale riapre sabato 4 aprile inaugurando...","protected":false},"author":1,"featured_media":6853,"comment_status":"closed","ping_status":"closed","sticky":false,"template":"","format":"standard","meta":{"wpupg_custom_link":[],"wpupg_custom_link_behaviour":["default"],"wpupg_custom_link_nofollow":["default"],"wpupg_custom_image":[],"wpupg_custom_image_id":[],"footnotes":""},"categories":[475],"tags":[],"class_list":["post-6815","post","type-post","status-publish","format-standard","has-post-thumbnail","category-news"],"_links":{"self":[{"href":"https:\/\/modenafuturacreativa.it\/fr\/wp-json\/wp\/v2\/posts\/6815","targetHints":{"allow":["GET"]}}],"collection":[{"href":"https:\/\/modenafuturacreativa.it\/fr\/wp-json\/wp\/v2\/posts"}],"about":[{"href":"https:\/\/modenafuturacreativa.it\/fr\/wp-json\/wp\/v2\/types\/post"}],"author":[{"embeddable":true,"href":"https:\/\/modenafuturacreativa.it\/fr\/wp-json\/wp\/v2\/users\/1"}],"replies":[{"embeddable":true,"href":"https:\/\/modenafuturacreativa.it\/fr\/wp-json\/wp\/v2\/comments?post=6815"}],"version-history":[{"count":1,"href":"https:\/\/modenafuturacreativa.it\/fr\/wp-json\/wp\/v2\/posts\/6815\/revisions"}],"predecessor-version":[{"id":6854,"href":"https:\/\/modenafuturacreativa.it\/fr\/wp-json\/wp\/v2\/posts\/6815\/revisions\/6854"}],"wp:featuredmedia":[{"embeddable":true,"href":"https:\/\/modenafuturacreativa.it\/fr\/wp-json\/wp\/v2\/media\/6853"}],"wp:attachment":[{"href":"https:\/\/modenafuturacreativa.it\/fr\/wp-json\/wp\/v2\/media?parent=6815"}],"wp:term":[{"taxonomy":"category","embeddable":true,"href":"https:\/\/modenafuturacreativa.it\/fr\/wp-json\/wp\/v2\/categories?post=6815"},{"taxonomy":"post_tag","embeddable":true,"href":"https:\/\/modenafuturacreativa.it\/fr\/wp-json\/wp\/v2\/tags?post=6815"}],"curies":[{"name":"wp","href":"https:\/\/api.w.org\/{rel}","templated":true}]}}