{"id":6687,"date":"2026-02-18T11:40:12","date_gmt":"2026-02-18T10:40:12","guid":{"rendered":"https:\/\/modenafuturacreativa.it\/?p=6687"},"modified":"2026-02-18T11:40:12","modified_gmt":"2026-02-18T10:40:12","slug":"al-laboratorio-aperto-startup-digitali-e-imprese-a-confronto","status":"publish","type":"post","link":"https:\/\/modenafuturacreativa.it\/fr\/al-laboratorio-aperto-startup-digitali-e-imprese-a-confronto\/","title":{"rendered":"Au laboratoire ouvert, des start-ups et des entreprises num\u00e9riques en discussion"},"content":{"rendered":"<div id=\"fws_6a9b7c73da9c0\"  data-column-margin=\"default\" data-midnight=\"dark\"  class=\"wpb_row vc_row-fluid vc_row\"  style=\"padding-top: 0px; padding-bottom: 0px; \"><div class=\"row-bg-wrap\" data-bg-animation=\"none\" data-bg-animation-delay=\"\" data-bg-overlay=\"false\"><div class=\"inner-wrap row-bg-layer\" ><div class=\"row-bg viewport-desktop\"  style=\"\"><\/div><\/div><\/div><div class=\"row_col_wrap_12 col span_12 dark left\">\n\t<div  class=\"vc_col-sm-12 wpb_column column_container vc_column_container col no-extra-padding inherit_tablet inherit_phone\"  data-padding-pos=\"all\" data-has-bg-color=\"false\" data-bg-color=\"\" data-bg-opacity=\"1\" data-animation=\"\" data-delay=\"0\" >\n\t\t<div class=\"vc_column-inner\" >\n\t\t\t<div class=\"wpb_wrapper\">\n\t\t\t\t\n<div class=\"wpb_text_column wpb_content_element\" >\n\t<p><strong>Le samedi 28 f\u00e9vrier, une journ\u00e9e consacr\u00e9e aux r\u00e9alit\u00e9s locales entre innovation et collaboration. Inscription ouverte aux d\u00e9veloppeurs ind\u00e9pendants, aux \u00e9quipes et aux entreprises<\/strong><\/p>\n<p>Les micro-startups num\u00e9riques et les petites et moyennes entreprises se confrontent dans une journ\u00e9e d\u00e9di\u00e9e \u00e0 l'innovation et \u00e0 la collaboration. Le samedi 28 f\u00e9vrier, le Laboratorio Aperto de Mod\u00e8ne promeut l'\"Indie SaaS Day Modena 2026\", un \u00e9v\u00e9nement con\u00e7u pour rassembler les groupes d'entrepreneurs et les entreprises de la r\u00e9gion, en favorisant la croissance, le d\u00e9veloppement de solutions technologiques \u00e0 fort potentiel et de nouvelles opportunit\u00e9s de mise en r\u00e9seau qualifi\u00e9e.<\/p>\n<p>La journ\u00e9e se d\u00e9roulera au Laboratorio Aperto de Mod\u00e8ne, Viale Buon Pastore 43, et proposera des formations intensives et des mises en relation avec des entreprises. L'\u00e9v\u00e9nement est ouvert aux d\u00e9veloppeurs ind\u00e9pendants et aux \u00e9quipes - qu'ils aient d\u00e9j\u00e0 d\u00e9velopp\u00e9 un logiciel ou qu'ils en soient \u00e0 la phase d'id\u00e9ation - ainsi qu'aux entreprises d\u00e9sireuses d'en savoir plus sur les projets num\u00e9riques innovants. Les inscriptions sont ouvertes en ligne sur la plateforme Eventbrite.<\/p>\n<p>La matin\u00e9e, de 9 heures \u00e0 13 heures, est consacr\u00e9e \u00e0 la formation des fondateurs et des d\u00e9veloppeurs de micro-startups SaaS autofinanc\u00e9es (bootstrapped). Trois discours proposent des outils concrets pour am\u00e9liorer le positionnement des projets et les pr\u00e9parer au march\u00e9. Davide Muzzarelli, expert en d\u00e9veloppement web et marketing num\u00e9rique, approfondira l'approche \"indie\" et les meilleures pratiques pour les micro-startups autofinanc\u00e9es ; Riccardo Carlesso, Developer Advocate de Google Cloud, illustrera la m\u00e9thode Google pour le d\u00e9marrage et la croissance d'une startup et le r\u00f4le de la culture d'entreprise dans le d\u00e9veloppement de l'\u00e9quipe.<\/p>\n<p>L'apr\u00e8s-midi, apr\u00e8s une pause d\u00e9jeuner et une heure de travail autonome pour affiner les pr\u00e9sentations, les participants pr\u00e9senteront leurs pitchs devant le public et les entreprises pr\u00e9sentes. Il s'agit d'un moment de confrontation directe qui n'a pas de but de recrutement ou d'investissement, mais qui vise \u00e0 stimuler les collaborations, les exp\u00e9rimentations et les \u00e9ventuels premiers clients.<\/p>\n<p>Les projets concern\u00e9s couvrent diff\u00e9rents domaines de la transformation num\u00e9rique : de la simplification des processus d'entreprise \u00e0 la valorisation des donn\u00e9es, de la num\u00e9risation des services \u00e0 la cr\u00e9ation de nouveaux outils pour les professionnels et les organisations. L'initiative fait partie des activit\u00e9s du projet Atuss, l'agenda de transformation urbaine pour le d\u00e9veloppement durable de la municipalit\u00e9 de Mod\u00e8ne, dont l'un des objectifs g\u00e9n\u00e9raux est de soutenir la transition num\u00e9rique, afin de contribuer \u00e0 la cr\u00e9ation de communaut\u00e9s num\u00e9riques au niveau local, en augmentant les comp\u00e9tences des citoyens et des entreprises et en encourageant leur d\u00e9veloppement et leur expansion.<\/p>\n<p>De plus amples informations sont disponibles \u00e0 l'adresse suivante <a href=\"http:\/\/indiesaashub.com\" target=\"_blank\" rel=\"noopener\">indiesaashub.com<\/a> e <a href=\"http:\/\/laboratorioapertomodena.it\" target=\"_blank\" rel=\"noopener\">laboratorioapertomodena.it<\/a>.<\/p>\n<\/div>\n\n\n\n\n\t<div class=\"wpb_gallery wpb_content_element clearfix\">\n\t\t<div class=\"wpb_wrapper\"><div class=\"wpb_gallery_slidesflickity_style\" data-onclick=\"link_image\" data-interval=\"5\"><div class=\"nectar-flickity not-initialized\" role=\"region\" aria-roledescription=\"carousel\" aria-label=\"Galerie d&#039;images\"  data-touch-icon-color=\"default\" data-stagger=\"\" data-drag-scale=\"\" data-overflow=\"hidden\" data-wrap=\"wrap\" data-spacing=\"default\" data-shadow=\"large_depth\" data-autoplay=\"true\" data-autoplay-dur=\"\" data-free-scroll=\"\" data-controls=\"material_pagination\" data-desktop-columns=\"1\" data-small-desktop-columns=\"1\" data-tablet-columns=\"1\" data-phone-columns=\"1\"><div class=\"flickity-viewport\"> <div class=\"flickity-slider\"><div class=\"cell\" data-lazy=\"false\"><img decoding=\"async\" class=\"skip-lazy nectar-lazy\" src=\"https:\/\/modenafuturacreativa.it\/wp-content\/uploads\/2026\/02\/indie-saas-day-modena-600x450.jpg\" width=\"600\" height=\"450\" alt=\"indie-saas-day-modena\" title=\"indie-saas-day-modena\" loading=\"lazy\" \/><a class=\"entire-slide-link\" aria-label=\"indie-saas-day-modena\"  href=\"https:\/\/modenafuturacreativa.it\/wp-content\/uploads\/2026\/02\/indie-saas-day-modena.jpg\"><\/a><\/div><\/div><\/div><\/div><\/div>\n\t\t<\/div> \n\t<\/div> \n\t\t\t<\/div> \n\t\t<\/div>\n\t<\/div> \n<\/div><\/div>","protected":false},"excerpt":{"rendered":"Sabato 28 febbraio una giornata dedicata alle realt\u00e0 del territorio tra innovazione e collaborazione. Iscrizioni aperte per sviluppatori indipendenti, team e aziende Micro-startup digitali e piccole e medie imprese a...","protected":false},"author":1,"featured_media":6757,"comment_status":"closed","ping_status":"closed","sticky":false,"template":"","format":"standard","meta":{"wpupg_custom_link":[],"wpupg_custom_link_behaviour":["default"],"wpupg_custom_link_nofollow":["default"],"wpupg_custom_image":[],"wpupg_custom_image_id":[],"footnotes":""},"categories":[475],"tags":[],"class_list":["post-6687","post","type-post","status-publish","format-standard","has-post-thumbnail","category-news"],"_links":{"self":[{"href":"https:\/\/modenafuturacreativa.it\/fr\/wp-json\/wp\/v2\/posts\/6687","targetHints":{"allow":["GET"]}}],"collection":[{"href":"https:\/\/modenafuturacreativa.it\/fr\/wp-json\/wp\/v2\/posts"}],"about":[{"href":"https:\/\/modenafuturacreativa.it\/fr\/wp-json\/wp\/v2\/types\/post"}],"author":[{"embeddable":true,"href":"https:\/\/modenafuturacreativa.it\/fr\/wp-json\/wp\/v2\/users\/1"}],"replies":[{"embeddable":true,"href":"https:\/\/modenafuturacreativa.it\/fr\/wp-json\/wp\/v2\/comments?post=6687"}],"version-history":[{"count":1,"href":"https:\/\/modenafuturacreativa.it\/fr\/wp-json\/wp\/v2\/posts\/6687\/revisions"}],"predecessor-version":[{"id":6758,"href":"https:\/\/modenafuturacreativa.it\/fr\/wp-json\/wp\/v2\/posts\/6687\/revisions\/6758"}],"wp:featuredmedia":[{"embeddable":true,"href":"https:\/\/modenafuturacreativa.it\/fr\/wp-json\/wp\/v2\/media\/6757"}],"wp:attachment":[{"href":"https:\/\/modenafuturacreativa.it\/fr\/wp-json\/wp\/v2\/media?parent=6687"}],"wp:term":[{"taxonomy":"category","embeddable":true,"href":"https:\/\/modenafuturacreativa.it\/fr\/wp-json\/wp\/v2\/categories?post=6687"},{"taxonomy":"post_tag","embeddable":true,"href":"https:\/\/modenafuturacreativa.it\/fr\/wp-json\/wp\/v2\/tags?post=6687"}],"curies":[{"name":"wp","href":"https:\/\/api.w.org\/{rel}","templated":true}]}}