{"id":6616,"date":"2026-02-18T11:35:26","date_gmt":"2026-02-18T10:35:26","guid":{"rendered":"https:\/\/modenafuturacreativa.it\/?p=6616"},"modified":"2026-02-18T11:35:26","modified_gmt":"2026-02-18T10:35:26","slug":"alberi-festival-lab","status":"publish","type":"post","link":"https:\/\/modenafuturacreativa.it\/fr\/alberi-festival-lab\/","title":{"rendered":"Festival Alberi Lab, du 17 au 19 avril Mod\u00e8ne est \u00e0 nouveau la ville des arbres"},"content":{"rendered":"<div id=\"fws_6a9b7c7443322\"  data-column-margin=\"default\" data-midnight=\"dark\"  class=\"wpb_row vc_row-fluid vc_row\"  style=\"padding-top: 0px; padding-bottom: 0px; \"><div class=\"row-bg-wrap\" data-bg-animation=\"none\" data-bg-animation-delay=\"\" data-bg-overlay=\"false\"><div class=\"inner-wrap row-bg-layer\" ><div class=\"row-bg viewport-desktop\"  style=\"\"><\/div><\/div><\/div><div class=\"row_col_wrap_12 col span_12 dark left\">\n\t<div  class=\"vc_col-sm-12 wpb_column column_container vc_column_container col no-extra-padding inherit_tablet inherit_phone\"  data-padding-pos=\"all\" data-has-bg-color=\"false\" data-bg-color=\"\" data-bg-opacity=\"1\" data-animation=\"\" data-delay=\"0\" >\n\t\t<div class=\"vc_column-inner\" >\n\t\t\t<div class=\"wpb_wrapper\">\n\t\t\t\t\n<div class=\"wpb_text_column wpb_content_element\" >\n\t<p><strong>Pendant trois jours, le village d'artisans devient un chantier ouvert avec des d\u00e9bats, des ateliers, des expositions et des installations.<\/strong><\/p>\n<p>Du vendredi 17 au dimanche 19 avril, apr\u00e8s une premi\u00e8re \u00e9dition r\u00e9ussie l'ann\u00e9e derni\u00e8re, l'Alberi Festival revient \u00e0 Mod\u00e8ne, transformant \u00e0 nouveau le Villaggio Artigiano Modena Ovest (village d'artisans de Mod\u00e8ne Ouest) en un grand chantier ouvert : un espace de recherche et d'exp\u00e9rimentation qui anticipe l'\u00e9dition 2027 de l'Alberi Festival et soul\u00e8ve une question simple et radicale : que se passe-t-il si nous commen\u00e7ons \u00e0 concevoir la ville \u00e0 partir d'arbres ?<\/p>\n<p>Le festival est n\u00e9 d'une forte intuition, cultiv\u00e9e par le d\u00e9partement de la culture de la municipalit\u00e9 de Mod\u00e8ne et la Fondazione Archivio Leonardi : les arbres ne sont pas des meubles, ils ne sont pas des marges, ils ne sont pas des compl\u00e9ments esth\u00e9tiques. Ils sont un mod\u00e8le et un outil pour repenser l'espace urbain. L'inspiration prend sa source dans les c\u00e9l\u00e8bres dessins de Cesare Leonardi et Franca Stagi, conserv\u00e9s dans la maison-atelier situ\u00e9e \u00e0 l'angle de la Viale Emilio Po et de la Via Nicol\u00f2 Biondo, r\u00e9sultat d'une recherche pionni\u00e8re qui a abouti au volume \"L'Architettura degli Alberi\" de 1982, qui reste une r\u00e9f\u00e9rence internationale en mati\u00e8re de design vert. Dans cet ouvrage, un renversement de perspective est op\u00e9r\u00e9 : les arbres ne sont pas plac\u00e9s \u00e0 l'int\u00e9rieur de la ville, mais la ville est imagin\u00e9e \u00e0 partir des arbres.<\/p>\n<p>Le programme de l'Alberi Festival Lab a \u00e9t\u00e9 pr\u00e9sent\u00e9 ce matin dans la maison-atelier Leonardi par les conseillers pour la culture et l'urbanisme et les parcs de la municipalit\u00e9 de Mod\u00e8ne, Andrea Bortolamasi et Carla Ferrari, par Andrea Cavani pour la Leonardi Archive Foundation, repr\u00e9sentant les commissaires du festival, et par Beppe Cottafavi, directeur \u00e9ditorial de Il Dondolo et cr\u00e9ateur de l'atelier litt\u00e9raire \"\u00c9crire la nature\".<\/p>\n<p>L'\u00e9pine dorsale du programme est constitu\u00e9e par les quatre panels de discussion qui marqueront les journ\u00e9es des 18 et 19 avril, et qui impliqueront des universitaires, des concepteurs, des artistes, des administrateurs, des parties prenantes et des citoyens dans une discussion ouverte. \"Savoir voir les arbres\" se concentre sur la connaissance en tant que condition d'une coexistence fertile entre l'homme et la nature. Des phytopathologistes, des agronomes, des arboriculteurs et des pal\u00e9obotanistes r\u00e9fl\u00e9chissent \u00e0 la mani\u00e8re dont l'observation attentive et consciente de la vie v\u00e9g\u00e9tale peut g\u00e9n\u00e9rer une nouvelle vision de l'espace urbain. Parmi les invit\u00e9s figurent Giovanni Morelli, Francesco Ferrini et Giovanna Bosi. \"La m\u00e9tamorphose des arbres\" explore le th\u00e8me du processus, du changement continu qui caract\u00e9rise la vie v\u00e9g\u00e9tale et devient une source d'inspiration pour les pratiques artistiques et l'exp\u00e9rimentation visuelle, dans un dialogue entre les disciplines cr\u00e9atives et la recherche scientifique. Les artistes participants sont Giacomo Cossio, Chiara Lecca, Luca Boffi, Francesco Bocchini et Guido Scarabottolo. \"La ville des arbres\" aborde la question de la participation, en montrant comment la construction et l'entretien de l'espace public peuvent devenir une opportunit\u00e9 pour la communaut\u00e9 et la coresponsabilit\u00e9. Sabina Lenoci, Carla Tedesco et Giulio Focardi en discutent, apportant des exp\u00e9riences concr\u00e8tes de parcs construits et g\u00e9r\u00e9s de mani\u00e8re participative. \"Progettare con gli alberi\" aborde enfin la dimension constructive, en consid\u00e9rant les arbres comme de v\u00e9ritables infrastructures vivantes, capables de g\u00e9n\u00e9rer de la qualit\u00e9 et de la durabilit\u00e9 urbaines, avec des contributions d'Annalisa Metta, Carlo Masera et Cesare Mazzocchi, entre autres.<\/p>\n<p>Un syst\u00e8me diffus d'expositions, d'installations et d'ateliers se d\u00e9veloppe parall\u00e8lement aux tables. Le pivot est l'Officina Botanica, un projet exp\u00e9rimental de r\u00e9g\u00e9n\u00e9ration verte install\u00e9 dans un ancien hangar industriel du village et directement reli\u00e9 \u00e0 la maison-atelier Leonardi. Ici, la nature et l'architecture entrent dans une relation concr\u00e8te, donnant forme \u00e0 un espace qui, parmi les plantes et les arbres, abrite des \u0153uvres d'art, des photographies, des cartes, des dessins et des documents d'archives. Les artistes impliqu\u00e9s sont Marina Caneve, Giacomo Cossio, Giulio Costa, Francesco Fantoni, Alessandro Lupi, Marino Neri, Beatrice Pucci, Guido Scarabottolo et Francesca Zoboli.<\/p>\n<p>Parmi les expositions sp\u00e9cialement produites pour le festival, citons \"They might be giants (in the city)\", consacr\u00e9e aux arbres monumentaux, l'exposition de photographies historiques des parcs de Mod\u00e8ne provenant des archives de la ville, l'installation vid\u00e9o \"A walk among the trees\" n\u00e9e d'un appel public, \"Drawing trees\" avec le travail des \u00e9coles, l'installation architecturale \"The rampant baron\" et l'installation sonore \"We, trees\".<\/p>\n<p>La participation du public fait partie int\u00e9grante du projet. Deux appels ouverts invitent les citoyens \u00e0 contribuer activement : \"Une promenade parmi les arbres\", par lequel chacun peut envoyer jusqu'au 21 mars de courtes vid\u00e9os de promenades dans des parcs et des espaces verts tourn\u00e9s \u00e0 Mod\u00e8ne ou dans d'autres villes, qui deviendront une installation immersive pendant le festival, et \"Apporte ta plante \u00e0 l'Alberi Festival\", qui implique les citoyens dans l'installation collective de l'Officina Botanica, en leur demandant d'apporter une plante en pot.<\/p>\n<p>Le festival est \u00e9galement physiquement ancr\u00e9 dans le village d'artisans par la plantation de nouveaux arbres le long des rues, consolidant l'exp\u00e9rimentation commenc\u00e9e en 2025 et v\u00e9rifiant concr\u00e8tement les contraintes et les criticit\u00e9s d'une ville qui aspire \u00e0 \u00eatre \u00e0 la fois respectueuse de l'homme et de l'arbre.<\/p>\n<p>Le samedi 18 avril, les pavillons restent ouverts jusqu'\u00e0 minuit et un d\u00eener botanique dans un lieu sp\u00e9cial prolonge l'exp\u00e9rience dans une dimension conviviale.<\/p>\n<p>La tr\u00e8s appr\u00e9ci\u00e9e librairie\/biblioth\u00e8que des arbres, cr\u00e9\u00e9e en collaboration avec les biblioth\u00e8ques municipales, l'\u00e9diteur LazyDog et Feltrinelli, revient \u00e9galement. Cette ann\u00e9e, elle disposera d'une structure en bois jaune \u00e0 ne pas manquer, o\u00f9 vous pourrez lire ou feuilleter une riche s\u00e9lection de livres sur les arbres et la nature.<\/p>\n<p>Alberi Festival Lab est r\u00e9alis\u00e9 par la ville de Mod\u00e8ne et la Fondation Leonardi, avec le soutien de la R\u00e9gion Emilie-Romagne, de la Chambre de Commerce de Mod\u00e8ne et du studio Bunker pour l'identit\u00e9 visuelle, le graphisme et le web. Les partenaires du projet sont les instituts culturels de la ville, Amigdala, l'Universit\u00e9 de Mod\u00e8ne et de Reggio Emilia, la Fondation AGO, la municipalit\u00e9 de Pavullo, la municipalit\u00e9 de Vignola et la municipalit\u00e9 de Nonantola.<\/p>\n<p>Toutes les informations sur le festival, les mises \u00e0 jour du programme, les ateliers, les invit\u00e9s et les appels \u00e0 candidatures sont disponibles sur le site web. <a href=\"https:\/\/www.alberifestival.it\/\" target=\"_blank\" rel=\"noopener\">www.alberifestival.it<\/a><\/p>\n<\/div>\n\n\n\n\n\t<div class=\"wpb_gallery wpb_content_element clearfix\">\n\t\t<div class=\"wpb_wrapper\"><div class=\"wpb_gallery_slidesflickity_style\" data-onclick=\"link_image\" data-interval=\"5\"><div class=\"nectar-flickity not-initialized\" role=\"region\" aria-roledescription=\"carousel\" aria-label=\"Galerie d&#039;images\"  data-touch-icon-color=\"default\" data-stagger=\"\" data-drag-scale=\"\" data-overflow=\"hidden\" data-wrap=\"wrap\" data-spacing=\"default\" data-shadow=\"large_depth\" data-autoplay=\"true\" data-autoplay-dur=\"\" data-free-scroll=\"\" data-controls=\"material_pagination\" data-desktop-columns=\"1\" data-small-desktop-columns=\"1\" data-tablet-columns=\"1\" data-phone-columns=\"1\"><div class=\"flickity-viewport\"> <div class=\"flickity-slider\"><div class=\"cell\" data-lazy=\"false\"><img decoding=\"async\" class=\"skip-lazy nectar-lazy\" src=\"https:\/\/modenafuturacreativa.it\/wp-content\/uploads\/2026\/02\/1-1-600x450.jpg\" width=\"600\" height=\"450\" alt=\"1\" title=\"1\" loading=\"lazy\" \/><a class=\"entire-slide-link\" aria-label=\"1\"  href=\"https:\/\/modenafuturacreativa.it\/wp-content\/uploads\/2026\/02\/1-1.jpg\"><\/a><\/div><div class=\"cell\" data-lazy=\"false\"><img decoding=\"async\" class=\"skip-lazy nectar-lazy\" src=\"https:\/\/modenafuturacreativa.it\/wp-content\/uploads\/2026\/02\/2-1-600x450.jpg\" width=\"600\" height=\"450\" alt=\"2\" title=\"2\" loading=\"lazy\" \/><a class=\"entire-slide-link\" aria-label=\"2\"  href=\"https:\/\/modenafuturacreativa.it\/wp-content\/uploads\/2026\/02\/2-1.jpg\"><\/a><\/div><div class=\"cell\" data-lazy=\"false\"><img decoding=\"async\" class=\"skip-lazy nectar-lazy\" src=\"https:\/\/modenafuturacreativa.it\/wp-content\/uploads\/2026\/02\/3-1-600x450.jpg\" width=\"600\" height=\"450\" alt=\"3\" title=\"3\" loading=\"lazy\" \/><a class=\"entire-slide-link\" aria-label=\"3\"  href=\"https:\/\/modenafuturacreativa.it\/wp-content\/uploads\/2026\/02\/3-1.jpg\"><\/a><\/div><div class=\"cell\" data-lazy=\"false\"><img decoding=\"async\" class=\"skip-lazy nectar-lazy\" src=\"https:\/\/modenafuturacreativa.it\/wp-content\/uploads\/2026\/02\/4-600x450.jpg\" width=\"600\" height=\"450\" alt=\"4\" title=\"4\" loading=\"lazy\" \/><a class=\"entire-slide-link\" aria-label=\"4\"  href=\"https:\/\/modenafuturacreativa.it\/wp-content\/uploads\/2026\/02\/4.jpg\"><\/a><\/div><\/div><\/div><\/div><\/div>\n\t\t<\/div> \n\t<\/div> \n\t\t\t<\/div> \n\t\t<\/div>\n\t<\/div> \n<\/div><\/div>","protected":false},"excerpt":{"rendered":"Per tre giornate il Villaggio Artigiano diventa un cantiere aperto tra dibattiti, laboratori, mostre e installazioni Da venerd\u00ec 17 a domenica 19 aprile, dopo la riuscita prima edizione dello scorso...","protected":false},"author":1,"featured_media":6682,"comment_status":"closed","ping_status":"closed","sticky":false,"template":"","format":"standard","meta":{"wpupg_custom_link":[],"wpupg_custom_link_behaviour":["default"],"wpupg_custom_link_nofollow":["default"],"wpupg_custom_image":[],"wpupg_custom_image_id":[],"footnotes":""},"categories":[475],"tags":[],"class_list":["post-6616","post","type-post","status-publish","format-standard","has-post-thumbnail","category-news"],"_links":{"self":[{"href":"https:\/\/modenafuturacreativa.it\/fr\/wp-json\/wp\/v2\/posts\/6616","targetHints":{"allow":["GET"]}}],"collection":[{"href":"https:\/\/modenafuturacreativa.it\/fr\/wp-json\/wp\/v2\/posts"}],"about":[{"href":"https:\/\/modenafuturacreativa.it\/fr\/wp-json\/wp\/v2\/types\/post"}],"author":[{"embeddable":true,"href":"https:\/\/modenafuturacreativa.it\/fr\/wp-json\/wp\/v2\/users\/1"}],"replies":[{"embeddable":true,"href":"https:\/\/modenafuturacreativa.it\/fr\/wp-json\/wp\/v2\/comments?post=6616"}],"version-history":[{"count":1,"href":"https:\/\/modenafuturacreativa.it\/fr\/wp-json\/wp\/v2\/posts\/6616\/revisions"}],"predecessor-version":[{"id":6686,"href":"https:\/\/modenafuturacreativa.it\/fr\/wp-json\/wp\/v2\/posts\/6616\/revisions\/6686"}],"wp:featuredmedia":[{"embeddable":true,"href":"https:\/\/modenafuturacreativa.it\/fr\/wp-json\/wp\/v2\/media\/6682"}],"wp:attachment":[{"href":"https:\/\/modenafuturacreativa.it\/fr\/wp-json\/wp\/v2\/media?parent=6616"}],"wp:term":[{"taxonomy":"category","embeddable":true,"href":"https:\/\/modenafuturacreativa.it\/fr\/wp-json\/wp\/v2\/categories?post=6616"},{"taxonomy":"post_tag","embeddable":true,"href":"https:\/\/modenafuturacreativa.it\/fr\/wp-json\/wp\/v2\/tags?post=6616"}],"curies":[{"name":"wp","href":"https:\/\/api.w.org\/{rel}","templated":true}]}}