{"id":6231,"date":"2025-12-15T12:08:58","date_gmt":"2025-12-15T11:08:58","guid":{"rendered":"https:\/\/modenafuturacreativa.it\/?p=6231"},"modified":"2025-12-15T12:08:58","modified_gmt":"2025-12-15T11:08:58","slug":"un-solo-biglietto-per-scoprire-lanima-culturale-di-modena","status":"publish","type":"post","link":"https:\/\/modenafuturacreativa.it\/fr\/un-solo-biglietto-per-scoprire-lanima-culturale-di-modena\/","title":{"rendered":"Un billet unique pour d\u00e9couvrir l'\u00e2me culturelle de Mod\u00e8ne"},"content":{"rendered":"<div id=\"fws_6a9b7bf824941\"  data-column-margin=\"default\" data-midnight=\"dark\"  class=\"wpb_row vc_row-fluid vc_row\"  style=\"padding-top: 0px; padding-bottom: 0px; \"><div class=\"row-bg-wrap\" data-bg-animation=\"none\" data-bg-animation-delay=\"\" data-bg-overlay=\"false\"><div class=\"inner-wrap row-bg-layer\" ><div class=\"row-bg viewport-desktop\"  style=\"\"><\/div><\/div><\/div><div class=\"row_col_wrap_12 col span_12 dark left\">\n\t<div  class=\"vc_col-sm-12 wpb_column column_container vc_column_container col no-extra-padding inherit_tablet inherit_phone\"  data-padding-pos=\"all\" data-has-bg-color=\"false\" data-bg-color=\"\" data-bg-opacity=\"1\" data-animation=\"\" data-delay=\"0\" >\n\t\t<div class=\"vc_column-inner\" >\n\t\t\t<div class=\"wpb_wrapper\">\n\t\t\t\t\n<div class=\"wpb_text_column wpb_content_element\" >\n\t<p><strong>Le Museo Civico, la Galleria Estense, la Gipsoteca Graziosi et Avia Pervia r\u00e9unis dans un projet qui renforce l'identit\u00e9 du Palazzo dei Musei et en simplifie l'acc\u00e8s.<\/strong><\/p>\n<p>Une mani\u00e8re innovante de raconter Mod\u00e8ne \u00e0 travers ses mus\u00e9es prend forme avec l'introduction du billet int\u00e9gr\u00e9 qui permet aux visiteurs de visiter le Mus\u00e9e Civique et la Galleria Estense ensemble. Il s'agit d'une \u00e9tape qui d\u00e9passe la simple facilitation de l'acc\u00e8s et se pr\u00e9sente comme un investissement culturel : un geste concret de collaboration entre diff\u00e9rentes institutions, la municipalit\u00e9 et l'\u00c9tat, qui choisissent de partager des langages, des visions et des responsabilit\u00e9s autour d'un patrimoine commun. Travailler c\u00f4te \u00e0 c\u00f4te, surmonter les obstacles administratifs et les fronti\u00e8res institutionnelles, c'est rendre aux citoyens et aux visiteurs un Palazzo dei Musei de plus en plus reconnaissable comme un lieu pr\u00e9cieux, vivant et stratifi\u00e9, o\u00f9 l'histoire de Mod\u00e8ne a trouv\u00e9 sa place depuis la fin du XIXe si\u00e8cle.<\/p>\n<p>Pr\u00e9sent\u00e9 ce matin par le maire Massimo Mezzetti, le conseiller pour la culture Andrea Bortolamasi, la directrice des Galeries Estense Alessandra Necci et la directrice du Mus\u00e9e Civique Valentina Galloni, le billet int\u00e9gr\u00e9 s'inscrit dans un processus plus large de red\u00e9finition de l'identit\u00e9 du Palais des Mus\u00e9es, un complexe qui abrite, outre le Mus\u00e9e Civique et les Galeries Estense, la Biblioth\u00e8que Universitaire Estense, l'Artoth\u00e8que Poletti et les Archives Historiques Municipales. Autant de r\u00e9alit\u00e9s unies par une id\u00e9e de la culture comme service, recherche, conservation et partage, aujourd'hui impliqu\u00e9es dans un projet de r\u00e9am\u00e9nagement global qui permettra d'agrandir les espaces et de renouveler les modes d'utilisation. L'introduction du billet unique constitue donc un premier pas vers un v\u00e9ritable syst\u00e8me mus\u00e9al mod\u00e9nais qui inclura \u00e9galement, \u00e0 l'avenir, le complexe Ago, l'ancien h\u00f4pital Sant'Agostino encore en cours de transformation.<\/p>\n<p>La campagne de communication qui accompagne le nouveau billet met pr\u00e9cis\u00e9ment l'accent sur ce dialogue entre les institutions : un dialogue visuel, conceptuel et narratif, reliant des patrimoines diff\u00e9rents mais compl\u00e9mentaires, sugg\u00e9rant au visiteur un voyage continu \u00e0 travers l'art, l'histoire, l'arch\u00e9ologie, l'artisanat et l'identit\u00e9 de la ville. Pour le lancement de l'initiative, un kit d\u00e9di\u00e9 aux familles a \u00e9galement \u00e9t\u00e9 con\u00e7u, une invitation concr\u00e8te \u00e0 explorer les mus\u00e9es comme des lieux \u00e0 vivre ensemble, o\u00f9 chaque collection peut enrichir la suivante dans un jeu de r\u00e9f\u00e9rences crois\u00e9es et de d\u00e9couvertes.<\/p>\n<p>Le billet int\u00e9gr\u00e9 permet d'acc\u00e9der \u00e0 la Galleria Estense, au Museo Civico avec la Gipsoteca Graziosi, et \u00e0 la salle immersive Avia Pervia, pour une p\u00e9riode de 365 jours. Le co\u00fbt est de 10 euros pour le billet complet et de 5 euros pour le billet r\u00e9duit, r\u00e9serv\u00e9 aux visiteurs \u00e2g\u00e9s de 18 \u00e0 25 ans et \u00e0 d'autres cat\u00e9gories sp\u00e9cifiques ; il reste gratuit jusqu'\u00e0 l'\u00e2ge de 18 ans. Il peut \u00eatre achet\u00e9 aux guichets de la Galleria Estense et du Mus\u00e9e Civique, ou en ligne sur la plateforme Midaticket.<\/p>\n<p>La Galleria Estense, cr\u00e9\u00e9e en 1854 par Fran\u00e7ois V d'Autriche-Este, abrite l'extraordinaire collection des ducs d'Este : peintures du XIVe au XVIIIe si\u00e8cle, sculptures, objets d'art appliqu\u00e9, bronzes, majoliques, m\u00e9dailles et instruments de musique, ainsi que la pr\u00e9cieuse collection d'antiquit\u00e9s provenant des principales cultures du monde antique. Un ensemble artistique et historique qui continue \u00e0 d\u00e9finir l'identit\u00e9 culturelle de la ville.<\/p>\n<p>D'autre part, le Museo Civico di Modena, fond\u00e9 en 1871, propose un itin\u00e9raire \u00e0 travers l'histoire de la ville et de ses territoires, de la pr\u00e9histoire \u00e0 nos jours, gr\u00e2ce \u00e0 des collections qui m\u00ealent l'arch\u00e9ologie, l'ethnologie et les arts appliqu\u00e9s. Le mus\u00e9e comprend la collection de pl\u00e2tres Giuseppe Graziosi, le lapidaire romain et la salle immersive Avia Pervia, qui int\u00e8gre les technologies num\u00e9riques et les r\u00e9cits historiques pour raconter l'histoire de Mod\u00e8ne d'une mani\u00e8re nouvelle et enveloppante.<\/p>\n<\/div>\n\n\n\n\n\t<div class=\"wpb_gallery wpb_content_element clearfix\">\n\t\t<div class=\"wpb_wrapper\"><div class=\"wpb_gallery_slidesflickity_style\" data-onclick=\"link_image\" data-interval=\"5\"><div class=\"nectar-flickity not-initialized\" role=\"region\" aria-roledescription=\"carousel\" aria-label=\"Galerie d&#039;images\"  data-touch-icon-color=\"default\" data-stagger=\"\" data-drag-scale=\"\" data-overflow=\"hidden\" data-wrap=\"wrap\" data-spacing=\"default\" data-shadow=\"large_depth\" data-autoplay=\"true\" data-autoplay-dur=\"\" data-free-scroll=\"\" data-controls=\"material_pagination\" data-desktop-columns=\"1\" data-small-desktop-columns=\"1\" data-tablet-columns=\"1\" data-phone-columns=\"1\"><div class=\"flickity-viewport\"> <div class=\"flickity-slider\"><div class=\"cell\" data-lazy=\"false\"><img decoding=\"async\" class=\"skip-lazy nectar-lazy\" src=\"https:\/\/modenafuturacreativa.it\/wp-content\/uploads\/2025\/12\/1-3-600x450.jpg\" width=\"600\" height=\"450\" alt=\"1\" title=\"1\" loading=\"lazy\" \/><a class=\"entire-slide-link\" aria-label=\"1\"  href=\"https:\/\/modenafuturacreativa.it\/wp-content\/uploads\/2025\/12\/1-3.jpg\"><\/a><\/div><div class=\"cell\" data-lazy=\"false\"><img decoding=\"async\" class=\"skip-lazy nectar-lazy\" src=\"https:\/\/modenafuturacreativa.it\/wp-content\/uploads\/2025\/12\/4-2-scaled-600x450.jpg\" width=\"600\" height=\"450\" alt=\"4\" title=\"4\" loading=\"lazy\" \/><a class=\"entire-slide-link\" aria-label=\"4\"  href=\"https:\/\/modenafuturacreativa.it\/wp-content\/uploads\/2025\/12\/4-2-scaled.jpg\"><\/a><\/div><div class=\"cell\" data-lazy=\"false\"><img decoding=\"async\" class=\"skip-lazy nectar-lazy\" src=\"https:\/\/modenafuturacreativa.it\/wp-content\/uploads\/2025\/12\/3-2-600x450.jpg\" width=\"600\" height=\"450\" alt=\"3\" title=\"3\" loading=\"lazy\" \/><a class=\"entire-slide-link\" aria-label=\"3\"  href=\"https:\/\/modenafuturacreativa.it\/wp-content\/uploads\/2025\/12\/3-2.jpg\"><\/a><\/div><div class=\"cell\" data-lazy=\"false\"><img decoding=\"async\" class=\"skip-lazy nectar-lazy\" src=\"https:\/\/modenafuturacreativa.it\/wp-content\/uploads\/2025\/12\/2-2-scaled-600x450.jpg\" width=\"600\" height=\"450\" alt=\"2\" title=\"2\" loading=\"lazy\" \/><a class=\"entire-slide-link\" aria-label=\"2\"  href=\"https:\/\/modenafuturacreativa.it\/wp-content\/uploads\/2025\/12\/2-2-scaled.jpg\"><\/a><\/div><div class=\"cell\" data-lazy=\"false\"><img decoding=\"async\" class=\"skip-lazy nectar-lazy\" src=\"https:\/\/modenafuturacreativa.it\/wp-content\/uploads\/2025\/12\/5-2-600x450.jpg\" width=\"600\" height=\"450\" alt=\"5\" title=\"5\" loading=\"lazy\" \/><a class=\"entire-slide-link\" aria-label=\"5\"  href=\"https:\/\/modenafuturacreativa.it\/wp-content\/uploads\/2025\/12\/5-2.jpg\"><\/a><\/div><\/div><\/div><\/div><\/div>\n\t\t<\/div> \n\t<\/div> \n\t\t\t<\/div> \n\t\t<\/div>\n\t<\/div> \n<\/div><\/div>","protected":false},"excerpt":{"rendered":"Museo Civico, Galleria Estense, Gipsoteca Graziosi e Avia Pervia insieme in un progetto che rafforza l\u2019identit\u00e0 del Palazzo dei Musei e ne semplifica l\u2019accesso Una innovativa modalit\u00e0 per raccontare Modena...","protected":false},"author":1,"featured_media":6292,"comment_status":"closed","ping_status":"closed","sticky":false,"template":"","format":"standard","meta":{"wpupg_custom_link":[],"wpupg_custom_link_behaviour":["default"],"wpupg_custom_link_nofollow":["default"],"wpupg_custom_image":[],"wpupg_custom_image_id":[],"footnotes":""},"categories":[475],"tags":[],"class_list":["post-6231","post","type-post","status-publish","format-standard","has-post-thumbnail","category-news"],"_links":{"self":[{"href":"https:\/\/modenafuturacreativa.it\/fr\/wp-json\/wp\/v2\/posts\/6231","targetHints":{"allow":["GET"]}}],"collection":[{"href":"https:\/\/modenafuturacreativa.it\/fr\/wp-json\/wp\/v2\/posts"}],"about":[{"href":"https:\/\/modenafuturacreativa.it\/fr\/wp-json\/wp\/v2\/types\/post"}],"author":[{"embeddable":true,"href":"https:\/\/modenafuturacreativa.it\/fr\/wp-json\/wp\/v2\/users\/1"}],"replies":[{"embeddable":true,"href":"https:\/\/modenafuturacreativa.it\/fr\/wp-json\/wp\/v2\/comments?post=6231"}],"version-history":[{"count":1,"href":"https:\/\/modenafuturacreativa.it\/fr\/wp-json\/wp\/v2\/posts\/6231\/revisions"}],"predecessor-version":[{"id":6293,"href":"https:\/\/modenafuturacreativa.it\/fr\/wp-json\/wp\/v2\/posts\/6231\/revisions\/6293"}],"wp:featuredmedia":[{"embeddable":true,"href":"https:\/\/modenafuturacreativa.it\/fr\/wp-json\/wp\/v2\/media\/6292"}],"wp:attachment":[{"href":"https:\/\/modenafuturacreativa.it\/fr\/wp-json\/wp\/v2\/media?parent=6231"}],"wp:term":[{"taxonomy":"category","embeddable":true,"href":"https:\/\/modenafuturacreativa.it\/fr\/wp-json\/wp\/v2\/categories?post=6231"},{"taxonomy":"post_tag","embeddable":true,"href":"https:\/\/modenafuturacreativa.it\/fr\/wp-json\/wp\/v2\/tags?post=6231"}],"curies":[{"name":"wp","href":"https:\/\/api.w.org\/{rel}","templated":true}]}}