{"id":6134,"date":"2025-12-05T12:59:57","date_gmt":"2025-12-05T11:59:57","guid":{"rendered":"https:\/\/modenafuturacreativa.it\/?p=6134"},"modified":"2025-12-05T12:59:57","modified_gmt":"2025-12-05T11:59:57","slug":"rita-cucchiara-ha-inaugurato-lanno-accademico-di-unimore-innovare-per-tramandare","status":"publish","type":"post","link":"https:\/\/modenafuturacreativa.it\/fr\/rita-cucchiara-ha-inaugurato-lanno-accademico-di-unimore-innovare-per-tramandare\/","title":{"rendered":"Rita Cucchiara a inaugur\u00e9 l'ann\u00e9e universitaire d'Unimore : \"Innover pour transmettre\"."},"content":{"rendered":"<div id=\"fws_6a9b7c023f669\"  data-column-margin=\"default\" data-midnight=\"dark\"  class=\"wpb_row vc_row-fluid vc_row\"  style=\"padding-top: 0px; padding-bottom: 0px; \"><div class=\"row-bg-wrap\" data-bg-animation=\"none\" data-bg-animation-delay=\"\" data-bg-overlay=\"false\"><div class=\"inner-wrap row-bg-layer\" ><div class=\"row-bg viewport-desktop\"  style=\"\"><\/div><\/div><\/div><div class=\"row_col_wrap_12 col span_12 dark left\">\n\t<div  class=\"vc_col-sm-12 wpb_column column_container vc_column_container col no-extra-padding inherit_tablet inherit_phone\"  data-padding-pos=\"all\" data-has-bg-color=\"false\" data-bg-color=\"\" data-bg-opacity=\"1\" data-animation=\"\" data-delay=\"0\" >\n\t\t<div class=\"vc_column-inner\" >\n\t\t\t<div class=\"wpb_wrapper\">\n\t\t\t\t\n<div class=\"wpb_text_column wpb_content_element\" >\n\t<p><strong>La nouvelle rectrice a pr\u00e9sent\u00e9 les lignes directrices de son mandat, avec comme priorit\u00e9s l'innovation culturelle et le soutien au d\u00e9veloppement du complexe Ago<\/strong><\/p>\n<p>Innover pour transmettre\". C'est le titre choisi pour les lignes directrices du mandat de six ans de la rectrice Rita Cucchiara, pr\u00e9sent\u00e9es le jeudi 4 d\u00e9cembre \u00e0 l'\u00e9glise San Carlo de Mod\u00e8ne \u00e0 l'occasion de l'inauguration de la 850e ann\u00e9e acad\u00e9mique d'Unimore, partenaire fondateur de la Fondation Ago avec la municipalit\u00e9 de Mod\u00e8ne et la Fondation de Mod\u00e8ne. La c\u00e9r\u00e9monie s'est ouverte par une procession acad\u00e9mique de professeurs et de ma\u00eetres de conf\u00e9rences qui ont march\u00e9 le long de la Via Universit\u00e0, salu\u00e9s par les citoyens et les \u00e9tudiants, jusqu'\u00e0 l'\u00e9glise, qui a accueilli la communaut\u00e9 acad\u00e9mique et les autorit\u00e9s pr\u00e9sentes.<\/p>\n<p>L'\u00e9v\u00e9nement a \u00e9t\u00e9 ouvert par le discours de la Rectrice de l'Unimore, Rita Cucchiara, qui a illustr\u00e9 le plan de mandat 2025-2031 (disponible ici), qui inclut l'innovation sociale parmi les priorit\u00e9s de la \"troisi\u00e8me mission\", l'innovation culturelle et mus\u00e9ale avec \"la promotion de projets int\u00e9grant la science, l'art, la culture et l'inclusion, la valorisation des mus\u00e9es, des archives et du patrimoine mat\u00e9riel et immat\u00e9riel de l'Universit\u00e9, le soutien au d\u00e9veloppement du complexe Ago en tant que p\u00f4le culturel et scientifique interdisciplinaire\".<\/p>\n<p>Dans les lignes directrices, le complexe Ago est d\u00e9fini comme \"une nouvelle plateforme strat\u00e9gique pour la rencontre entre la science, l'art et la technologie : un lieu de recherche, d'exposition et d'\u00e9ducation qui combine le patrimoine historique et l'exp\u00e9rimentation contemporaine, encourageant la collaboration entre les universit\u00e9s, les institutions culturelles, les organismes civiques et les citoyens. Ago sera le centre d'un \u00e9cosyst\u00e8me culturel et scientifique ouvert, d\u00e9di\u00e9 \u00e0 la diffusion de la connaissance et \u00e0 la participation du public, avec un accent sur la durabilit\u00e9 et la culture num\u00e9rique\".<\/p>\n<p>Dans son discours, la Rectrice a soulign\u00e9 que \"dans un contexte mondial incertain et en \u00e9volution rapide, l'universit\u00e9 doit rester une institution solide, enracin\u00e9e dans ses traditions, mais capable d'anticiper et d'orienter l'avenir. L'universit\u00e9 doit former des personnes capables d'appr\u00e9hender la complexit\u00e9, de s'adapter au changement et de faire face \u00e0 ses difficult\u00e9s\".<\/p>\n<p>Pour M. Cucchiara, l'Unimore \"doit donc repr\u00e9senter le lieu o\u00f9 l'avenir se construit chaque jour, avec esprit critique, connaissance et responsabilit\u00e9\". Dans toutes ses missions, dans la recherche, dans l'\u00e9ducation des nouvelles g\u00e9n\u00e9rations, dans la collaboration avec la soci\u00e9t\u00e9 et le monde de la production, l'universit\u00e9 est appel\u00e9e \u00e0 agir comme un moteur de progr\u00e8s et un gardien des valeurs, en pr\u00e9servant l'h\u00e9ritage du pass\u00e9 et en g\u00e9n\u00e9rant la culture et la connaissance de demain. En tant que recteur de l'universit\u00e9 de Mod\u00e8ne et de Reggio Emilia, c'est le d\u00e9fi que je veux relever avec l'ensemble de la communaut\u00e9 universitaire. J'ai intitul\u00e9 mon plan de mandat \"innover pour transmettre\", c'est-\u00e0-dire apporter la transformation num\u00e9rique aux processus organisationnels, d\u00e9finir des mod\u00e8les d'enseignement modernes, flexibles et attrayants, et s'occuper de la recherche fondamentale et appliqu\u00e9e afin de transmettre notre patrimoine de connaissances dans les ann\u00e9es \u00e0 venir. Le Plan s'adresse \u00e0 la communaut\u00e9 acad\u00e9mique et \u00e9tudiante, \u00e0 la ville et au territoire, avec l'espoir de travailler ensemble au cours des six prochaines ann\u00e9es pour consolider et relancer l'Universit\u00e9, en planifiant ensemble, dans un contexte g\u00e9opolitique complexe, le r\u00f4le de la plus ancienne institution publique du territoire\".<\/p>\n<p>Sur la photo, le recteur Rita Cucchiara lors de la c\u00e9r\u00e9monie d'ouverture.<\/p>\n<\/div>\n\n\n\n\n\t<div class=\"wpb_gallery wpb_content_element clearfix\">\n\t\t<div class=\"wpb_wrapper\"><div class=\"wpb_gallery_slidesflickity_style\" data-onclick=\"link_image\" data-interval=\"5\"><div class=\"nectar-flickity not-initialized\" role=\"region\" aria-roledescription=\"carousel\" aria-label=\"Galerie d&#039;images\"  data-touch-icon-color=\"default\" data-stagger=\"\" data-drag-scale=\"\" data-overflow=\"hidden\" data-wrap=\"wrap\" data-spacing=\"default\" data-shadow=\"large_depth\" data-autoplay=\"true\" data-autoplay-dur=\"\" data-free-scroll=\"\" data-controls=\"material_pagination\" data-desktop-columns=\"1\" data-small-desktop-columns=\"1\" data-tablet-columns=\"1\" data-phone-columns=\"1\"><div class=\"flickity-viewport\"> <div class=\"flickity-slider\"><div class=\"cell\" data-lazy=\"false\"><img decoding=\"async\" class=\"skip-lazy nectar-lazy\" src=\"https:\/\/modenafuturacreativa.it\/wp-content\/uploads\/2025\/12\/Inaugurazione-850-Unimore-f__FillWzE0NDAsNTAwXQ-600x450.jpeg\" width=\"600\" height=\"450\" alt=\"Inaugurazione-850-Unimore-f__FillWzE0NDAsNTAwXQ\" title=\"Inauguration-850-Unimore-f__FillWzE0NDAsNTAwXQ\" loading=\"lazy\" \/><a class=\"entire-slide-link\" aria-label=\"Inauguration-850-Unimore-f__FillWzE0NDAsNTAwXQ\"  href=\"https:\/\/modenafuturacreativa.it\/wp-content\/uploads\/2025\/12\/Inaugurazione-850-Unimore-f__FillWzE0NDAsNTAwXQ.jpeg\"><\/a><\/div><\/div><\/div><\/div><\/div>\n\t\t<\/div> \n\t<\/div> \n\t\t\t<\/div> \n\t\t<\/div>\n\t<\/div> \n<\/div><\/div>","protected":false},"excerpt":{"rendered":"La nuova Rettrice ha presentato le linee guida del mandato, tra le priorit\u00e0 l\u2019innovazione culturale e il sostegno allo sviluppo del complesso Ago \u201cInnovare per tramandare\u201d. \u00c8 il titolo scelto...","protected":false},"author":1,"featured_media":6190,"comment_status":"closed","ping_status":"closed","sticky":false,"template":"","format":"standard","meta":{"wpupg_custom_link":[],"wpupg_custom_link_behaviour":["default"],"wpupg_custom_link_nofollow":["default"],"wpupg_custom_image":[],"wpupg_custom_image_id":[],"footnotes":""},"categories":[475],"tags":[],"class_list":["post-6134","post","type-post","status-publish","format-standard","has-post-thumbnail","category-news"],"_links":{"self":[{"href":"https:\/\/modenafuturacreativa.it\/fr\/wp-json\/wp\/v2\/posts\/6134","targetHints":{"allow":["GET"]}}],"collection":[{"href":"https:\/\/modenafuturacreativa.it\/fr\/wp-json\/wp\/v2\/posts"}],"about":[{"href":"https:\/\/modenafuturacreativa.it\/fr\/wp-json\/wp\/v2\/types\/post"}],"author":[{"embeddable":true,"href":"https:\/\/modenafuturacreativa.it\/fr\/wp-json\/wp\/v2\/users\/1"}],"replies":[{"embeddable":true,"href":"https:\/\/modenafuturacreativa.it\/fr\/wp-json\/wp\/v2\/comments?post=6134"}],"version-history":[{"count":1,"href":"https:\/\/modenafuturacreativa.it\/fr\/wp-json\/wp\/v2\/posts\/6134\/revisions"}],"predecessor-version":[{"id":6191,"href":"https:\/\/modenafuturacreativa.it\/fr\/wp-json\/wp\/v2\/posts\/6134\/revisions\/6191"}],"wp:featuredmedia":[{"embeddable":true,"href":"https:\/\/modenafuturacreativa.it\/fr\/wp-json\/wp\/v2\/media\/6190"}],"wp:attachment":[{"href":"https:\/\/modenafuturacreativa.it\/fr\/wp-json\/wp\/v2\/media?parent=6134"}],"wp:term":[{"taxonomy":"category","embeddable":true,"href":"https:\/\/modenafuturacreativa.it\/fr\/wp-json\/wp\/v2\/categories?post=6134"},{"taxonomy":"post_tag","embeddable":true,"href":"https:\/\/modenafuturacreativa.it\/fr\/wp-json\/wp\/v2\/tags?post=6134"}],"curies":[{"name":"wp","href":"https:\/\/api.w.org\/{rel}","templated":true}]}}