{"id":5972,"date":"2025-11-28T13:59:08","date_gmt":"2025-11-28T12:59:08","guid":{"rendered":"https:\/\/modenafuturacreativa.it\/?p=5972"},"modified":"2025-11-28T13:59:08","modified_gmt":"2025-11-28T12:59:08","slug":"due-percorsi-cittadini-il-risultato-finale-di-cult","status":"publish","type":"post","link":"https:\/\/modenafuturacreativa.it\/fr\/due-percorsi-cittadini-il-risultato-finale-di-cult\/","title":{"rendered":"Deux itin\u00e9raires urbains : le r\u00e9sultat final de CULT"},"content":{"rendered":"<div id=\"fws_6a9b7bf753f70\"  data-column-margin=\"default\" data-midnight=\"dark\"  class=\"wpb_row vc_row-fluid vc_row\"  style=\"padding-top: 0px; padding-bottom: 0px; \"><div class=\"row-bg-wrap\" data-bg-animation=\"none\" data-bg-animation-delay=\"\" data-bg-overlay=\"false\"><div class=\"inner-wrap row-bg-layer\" ><div class=\"row-bg viewport-desktop\"  style=\"\"><\/div><\/div><\/div><div class=\"row_col_wrap_12 col span_12 dark left\">\n\t<div  class=\"vc_col-sm-12 wpb_column column_container vc_column_container col no-extra-padding inherit_tablet inherit_phone\"  data-padding-pos=\"all\" data-has-bg-color=\"false\" data-bg-color=\"\" data-bg-opacity=\"1\" data-animation=\"\" data-delay=\"0\" >\n\t\t<div class=\"vc_column-inner\" >\n\t\t\t<div class=\"wpb_wrapper\">\n\t\t\t\t\n<div class=\"wpb_text_column wpb_content_element\" >\n\t<p><strong>Le projet europ\u00e9en CULT (Dialogue et \u00e9change entre citoyens sur le patrimoine culturel et les arts m\u00e9diatiques en tant qu'outil pour cr\u00e9er une identit\u00e9 europ\u00e9enne plus forte), financ\u00e9 par le programme \"Citoyens, \u00e9galit\u00e9, droits et valeurs (CERV)\" et d\u00e9velopp\u00e9 entre Mod\u00e8ne (Italie) et Karlsruhe (Allemagne), deux villes du R\u00e9seau des villes cr\u00e9atives de l'UNESCO, cluster Arts m\u00e9diatiques, se termine par la pr\u00e9sentation de deux nouveaux itin\u00e9raires culturels et touristiques.<\/strong><\/p>\n<p>D'octobre 2024 \u00e0 octobre 2025, des artistes, des \u00e9tudiants, des professionnels de la culture et des repr\u00e9sentants des institutions des deux villes ont travaill\u00e9 ensemble, partageant leurs pratiques, leurs visions et leur expertise pour r\u00e9fl\u00e9chir au r\u00f4le des arts m\u00e9diatiques dans leurs villes respectives.<\/p>\n<p>Le processus participatif a abouti \u00e0 la cr\u00e9ation de deux itin\u00e9raires qui mettent en valeur des lieux et des espaces d\u00e9di\u00e9s \u00e0 l'exp\u00e9rimentation num\u00e9rique, \u00e0 l'art multim\u00e9dia et \u00e0 la cr\u00e9ativit\u00e9 contemporaine.<\/p>\n<p><strong><a href=\"https:\/\/modenafuturacreativa.it\/fr\/unesco\/cult-modena-karlsruhe\/\">Les itin\u00e9raires sont disponibles dans la section \"projets\" du site web.<\/a><\/strong><\/p>\n<\/div>\n\n\n\n\n\t<div class=\"wpb_gallery wpb_content_element clearfix\">\n\t\t<div class=\"wpb_wrapper\"><div class=\"wpb_gallery_slidesflickity_style\" data-onclick=\"link_image\" data-interval=\"5\"><div class=\"nectar-flickity not-initialized\" role=\"region\" aria-roledescription=\"carousel\" aria-label=\"Galerie d&#039;images\"  data-touch-icon-color=\"default\" data-stagger=\"\" data-drag-scale=\"\" data-overflow=\"hidden\" data-wrap=\"wrap\" data-spacing=\"default\" data-shadow=\"large_depth\" data-autoplay=\"true\" data-autoplay-dur=\"\" data-free-scroll=\"\" data-controls=\"material_pagination\" data-desktop-columns=\"1\" data-small-desktop-columns=\"1\" data-tablet-columns=\"1\" data-phone-columns=\"1\"><div class=\"flickity-viewport\"> <div class=\"flickity-slider\"><div class=\"cell\" data-lazy=\"false\"><img decoding=\"async\" class=\"skip-lazy nectar-lazy\" src=\"https:\/\/modenafuturacreativa.it\/wp-content\/uploads\/2024\/07\/map-modena-1-600x450.png\" width=\"600\" height=\"450\" alt=\"map-modena\" title=\"map-modena\" loading=\"lazy\" \/><a class=\"entire-slide-link\" aria-label=\"map-modena\"  href=\"https:\/\/modenafuturacreativa.it\/wp-content\/uploads\/2024\/07\/map-modena-1.png\"><\/a><\/div><div class=\"cell\" data-lazy=\"false\"><img decoding=\"async\" class=\"skip-lazy nectar-lazy\" src=\"https:\/\/modenafuturacreativa.it\/wp-content\/uploads\/2024\/07\/map-karlsruhe-1-600x450.png\" width=\"600\" height=\"450\" alt=\"map-karlsruhe\" title=\"carte-karlsruhe\" loading=\"lazy\" \/><a class=\"entire-slide-link\" aria-label=\"carte-karlsruhe\"  href=\"https:\/\/modenafuturacreativa.it\/wp-content\/uploads\/2024\/07\/map-karlsruhe-1.png\"><\/a><\/div><\/div><\/div><\/div><\/div>\n\t\t<\/div> \n\t<\/div> \n\t\t\t<\/div> \n\t\t<\/div>\n\t<\/div> \n<\/div><\/div>","protected":false},"excerpt":{"rendered":"Si chiude con la presentazione di due nuovi itinerari culturali e turistici il progetto europeo CULT (Citizens\u2019 dialogue and exchange on CULTural heritage and media arts as a tool for...","protected":false},"author":1,"featured_media":5971,"comment_status":"closed","ping_status":"closed","sticky":false,"template":"","format":"standard","meta":{"wpupg_custom_link":[],"wpupg_custom_link_behaviour":["default"],"wpupg_custom_link_nofollow":["default"],"wpupg_custom_image":[],"wpupg_custom_image_id":[],"footnotes":""},"categories":[475],"tags":[],"class_list":["post-5972","post","type-post","status-publish","format-standard","has-post-thumbnail","category-news"],"_links":{"self":[{"href":"https:\/\/modenafuturacreativa.it\/fr\/wp-json\/wp\/v2\/posts\/5972","targetHints":{"allow":["GET"]}}],"collection":[{"href":"https:\/\/modenafuturacreativa.it\/fr\/wp-json\/wp\/v2\/posts"}],"about":[{"href":"https:\/\/modenafuturacreativa.it\/fr\/wp-json\/wp\/v2\/types\/post"}],"author":[{"embeddable":true,"href":"https:\/\/modenafuturacreativa.it\/fr\/wp-json\/wp\/v2\/users\/1"}],"replies":[{"embeddable":true,"href":"https:\/\/modenafuturacreativa.it\/fr\/wp-json\/wp\/v2\/comments?post=5972"}],"version-history":[{"count":1,"href":"https:\/\/modenafuturacreativa.it\/fr\/wp-json\/wp\/v2\/posts\/5972\/revisions"}],"predecessor-version":[{"id":6022,"href":"https:\/\/modenafuturacreativa.it\/fr\/wp-json\/wp\/v2\/posts\/5972\/revisions\/6022"}],"wp:featuredmedia":[{"embeddable":true,"href":"https:\/\/modenafuturacreativa.it\/fr\/wp-json\/wp\/v2\/media\/5971"}],"wp:attachment":[{"href":"https:\/\/modenafuturacreativa.it\/fr\/wp-json\/wp\/v2\/media?parent=5972"}],"wp:term":[{"taxonomy":"category","embeddable":true,"href":"https:\/\/modenafuturacreativa.it\/fr\/wp-json\/wp\/v2\/categories?post=5972"},{"taxonomy":"post_tag","embeddable":true,"href":"https:\/\/modenafuturacreativa.it\/fr\/wp-json\/wp\/v2\/tags?post=5972"}],"curies":[{"name":"wp","href":"https:\/\/api.w.org\/{rel}","templated":true}]}}