{"id":5888,"date":"2025-11-17T11:26:45","date_gmt":"2025-11-17T10:26:45","guid":{"rendered":"https:\/\/modenafuturacreativa.it\/?p=5888"},"modified":"2025-11-17T11:26:45","modified_gmt":"2025-11-17T10:26:45","slug":"urban-video-il-corso-gratuito-che-forma-i-videomaker-del-futuro","status":"publish","type":"post","link":"https:\/\/modenafuturacreativa.it\/fr\/urban-video-il-corso-gratuito-che-forma-i-videomaker-del-futuro\/","title":{"rendered":"Urban Video, le cours gratuit qui forme les vid\u00e9astes du futur"},"content":{"rendered":"<div id=\"fws_6a9b7c02d9bcd\"  data-column-margin=\"default\" data-midnight=\"dark\"  class=\"wpb_row vc_row-fluid vc_row\"  style=\"padding-top: 0px; padding-bottom: 0px; \"><div class=\"row-bg-wrap\" data-bg-animation=\"none\" data-bg-animation-delay=\"\" data-bg-overlay=\"false\"><div class=\"inner-wrap row-bg-layer\" ><div class=\"row-bg viewport-desktop\"  style=\"\"><\/div><\/div><\/div><div class=\"row_col_wrap_12 col span_12 dark left\">\n\t<div  class=\"vc_col-sm-12 wpb_column column_container vc_column_container col no-extra-padding inherit_tablet inherit_phone\"  data-padding-pos=\"all\" data-has-bg-color=\"false\" data-bg-color=\"\" data-bg-opacity=\"1\" data-animation=\"\" data-delay=\"0\" >\n\t\t<div class=\"vc_column-inner\" >\n\t\t\t<div class=\"wpb_wrapper\">\n\t\t\t\t\n<div class=\"wpb_text_column wpb_content_element\" >\n\t<p><strong>Inscriptions jusqu'au 9 d\u00e9cembre au cours gratuit de vid\u00e9ographie organis\u00e9 par le Centre de la musique et la municipalit\u00e9 de Mod\u00e8ne<\/strong><\/p>\n<p>Urban Video, le cours gratuit de vid\u00e9ographie promu par le Centro Musica et le d\u00e9partement de la culture de la municipalit\u00e9 de Mod\u00e8ne, dans le cadre des activit\u00e9s du Centro Musica_71MusicHub, est de retour cette ann\u00e9e. Coordonn\u00e9 par Francesca Cappi et Federico Sigillo, le projet en est \u00e0 sa neuvi\u00e8me \u00e9dition et se confirme comme un point de r\u00e9f\u00e9rence pour ceux qui souhaitent explorer les nouvelles fronti\u00e8res de la production audiovisuelle et multim\u00e9dia.<\/p>\n<p>Destin\u00e9 aux jeunes \u00e2g\u00e9s de 16 \u00e0 29 ans, r\u00e9sidant ou domicili\u00e9s dans la province de Mod\u00e8ne, Urban Video est un cours de formation qui accompagne les participants dans la d\u00e9couverte du monde du travail \u00e0 travers l'apprentissage pratique des techniques de r\u00e9alisation, de tournage, de montage et de conception multim\u00e9dia. Une opportunit\u00e9 pour ceux qui r\u00eavent de travailler avec des images, mais aussi pour ceux qui veulent comprendre comment construire un langage visuel efficace et contemporain.<\/p>\n<p>Le cours, enti\u00e8rement gratuit, consiste en un programme vaste et structur\u00e9 qui met les \u00e9tudiants en contact avec des professionnels et des op\u00e9rateurs du secteur. Les 76 heures de formation comprennent des cours frontaux, des rencontres approfondies avec des experts, un court stage et la cr\u00e9ation de contenus pour un \u00e9v\u00e9nement final, de mani\u00e8re \u00e0 combiner la th\u00e9orie, la pratique et la confrontation directe avec ceux qui travaillent chaque jour dans le domaine de la production audiovisuelle.<\/p>\n<p>Les le\u00e7ons frontales - 18 heures au total - sont programm\u00e9es le lundi de 18 \u00e0 21 heures, tandis que les modules d'approfondissement, pour un total de 32 heures, ont lieu le samedi de 9 \u00e0 13 heures et de 14 \u00e0 18 heures. Les activit\u00e9s se d\u00e9roulent au Centro Musica_71MusicHub, via Morandi 71. Le cours commence le 12 janvier 2026 et se termine le 30 mars.<\/p>\n<p>Chaque \u00e9dition d'Urban Video repr\u00e9sente \u00e9galement une mise \u00e0 jour des tendances du secteur, et cette ann\u00e9e, les nouveaut\u00e9s ne manquent pas : les modules du programme comprennent un nouveau cours consacr\u00e9 \u00e0 l'utilisation de l'intelligence artificielle dans la cr\u00e9ation de contenus visuels et audiovisuels. Ce cours est donc l'occasion de d\u00e9couvrir comment les outils num\u00e9riques les plus innovants peuvent soutenir la cr\u00e9ativit\u00e9, de l'automatisation du montage vid\u00e9o \u00e0 la g\u00e9n\u00e9ration d'images.<\/p>\n<p>Au total, huit places sont disponibles, attribu\u00e9es sur la base d'une liste de classement \u00e9tablie par un comit\u00e9 d'experts. La s\u00e9lection comprend un entretien en ligne, pr\u00e9vu les 11 et 15 d\u00e9cembre 2025, avec une convocation par courrier \u00e9lectronique ainsi que l'heure et le lien de la convocation.<\/p>\n<p>Les inscriptions sont ouvertes jusqu'au 9 d\u00e9cembre 2025 \u00e0 13 heures. Pour postuler, veuillez remplir le formulaire de candidature disponible \u00e0 l'adresse suivante <a href=\"http:\/\/www.musicplus.it\" target=\"_blank\" rel=\"noopener\">www.musicplus.it<\/a><\/p>\n<\/div>\n\n\n\n\n\t<div class=\"wpb_gallery wpb_content_element clearfix\">\n\t\t<div class=\"wpb_wrapper\"><div class=\"wpb_gallery_slidesflickity_style\" data-onclick=\"link_image\" data-interval=\"5\"><div class=\"nectar-flickity not-initialized\" role=\"region\" aria-roledescription=\"carousel\" aria-label=\"Galerie d&#039;images\"  data-touch-icon-color=\"default\" data-stagger=\"\" data-drag-scale=\"\" data-overflow=\"hidden\" data-wrap=\"wrap\" data-spacing=\"default\" data-shadow=\"large_depth\" data-autoplay=\"true\" data-autoplay-dur=\"\" data-free-scroll=\"\" data-controls=\"material_pagination\" data-desktop-columns=\"1\" data-small-desktop-columns=\"1\" data-tablet-columns=\"1\" data-phone-columns=\"1\"><div class=\"flickity-viewport\"> <div class=\"flickity-slider\"><div class=\"cell\" data-lazy=\"false\"><img decoding=\"async\" class=\"skip-lazy nectar-lazy\" src=\"https:\/\/modenafuturacreativa.it\/wp-content\/uploads\/2025\/11\/image-526x450.jpeg\" width=\"526\" height=\"450\" alt=\"image\" title=\"image\" loading=\"lazy\" \/><a class=\"entire-slide-link\" aria-label=\"image\"  href=\"https:\/\/modenafuturacreativa.it\/wp-content\/uploads\/2025\/11\/image.jpeg\"><\/a><\/div><\/div><\/div><\/div><\/div>\n\t\t<\/div> \n\t<\/div> \n\t\t\t<\/div> \n\t\t<\/div>\n\t<\/div> \n<\/div><\/div>","protected":false},"excerpt":{"rendered":"Iscrizioni aperte fino al 9 dicembre per il corso gratuito di videomaking promosso dal Centro Musica e dal Comune di Modena Ritorna anche quest\u2019anno Urban Video, il corso gratuito di...","protected":false},"author":1,"featured_media":5936,"comment_status":"closed","ping_status":"closed","sticky":false,"template":"","format":"standard","meta":{"wpupg_custom_link":[],"wpupg_custom_link_behaviour":["default"],"wpupg_custom_link_nofollow":["default"],"wpupg_custom_image":[],"wpupg_custom_image_id":[],"footnotes":""},"categories":[475],"tags":[],"class_list":["post-5888","post","type-post","status-publish","format-standard","has-post-thumbnail","category-news"],"_links":{"self":[{"href":"https:\/\/modenafuturacreativa.it\/fr\/wp-json\/wp\/v2\/posts\/5888","targetHints":{"allow":["GET"]}}],"collection":[{"href":"https:\/\/modenafuturacreativa.it\/fr\/wp-json\/wp\/v2\/posts"}],"about":[{"href":"https:\/\/modenafuturacreativa.it\/fr\/wp-json\/wp\/v2\/types\/post"}],"author":[{"embeddable":true,"href":"https:\/\/modenafuturacreativa.it\/fr\/wp-json\/wp\/v2\/users\/1"}],"replies":[{"embeddable":true,"href":"https:\/\/modenafuturacreativa.it\/fr\/wp-json\/wp\/v2\/comments?post=5888"}],"version-history":[{"count":1,"href":"https:\/\/modenafuturacreativa.it\/fr\/wp-json\/wp\/v2\/posts\/5888\/revisions"}],"predecessor-version":[{"id":5937,"href":"https:\/\/modenafuturacreativa.it\/fr\/wp-json\/wp\/v2\/posts\/5888\/revisions\/5937"}],"wp:featuredmedia":[{"embeddable":true,"href":"https:\/\/modenafuturacreativa.it\/fr\/wp-json\/wp\/v2\/media\/5936"}],"wp:attachment":[{"href":"https:\/\/modenafuturacreativa.it\/fr\/wp-json\/wp\/v2\/media?parent=5888"}],"wp:term":[{"taxonomy":"category","embeddable":true,"href":"https:\/\/modenafuturacreativa.it\/fr\/wp-json\/wp\/v2\/categories?post=5888"},{"taxonomy":"post_tag","embeddable":true,"href":"https:\/\/modenafuturacreativa.it\/fr\/wp-json\/wp\/v2\/tags?post=5888"}],"curies":[{"name":"wp","href":"https:\/\/api.w.org\/{rel}","templated":true}]}}