{"id":5550,"date":"2025-10-14T10:25:15","date_gmt":"2025-10-14T08:25:15","guid":{"rendered":"https:\/\/modenafuturacreativa.it\/?p=5550"},"modified":"2025-10-14T11:47:25","modified_gmt":"2025-10-14T09:47:25","slug":"corso-gratuito-per-diventare-professionisti-digitali-per-la-cultura","status":"publish","type":"post","link":"https:\/\/modenafuturacreativa.it\/fr\/corso-gratuito-per-diventare-professionisti-digitali-per-la-cultura\/","title":{"rendered":"Cours gratuit pour devenir des professionnels du num\u00e9rique au service de la culture"},"content":{"rendered":"<div id=\"fws_6a9b7c01dcc6a\"  data-column-margin=\"default\" data-midnight=\"dark\"  class=\"wpb_row vc_row-fluid vc_row\"  style=\"padding-top: 0px; padding-bottom: 0px; \"><div class=\"row-bg-wrap\" data-bg-animation=\"none\" data-bg-animation-delay=\"\" data-bg-overlay=\"false\"><div class=\"inner-wrap row-bg-layer\" ><div class=\"row-bg viewport-desktop\"  style=\"\"><\/div><\/div><\/div><div class=\"row_col_wrap_12 col span_12 dark left\">\n\t<div  class=\"vc_col-sm-12 wpb_column column_container vc_column_container col no-extra-padding inherit_tablet inherit_phone\"  data-padding-pos=\"all\" data-has-bg-color=\"false\" data-bg-color=\"\" data-bg-opacity=\"1\" data-animation=\"\" data-delay=\"0\" >\n\t\t<div class=\"vc_column-inner\" >\n\t\t\t<div class=\"wpb_wrapper\">\n\t\t\t\t\n<div class=\"wpb_text_column wpb_content_element\" >\n\t<p><strong>Quatri\u00e8me \u00e9dition du projet promu par ForModena dans le cadre de Mod\u00e8ne, ville cr\u00e9ative de l'Unesco pour les arts m\u00e9diatiques. Lundi 13 octobre, journ\u00e9e portes ouvertes au Laboratorio Aperto<\/strong><\/p>\n<p>Former de nouvelles figures professionnelles capables d'allier comp\u00e9tences num\u00e9riques et cr\u00e9ativit\u00e9 pour valoriser le patrimoine artistique et culturel.<\/p>\n<p>Tel est l'objectif du cours Ifts \"Tecnico delle produzioni multimediali per la valorizzazione del patrimonio artistico e culturale\", promu par ForModena, qui d\u00e9butera en novembre dans le cadre des activit\u00e9s de Modena Citt\u00e0 Creativa Unesco per le Media Arts. Le lundi 13 octobre, de 15h \u00e0 17h, une journ\u00e9e portes ouvertes est pr\u00e9vue pour pr\u00e9senter l'initiative au Laboratorio Aperto di Modena (partenaire du projet), Viale Buon Pastore 43. Les entreprises partenaires, qui collaborent au projet de formation et accueillent les stages, ainsi que d'anciens \u00e9tudiants, qui partageront leur exp\u00e9rience, participeront \u00e0 la r\u00e9union.<\/p>\n<p>En d\u00e9tail, la quatri\u00e8me \u00e9dition du cours pr\u00e9voit un total de 800 heures, comprenant des cours en face \u00e0 face (avec une petite partie en ligne) et 360 heures de stages dans des entreprises du secteur culturel et cr\u00e9atif. Le cours est enti\u00e8rement gratuit gr\u00e2ce aux fonds europ\u00e9ens de la r\u00e9gion Emilie-Romagne.<\/p>\n<p>Les personnes form\u00e9es seront des professionnels du num\u00e9rique dot\u00e9s de comp\u00e9tences transversales en mati\u00e8re de conception multim\u00e9dia, de communication, de programmation et d'analyse de donn\u00e9es. Ces comp\u00e9tences sont utiles aux institutions, aux entreprises culturelles et cr\u00e9atives et aux syst\u00e8mes touristiques, qui sont toujours \u00e0 la recherche de professionnels capables de concevoir des produits multim\u00e9dias innovants destin\u00e9s \u00e0 valoriser le patrimoine culturel, mus\u00e9al, public, naturel et artistique.<\/p>\n<p>15 places sont disponibles pour les jeunes et les adultes : pour \u00eatre admis, il est n\u00e9cessaire de r\u00e9sider ou d'\u00eatre domicili\u00e9 dans la r\u00e9gion d'\u00c9milie-Romagne, d'\u00eatre titulaire d'un dipl\u00f4me d'enseignement secondaire sup\u00e9rieur ou d'avoir \u00e9t\u00e9 admis \u00e0 la cinqui\u00e8me classe de l'enseignement secondaire, d'avoir des comp\u00e9tences informatiques interm\u00e9diaires sur les principaux logiciels et applications, d'avoir une bonne connaissance du web et des m\u00e9dias sociaux et d'avoir une connaissance de base de l'anglais. La s\u00e9lection se fera par un test \u00e9crit et un entretien de motivation. Les inscriptions sont ouvertes jusqu'au 6 novembre 2025. A l'issue de la formation, un certificat de sp\u00e9cialisation technique sup\u00e9rieure (Ifts), reconnu au niveau national, sera d\u00e9livr\u00e9. Informations disponibles \u00e0 l'adresse suivante <strong><a href=\"https:\/\/www.formodena.it\/\" target=\"_blank\" rel=\"noopener\">www.formodena.it.<\/a><\/strong><\/p>\n<\/div>\n\n\n\n\n\t<div class=\"wpb_gallery wpb_content_element clearfix\">\n\t\t<div class=\"wpb_wrapper\"><div class=\"wpb_gallery_slidesflickity_style\" data-onclick=\"link_image\" data-interval=\"5\"><div class=\"nectar-flickity not-initialized\" role=\"region\" aria-roledescription=\"carousel\" aria-label=\"Galerie d&#039;images\"  data-touch-icon-color=\"default\" data-stagger=\"\" data-drag-scale=\"\" data-overflow=\"hidden\" data-wrap=\"wrap\" data-spacing=\"default\" data-shadow=\"large_depth\" data-autoplay=\"true\" data-autoplay-dur=\"\" data-free-scroll=\"\" data-controls=\"material_pagination\" data-desktop-columns=\"1\" data-small-desktop-columns=\"1\" data-tablet-columns=\"1\" data-phone-columns=\"1\"><div class=\"flickity-viewport\"> <div class=\"flickity-slider\"><div class=\"cell\" data-lazy=\"false\"><img decoding=\"async\" class=\"skip-lazy nectar-lazy\" src=\"https:\/\/modenafuturacreativa.it\/wp-content\/uploads\/2025\/10\/558477691_788329110714116_9057153072991727364_n-600x450.jpg\" width=\"600\" height=\"450\" alt=\"558477691_788329110714116_9057153072991727364_n\" title=\"558477691_788329110714116_9057153072991727364_n\" loading=\"lazy\" \/><a class=\"entire-slide-link\" aria-label=\"558477691_788329110714116_9057153072991727364_n\"  href=\"https:\/\/modenafuturacreativa.it\/wp-content\/uploads\/2025\/10\/558477691_788329110714116_9057153072991727364_n.jpg\"><\/a><\/div><div class=\"cell\" data-lazy=\"false\"><img decoding=\"async\" class=\"skip-lazy nectar-lazy\" src=\"https:\/\/modenafuturacreativa.it\/wp-content\/uploads\/2025\/10\/063-IFTS-ForModena-1-scaled-1-600x450.jpg\" width=\"600\" height=\"450\" alt=\"063-IFTS-ForModena-1-scaled\" title=\"063-IFTS-ForModena-1-scaled\" loading=\"lazy\" \/><a class=\"entire-slide-link\" aria-label=\"063-IFTS-ForModena-1-scaled\"  href=\"https:\/\/modenafuturacreativa.it\/wp-content\/uploads\/2025\/10\/063-IFTS-ForModena-1-scaled-1.jpg\"><\/a><\/div><div class=\"cell\" data-lazy=\"false\"><img decoding=\"async\" class=\"skip-lazy nectar-lazy\" src=\"https:\/\/modenafuturacreativa.it\/wp-content\/uploads\/2025\/10\/RRS_2910-scaled-1-600x450.jpg\" width=\"600\" height=\"450\" alt=\"RRS_2910-scaled\" title=\"RRS_2910-\u00e9chelle\" loading=\"lazy\" \/><a class=\"entire-slide-link\" aria-label=\"RRS_2910-\u00e9chelle\"  href=\"https:\/\/modenafuturacreativa.it\/wp-content\/uploads\/2025\/10\/RRS_2910-scaled-1.jpg\"><\/a><\/div><\/div><\/div><\/div><\/div>\n\t\t<\/div> \n\t<\/div> \n\t\t\t<\/div> \n\t\t<\/div>\n\t<\/div> \n<\/div><\/div>","protected":false},"excerpt":{"rendered":"Quarta edizione del progetto promosso da ForModena nell\u2019ambito di Modena Citt\u00e0 Creativa Unesco per le Media Arts. Luned\u00ec 13 ottobre open day al Laboratorio Aperto Formare nuove figure professionali in...","protected":false},"author":1,"featured_media":5673,"comment_status":"closed","ping_status":"closed","sticky":false,"template":"","format":"standard","meta":{"wpupg_custom_link":[],"wpupg_custom_link_behaviour":["default"],"wpupg_custom_link_nofollow":["default"],"wpupg_custom_image":[],"wpupg_custom_image_id":[],"footnotes":""},"categories":[475],"tags":[],"class_list":["post-5550","post","type-post","status-publish","format-standard","has-post-thumbnail","category-news"],"_links":{"self":[{"href":"https:\/\/modenafuturacreativa.it\/fr\/wp-json\/wp\/v2\/posts\/5550","targetHints":{"allow":["GET"]}}],"collection":[{"href":"https:\/\/modenafuturacreativa.it\/fr\/wp-json\/wp\/v2\/posts"}],"about":[{"href":"https:\/\/modenafuturacreativa.it\/fr\/wp-json\/wp\/v2\/types\/post"}],"author":[{"embeddable":true,"href":"https:\/\/modenafuturacreativa.it\/fr\/wp-json\/wp\/v2\/users\/1"}],"replies":[{"embeddable":true,"href":"https:\/\/modenafuturacreativa.it\/fr\/wp-json\/wp\/v2\/comments?post=5550"}],"version-history":[{"count":2,"href":"https:\/\/modenafuturacreativa.it\/fr\/wp-json\/wp\/v2\/posts\/5550\/revisions"}],"predecessor-version":[{"id":5677,"href":"https:\/\/modenafuturacreativa.it\/fr\/wp-json\/wp\/v2\/posts\/5550\/revisions\/5677"}],"wp:featuredmedia":[{"embeddable":true,"href":"https:\/\/modenafuturacreativa.it\/fr\/wp-json\/wp\/v2\/media\/5673"}],"wp:attachment":[{"href":"https:\/\/modenafuturacreativa.it\/fr\/wp-json\/wp\/v2\/media?parent=5550"}],"wp:term":[{"taxonomy":"category","embeddable":true,"href":"https:\/\/modenafuturacreativa.it\/fr\/wp-json\/wp\/v2\/categories?post=5550"},{"taxonomy":"post_tag","embeddable":true,"href":"https:\/\/modenafuturacreativa.it\/fr\/wp-json\/wp\/v2\/tags?post=5550"}],"curies":[{"name":"wp","href":"https:\/\/api.w.org\/{rel}","templated":true}]}}