{"id":5445,"date":"2025-10-01T15:15:55","date_gmt":"2025-10-01T13:15:55","guid":{"rendered":"https:\/\/modenafuturacreativa.it\/?p=5445"},"modified":"2025-10-01T15:15:55","modified_gmt":"2025-10-01T13:15:55","slug":"modena-patrimonio-mondiale-in-festa-3-ghirlandina-luce-e-memoria","status":"publish","type":"post","link":"https:\/\/modenafuturacreativa.it\/fr\/modena-patrimonio-mondiale-in-festa-3-ghirlandina-luce-e-memoria\/","title":{"rendered":"MODENA WORLD HERITAGE IN CELEBRATION' \/ 3 - GHIRLANDINA. LUMI\u00c8RE ET M\u00c9MOIRE"},"content":{"rendered":"<div id=\"fws_6a9b7b9c5a5aa\"  data-column-margin=\"default\" data-midnight=\"dark\"  class=\"wpb_row vc_row-fluid vc_row\"  style=\"padding-top: 0px; padding-bottom: 0px; \"><div class=\"row-bg-wrap\" data-bg-animation=\"none\" data-bg-animation-delay=\"\" data-bg-overlay=\"false\"><div class=\"inner-wrap row-bg-layer\" ><div class=\"row-bg viewport-desktop\"  style=\"\"><\/div><\/div><\/div><div class=\"row_col_wrap_12 col span_12 dark left\">\n\t<div  class=\"vc_col-sm-12 wpb_column column_container vc_column_container col no-extra-padding inherit_tablet inherit_phone\"  data-padding-pos=\"all\" data-has-bg-color=\"false\" data-bg-color=\"\" data-bg-opacity=\"1\" data-animation=\"\" data-delay=\"0\" >\n\t\t<div class=\"vc_column-inner\" >\n\t\t\t<div class=\"wpb_wrapper\">\n\t\t\t\t\n<div class=\"wpb_text_column wpb_content_element\" >\n\t<p><strong>Du 9 au 12 octobre, sur la Piazza Torre, une spectaculaire vid\u00e9ocartographie architecturale sera pr\u00e9sent\u00e9e lors d'une double projection nocturne.<\/strong><\/p>\n<p>L'ouverture du festival aura lieu le jeudi 9 octobre \u00e0 21h30 et 22h sur la Piazza Torre, avec la pr\u00e9sentation en avant-premi\u00e8re du spectacle \"Ghirlandina. Lumi\u00e8re et m\u00e9moire\", une spectaculaire vid\u00e9omapping sur la surface de la tour elle-m\u00eame qui transformera la tour embl\u00e9matique de la ville en une toile de lumi\u00e8re et de son. L'\u0153uvre audiovisuelle sera visible tous les soirs jusqu'au dimanche 12, avec des doubles projections (22h30 et 23h le vendredi et le samedi, 21h30 et 22h le dimanche) tous les soirs en entr\u00e9e libre.<\/p>\n<p>La projection vid\u00e9o racontera l'histoire de la construction de la Ghirlandina, qui s'est \u00e9tal\u00e9e sur plus de deux si\u00e8cles, \u00e0 travers un spectacle immersif. Les images, associ\u00e9es \u00e0 une musique \u00e9vocatrice et \u00e0 un d\u00e9cor tridimensionnel, offriront aux citoyens et aux visiteurs un moment de pur \u00e9merveillement, r\u00e9unissant le pass\u00e9 et l'avenir dans un extraordinaire entrelacement visuel.<\/p>\n<p>Une grande \u0153uvre audiovisuelle qui relie les deux reconnaissances de Mod\u00e8ne par l'UNESCO, le patrimoine mondial et les arts m\u00e9diatiques, dans un dialogue entre le monument d'une valeur universelle exceptionnelle et les arts m\u00e9diatiques qui est au c\u0153ur de tout le projet. En effet, depuis 2021, Mod\u00e8ne fait partie du r\u00e9seau des villes cr\u00e9atives de l'UNESCO, premi\u00e8re ville d'Italie \u00e0 recevoir cette reconnaissance pour les arts m\u00e9diatiques, au nom d'un parcours collectif d'innovation dans le domaine culturel, de d\u00e9veloppement de la cr\u00e9ativit\u00e9 et de dialogue entre les savoirs et les langages.<\/p>\n<p>Produite par Delumen et organis\u00e9e par Santimone srl, la projection vid\u00e9o est le r\u00e9sultat d'un long travail collectif. Les contenus \u00e9dit\u00e9s par Francesca Piccinini, avec l'adaptation narrative des textes d'Elena Grazia F\u00e8, du Bureau du patrimoine mondial du mus\u00e9e municipal de Mod\u00e8ne, repr\u00e9sentent les \u00e9tudes les plus r\u00e9centes sur l'histoire de la tour, gr\u00e2ce \u00e0 la collaboration du professeur Stefano Lugli (UniMoRe - D\u00e9partement des sciences chimiques et g\u00e9ologiques) et de l'architecte Rossella Cadignani, responsable de la derni\u00e8re restauration de la tour.<\/p>\n<p>La mod\u00e9lisation architecturale est bas\u00e9e sur le relev\u00e9 3D de la tour fourni \u00e0 la municipalit\u00e9 par l'ing\u00e9nieur Federico Benatti, tandis que la projection a \u00e9t\u00e9 rendue possible gr\u00e2ce \u00e0 la disponibilit\u00e9 des mus\u00e9es du Duomo et de la Basilique M\u00e9tropolitaine et de citoyens priv\u00e9s.<\/p>\n<\/div>\n\n\n\n\n\t<div class=\"wpb_gallery wpb_content_element clearfix\">\n\t\t<div class=\"wpb_wrapper\"><div class=\"wpb_gallery_slidesflickity_style\" data-onclick=\"link_image\" data-interval=\"5\"><div class=\"nectar-flickity not-initialized\" role=\"region\" aria-roledescription=\"carousel\" aria-label=\"Galerie d&#039;images\"  data-touch-icon-color=\"default\" data-stagger=\"\" data-drag-scale=\"\" data-overflow=\"hidden\" data-wrap=\"wrap\" data-spacing=\"default\" data-shadow=\"large_depth\" data-autoplay=\"true\" data-autoplay-dur=\"\" data-free-scroll=\"\" data-controls=\"material_pagination\" data-desktop-columns=\"1\" data-small-desktop-columns=\"1\" data-tablet-columns=\"1\" data-phone-columns=\"1\"><div class=\"flickity-viewport\"> <div class=\"flickity-slider\"><div class=\"cell\" data-lazy=\"false\"><img decoding=\"async\" class=\"skip-lazy nectar-lazy\" src=\"https:\/\/modenafuturacreativa.it\/wp-content\/uploads\/2025\/10\/image-2-600x450.jpg\" width=\"600\" height=\"450\" alt=\"image\" title=\"image\" loading=\"lazy\" \/><a class=\"entire-slide-link\" aria-label=\"image\"  href=\"https:\/\/modenafuturacreativa.it\/wp-content\/uploads\/2025\/10\/image-2.jpg\"><\/a><\/div><div class=\"cell\" data-lazy=\"false\"><img decoding=\"async\" class=\"skip-lazy nectar-lazy\" src=\"https:\/\/modenafuturacreativa.it\/wp-content\/uploads\/2025\/10\/image-1-600x450.jpg\" width=\"600\" height=\"450\" alt=\"image (1)\" title=\"image (1)\" loading=\"lazy\" \/><a class=\"entire-slide-link\" aria-label=\"image (1)\"  href=\"https:\/\/modenafuturacreativa.it\/wp-content\/uploads\/2025\/10\/image-1.jpg\"><\/a><\/div><\/div><\/div><\/div><\/div>\n\t\t<\/div> \n\t<\/div> \n\t\t\t<\/div> \n\t\t<\/div>\n\t<\/div> \n<\/div><\/div>","protected":false},"excerpt":{"rendered":"Dal 9 al 12 ottobre in piazza Torre uno spettacolare videomapping architetturale, in doppia proiezione serale A inaugurare la festa, gioved\u00ec 9 ottobre alle 21.30 e 22 in Piazza Torre,...","protected":false},"author":1,"featured_media":5482,"comment_status":"closed","ping_status":"closed","sticky":false,"template":"","format":"standard","meta":{"wpupg_custom_link":[],"wpupg_custom_link_behaviour":["default"],"wpupg_custom_link_nofollow":["default"],"wpupg_custom_image":[],"wpupg_custom_image_id":[],"footnotes":""},"categories":[475,1],"tags":[],"class_list":["post-5445","post","type-post","status-publish","format-standard","has-post-thumbnail","category-news","category-senza-categoria"],"_links":{"self":[{"href":"https:\/\/modenafuturacreativa.it\/fr\/wp-json\/wp\/v2\/posts\/5445","targetHints":{"allow":["GET"]}}],"collection":[{"href":"https:\/\/modenafuturacreativa.it\/fr\/wp-json\/wp\/v2\/posts"}],"about":[{"href":"https:\/\/modenafuturacreativa.it\/fr\/wp-json\/wp\/v2\/types\/post"}],"author":[{"embeddable":true,"href":"https:\/\/modenafuturacreativa.it\/fr\/wp-json\/wp\/v2\/users\/1"}],"replies":[{"embeddable":true,"href":"https:\/\/modenafuturacreativa.it\/fr\/wp-json\/wp\/v2\/comments?post=5445"}],"version-history":[{"count":1,"href":"https:\/\/modenafuturacreativa.it\/fr\/wp-json\/wp\/v2\/posts\/5445\/revisions"}],"predecessor-version":[{"id":5484,"href":"https:\/\/modenafuturacreativa.it\/fr\/wp-json\/wp\/v2\/posts\/5445\/revisions\/5484"}],"wp:featuredmedia":[{"embeddable":true,"href":"https:\/\/modenafuturacreativa.it\/fr\/wp-json\/wp\/v2\/media\/5482"}],"wp:attachment":[{"href":"https:\/\/modenafuturacreativa.it\/fr\/wp-json\/wp\/v2\/media?parent=5445"}],"wp:term":[{"taxonomy":"category","embeddable":true,"href":"https:\/\/modenafuturacreativa.it\/fr\/wp-json\/wp\/v2\/categories?post=5445"},{"taxonomy":"post_tag","embeddable":true,"href":"https:\/\/modenafuturacreativa.it\/fr\/wp-json\/wp\/v2\/tags?post=5445"}],"curies":[{"name":"wp","href":"https:\/\/api.w.org\/{rel}","templated":true}]}}