{"id":5276,"date":"2025-09-11T15:40:49","date_gmt":"2025-09-11T13:40:49","guid":{"rendered":"https:\/\/modenafuturacreativa.it\/?p=5276"},"modified":"2025-09-11T15:43:28","modified_gmt":"2025-09-11T13:43:28","slug":"ago-off-mancuso-e-niessen-tra-arte-e-tecnoscienze","status":"publish","type":"post","link":"https:\/\/modenafuturacreativa.it\/fr\/ago-off-mancuso-e-niessen-tra-arte-e-tecnoscienze\/","title":{"rendered":"AT NEEDLE OFF MANCUSO AND NIESSEN ENTRE ART ET TECHNOSCIENCE"},"content":{"rendered":"<div id=\"fws_6a9b7b9c7ade8\"  data-column-margin=\"default\" data-midnight=\"dark\"  class=\"wpb_row vc_row-fluid vc_row\"  style=\"padding-top: 0px; padding-bottom: 0px; \"><div class=\"row-bg-wrap\" data-bg-animation=\"none\" data-bg-animation-delay=\"\" data-bg-overlay=\"false\"><div class=\"inner-wrap row-bg-layer\" ><div class=\"row-bg viewport-desktop\"  style=\"\"><\/div><\/div><\/div><div class=\"row_col_wrap_12 col span_12 dark left\">\n\t<div  class=\"vc_col-sm-12 wpb_column column_container vc_column_container col no-extra-padding inherit_tablet inherit_phone\"  data-padding-pos=\"all\" data-has-bg-color=\"false\" data-bg-color=\"\" data-bg-opacity=\"1\" data-animation=\"\" data-delay=\"0\" >\n\t\t<div class=\"vc_column-inner\" >\n\t\t\t<div class=\"wpb_wrapper\">\n\t\t\t\t\n<div class=\"wpb_text_column wpb_content_element\" >\n\t<p><strong>Samedi 13 septembre sur la sc\u00e8ne du Sant'Agostino avec la Fondazione di Modena et la FEM un dialogue sur \"Intrecci\" entre auteurs humains et non-humains entre critique et sociologue<\/strong><\/p>\n<p>L'entrelacement. Les auteurs humains et non humains entre art, culture et technoscience\". Tel est le th\u00e8me de l'\u00e9v\u00e9nement du samedi 13 septembre, \u00e0 21 heures, au cours duquel un dialogue entre le critique d'art contemporain et conservateur Marco Mancuso et le sociologue et directeur scientifique de la plateforme d'innovation culturelle \"cheFare\" Bertram Niessen sera organis\u00e9 sur la sc\u00e8ne de la Piazza Sant'Agostino \u00e0 Mod\u00e8ne.<\/p>\n<p>L'initiative, promue par la Fondazione di Modena et FEM, Future Education Modena, fait partie de la s\u00e9rie Ago Off, les dialogues autour de l'art qui, coordonn\u00e9s par la Fondazione Ago, ont eu lieu dans le cadre de l'\u00e9t\u00e9 de Mod\u00e8ne organis\u00e9 par la municipalit\u00e9 et la Fondation.<\/p>\n<p>Le dialogue entre les deux chercheurs se d\u00e9veloppe autour de l'id\u00e9e d'une nouvelle pens\u00e9e \u00e9cologique d'o\u00f9 \u00e9mergent plusieurs questions. Par exemple, comment penser \u00e0 reconna\u00eetre un r\u00f4le, \u00e0 la fois social et politique, aux acteurs naturels et artificiels qui habitent un monde dans lequel nous, les \u00eatres humains, nous trouvons dans une relation croissante d'interd\u00e9pendance avec l'environnement qui nous entoure ? Ou encore, quels d\u00e9fis se posent sur le plan culturel et quels d\u00e9fis se posent sur le plan esth\u00e9tique ?<\/p>\n<p>L'ann\u00e9e derni\u00e8re, Marco Mancuso a organis\u00e9 l'exposition \"Umwelt\" pour la Fondation Ago, consacr\u00e9e pr\u00e9cis\u00e9ment \u00e0 une r\u00e9flexion, \u00e0 travers les \u0153uvres de divers artistes internationaux, sur la mani\u00e8re dont l'art et les artefacts technoscientifiques peuvent nous rapprocher d'une compr\u00e9hension plus profonde des expressions non humaines de l'intelligence, entrer en relation avec elles, les int\u00e9grer dans un nouvel environnement collectif et diffuser une \u00e9thique \u00e9cologique renouvel\u00e9e en d\u00e9clenchant de nouveaux modes de dialogue et de relations entre les \u00eatres humains et le contexte, naturel et artificiel.<\/p>\n<p>La revue Ago Off s'ach\u00e8ve le lundi 15 septembre, \u00e0 21 heures, avec la rencontre, promue par la Fondazione di Modena en collaboration avec Ago, avec l'expert en humanit\u00e9s num\u00e9riques Jeffrey Schnapp, italianiste et historien, conf\u00e9rencier \u00e0 Harvard, auteur du livre \"Storia rapida della velocit\u00e0\" (Saggiatore editions). M. Schnapp en discute avec l'anthropologue Adriano Favole et Antonello Coletta, PDG de Ferrari WEC. La rencontre sera anim\u00e9e par la journaliste automobile Maria Grazia Lechleitner.<\/p>\n<p>Les photographies de Bertram Niessen et Marco Mancuso dans le cadre de l'exposition \"Umwelt\" peuvent \u00eatre t\u00e9l\u00e9charg\u00e9es, ainsi que des images de la place.<\/p>\n<p>Service de presse : <a title=\"press@fondazioneago.it\" href=\"mailto:press@fondazioneago.it\">press@fondazioneago.it<\/a><\/p>\n<\/div>\n\n\n\n\n\t<div class=\"wpb_gallery wpb_content_element clearfix\">\n\t\t<div class=\"wpb_wrapper\"><div class=\"wpb_gallery_slidesflickity_style\" data-onclick=\"link_image\" data-interval=\"5\"><div class=\"nectar-flickity not-initialized\" role=\"region\" aria-roledescription=\"carousel\" aria-label=\"Galerie d&#039;images\"  data-touch-icon-color=\"default\" data-stagger=\"\" data-drag-scale=\"\" data-overflow=\"hidden\" data-wrap=\"wrap\" data-spacing=\"default\" data-shadow=\"large_depth\" data-autoplay=\"true\" data-autoplay-dur=\"\" data-free-scroll=\"\" data-controls=\"material_pagination\" data-desktop-columns=\"1\" data-small-desktop-columns=\"1\" data-tablet-columns=\"1\" data-phone-columns=\"1\"><div class=\"flickity-viewport\"> <div class=\"flickity-slider\"><div class=\"cell\" data-lazy=\"false\"><img decoding=\"async\" class=\"skip-lazy nectar-lazy\" src=\"https:\/\/modenafuturacreativa.it\/wp-content\/uploads\/2025\/09\/Marco-Mancuso-mostra-Unwelt-600x450.jpeg\" width=\"600\" height=\"450\" alt=\"Marco Mancuso - mostra Unwelt\" title=\"Marco Mancuso - Exposition Unwelt\" loading=\"lazy\" \/><a class=\"entire-slide-link\" aria-label=\"Marco Mancuso - Exposition Unwelt\"  href=\"https:\/\/modenafuturacreativa.it\/wp-content\/uploads\/2025\/09\/Marco-Mancuso-mostra-Unwelt.jpeg\"><\/a><\/div><div class=\"cell\" data-lazy=\"false\"><img decoding=\"async\" class=\"skip-lazy nectar-lazy\" src=\"https:\/\/modenafuturacreativa.it\/wp-content\/uploads\/2025\/09\/Bertram-Niessen-2-600x450.jpeg\" width=\"600\" height=\"450\" alt=\"Bertram-Niessen 2\" title=\"Bertram-Niessen 2\" loading=\"lazy\" \/><a class=\"entire-slide-link\" aria-label=\"Bertram-Niessen 2\"  href=\"https:\/\/modenafuturacreativa.it\/wp-content\/uploads\/2025\/09\/Bertram-Niessen-2.jpeg\"><\/a><\/div><div class=\"cell\" data-lazy=\"false\"><img decoding=\"async\" class=\"skip-lazy nectar-lazy\" src=\"https:\/\/modenafuturacreativa.it\/wp-content\/uploads\/2025\/09\/Ago-Off-piazza-600x450.jpg\" width=\"600\" height=\"450\" alt=\"Ago Off - piazza\" title=\"Ago Off - carr\u00e9\" loading=\"lazy\" \/><a class=\"entire-slide-link\" aria-label=\"Ago Off - carr\u00e9\"  href=\"https:\/\/modenafuturacreativa.it\/wp-content\/uploads\/2025\/09\/Ago-Off-piazza.jpg\"><\/a><\/div><div class=\"cell\" data-lazy=\"false\"><img decoding=\"async\" class=\"skip-lazy nectar-lazy\" src=\"https:\/\/modenafuturacreativa.it\/wp-content\/uploads\/2025\/09\/Ago-Off-piazza-2-600x450.jpg\" width=\"600\" height=\"450\" alt=\"Ago Off - piazza 2\" title=\"Ago Off - carr\u00e9 2\" loading=\"lazy\" \/><a class=\"entire-slide-link\" aria-label=\"Ago Off - carr\u00e9 2\"  href=\"https:\/\/modenafuturacreativa.it\/wp-content\/uploads\/2025\/09\/Ago-Off-piazza-2.jpg\"><\/a><\/div><\/div><\/div><\/div><\/div>\n\t\t<\/div> \n\t<\/div> \n\t\t\t<\/div> \n\t\t<\/div>\n\t<\/div> \n<\/div><\/div>","protected":false},"excerpt":{"rendered":"Sabato 13 settembre sul palco del Sant\u2019Agostino con Fondazione di Modena e FEM un dialogo su \u201cIntrecci\u201d tra autori umani e non umani tra il critico e il sociologo \u201cIntrecci....","protected":false},"author":1,"featured_media":5308,"comment_status":"closed","ping_status":"closed","sticky":false,"template":"","format":"standard","meta":{"wpupg_custom_link":[],"wpupg_custom_link_behaviour":["default"],"wpupg_custom_link_nofollow":["default"],"wpupg_custom_image":[],"wpupg_custom_image_id":[],"footnotes":""},"categories":[475],"tags":[],"class_list":["post-5276","post","type-post","status-publish","format-standard","has-post-thumbnail","category-news"],"_links":{"self":[{"href":"https:\/\/modenafuturacreativa.it\/fr\/wp-json\/wp\/v2\/posts\/5276","targetHints":{"allow":["GET"]}}],"collection":[{"href":"https:\/\/modenafuturacreativa.it\/fr\/wp-json\/wp\/v2\/posts"}],"about":[{"href":"https:\/\/modenafuturacreativa.it\/fr\/wp-json\/wp\/v2\/types\/post"}],"author":[{"embeddable":true,"href":"https:\/\/modenafuturacreativa.it\/fr\/wp-json\/wp\/v2\/users\/1"}],"replies":[{"embeddable":true,"href":"https:\/\/modenafuturacreativa.it\/fr\/wp-json\/wp\/v2\/comments?post=5276"}],"version-history":[{"count":1,"href":"https:\/\/modenafuturacreativa.it\/fr\/wp-json\/wp\/v2\/posts\/5276\/revisions"}],"predecessor-version":[{"id":5311,"href":"https:\/\/modenafuturacreativa.it\/fr\/wp-json\/wp\/v2\/posts\/5276\/revisions\/5311"}],"wp:featuredmedia":[{"embeddable":true,"href":"https:\/\/modenafuturacreativa.it\/fr\/wp-json\/wp\/v2\/media\/5308"}],"wp:attachment":[{"href":"https:\/\/modenafuturacreativa.it\/fr\/wp-json\/wp\/v2\/media?parent=5276"}],"wp:term":[{"taxonomy":"category","embeddable":true,"href":"https:\/\/modenafuturacreativa.it\/fr\/wp-json\/wp\/v2\/categories?post=5276"},{"taxonomy":"post_tag","embeddable":true,"href":"https:\/\/modenafuturacreativa.it\/fr\/wp-json\/wp\/v2\/tags?post=5276"}],"curies":[{"name":"wp","href":"https:\/\/api.w.org\/{rel}","templated":true}]}}