{"id":5123,"date":"2025-08-21T11:59:43","date_gmt":"2025-08-21T09:59:43","guid":{"rendered":"https:\/\/modenafuturacreativa.it\/?p=5123"},"modified":"2025-08-21T12:01:11","modified_gmt":"2025-08-21T10:01:11","slug":"quayola-festivalfilosofia","status":"publish","type":"post","link":"https:\/\/modenafuturacreativa.it\/fr\/quayola-festivalfilosofia\/","title":{"rendered":"QUAYOLA RETOURNE A MODENE POUR FESTIVALFILOSOPHY"},"content":{"rendered":"<div id=\"fws_6a9b7c7413b7f\"  data-column-margin=\"default\" data-midnight=\"dark\"  class=\"wpb_row vc_row-fluid vc_row\"  style=\"padding-top: 0px; padding-bottom: 0px; \"><div class=\"row-bg-wrap\" data-bg-animation=\"none\" data-bg-animation-delay=\"\" data-bg-overlay=\"false\"><div class=\"inner-wrap row-bg-layer\" ><div class=\"row-bg viewport-desktop\"  style=\"\"><\/div><\/div><\/div><div class=\"row_col_wrap_12 col span_12 dark left\">\n\t<div  class=\"vc_col-sm-12 wpb_column column_container vc_column_container col no-extra-padding inherit_tablet inherit_phone\"  data-padding-pos=\"all\" data-has-bg-color=\"false\" data-bg-color=\"\" data-bg-opacity=\"1\" data-animation=\"\" data-delay=\"0\" >\n\t\t<div class=\"vc_column-inner\" >\n\t\t\t<div class=\"wpb_wrapper\">\n\t\t\t\t\n<div class=\"wpb_text_column wpb_content_element\" >\n\t<p><strong>\u00c0 partir du 19 septembre, la Fondazione Ago pr\u00e9sentera une s\u00e9lection d'\u0153uvres de l'artiste num\u00e9rique qui explore la relation entre l'art et les nouvelles technologies, \u00e9galement d\u00e9velopp\u00e9e dans l'exposition au Qatar avec l'ambassade.<\/strong><\/p>\n<p>Les artistes d'aujourd'hui peuvent apprendre aux machines \u00e0 g\u00e9n\u00e9rer des images, en leur transf\u00e9rant des connaissances et des techniques, et en recevant d'elles la possibilit\u00e9 d'explorer de nouveaux horizons esth\u00e9tiques et perceptifs. C'est une r\u00e9flexion sur la relation entre l'art et les nouveaux gestes algorithmiques que l'artiste num\u00e9rique Quayola proposera \u00e0 Mod\u00e8ne, avec la Fondazione Ago, \u00e0 partir du vendredi 19 septembre, lors du Festivalfilosofia consacr\u00e9 \u00e0 la Paideia, c'est-\u00e0-dire \u00e0 la transmission de la connaissance.<\/p>\n<p>Apr\u00e8s l'exposition \" Nuovo Paesaggio \" qui s'est tenue ces derniers mois \u00e0 Doha, au Qatar, promue par l'ambassade d'Italie avec les mus\u00e9es du Qatar et soutenue par la Direction g\u00e9n\u00e9rale de la cr\u00e9ativit\u00e9 contemporaine du minist\u00e8re de la Culture, avec la collaboration de la Fondazione Ago Modena Fabbriche Culturali et sous la direction de Claudio Composti, Quayola revient donc \u00e0 Mod\u00e8ne o\u00f9, en 2020, il avait r\u00e9alis\u00e9 sa premi\u00e8re exposition personnelle dans une institution publique italienne, l'ancienne Fondazione Modena arti visive : \" Ultima perfezione \", sous la direction de Daniele De Luigi.<\/p>\n<p>C'est pr\u00e9cis\u00e9ment De Luigi qui est le commissaire de la nouvelle exposition qui, avec la collaboration de Quayola Studio et sur la base de l'exp\u00e9rience d\u00e9velopp\u00e9e au Qatar avec l'Ambassade et le Minist\u00e8re, propose une petite s\u00e9lection d'\u0153uvres au Palazzo Santa Margherita jusqu'au 5 octobre : une de la s\u00e9rie \" Storms \", la m\u00eame que celle pr\u00e9sent\u00e9e au Qatar, et deux de la s\u00e9rie \" Judith and Holofernes \" (\" Iconographies #21-80 : Judith and Holofernes \"), d\u00e9j\u00e0 pr\u00e9sentes dans les collections de la Fondazione Ago. L'exposition est accompagn\u00e9e d'une interview vid\u00e9o de l'artiste sur son exp\u00e9rience du \" travail \" avec les machines et son rapport \u00e0 la technologie : \" C'est une occasion de d\u00e9couvrir de nouvelles fa\u00e7ons de voir le monde \", dit Quayola, \" c'est une extension de nos sens, qui nous permet de percevoir la r\u00e9alit\u00e9 d'une mani\u00e8re radicalement nouvelle et diff\u00e9rente \".<\/p>\n<p>Dans sa pratique, Quayola d\u00e9veloppe des logiciels personnalis\u00e9s pour \u00e9tudier les nouvelles esth\u00e9tiques algorithmiques qui \u00e9mergent de sa collaboration avec les machines : \"Je suis fascin\u00e9 par le code et la technologie, non pas comme un moyen de reproduire un sujet, mais plut\u00f4t comme les sujets m\u00eames de l'investigation.<\/p>\n<p>\"Quayola, explique Daniele De Luigi, utilise la technologie comme une lentille pour explorer les tensions et les \u00e9quilibres entre des forces apparemment oppos\u00e9es : le r\u00e9el et l'artificiel, le figuratif et l'abstrait, l'ancien et le nouveau. \u00c0 travers des installations immersives, il r\u00e9interpr\u00e8te l'imagerie traditionnelle de l'histoire de l'art. Sa pratique diversifi\u00e9e, enti\u00e8rement d\u00e9riv\u00e9e de logiciels personnalis\u00e9s, comprend \u00e9galement des performances audiovisuelles, des installations vid\u00e9o immersives, des sculptures et des \u0153uvres sur papier\".<\/p>\n<p>Ses \u0153uvres sont pr\u00e9sentes dans de nombreuses institutions culturelles prestigieuses \u00e0 travers le monde : du V&amp;A de Londres au Park Avenue Armory de New York, du National Art Center de Tokyo \u00e0 l'UCCA de P\u00e9kin, en passant par le How Art Museum de Shanghai, le Palais de Tokyo \u00e0 Paris, le Sonar Festival de Barcelone et l'Ars Electronica de Linz, o\u00f9 il a re\u00e7u le Golden Nica Award en 2013. Ses collaborations \u00e0 des projets musicaux sont \u00e9galement nombreuses.<\/p>\n<p>Pendant le Festivalfilosofia, l'exposition est ouverte de 9 heures \u00e0 23 heures les vendredi 19 et samedi 20 septembre, et de 9 heures \u00e0 21 heures le dimanche 21 septembre. A partir de la semaine suivante, l'exposition est ouverte, toujours en entr\u00e9e libre, du mercredi au vendredi de 11 \u00e0 13 heures et de 16 \u00e0 19 heures, le samedi et le dimanche de 11 \u00e0 19 heures : <a href=\"http:\/\/www.agomodena.it.\" target=\"_blank\" rel=\"noopener\">www.agomodena.it.<\/a><\/p>\n<\/div>\n\n\n\n\n\t<div class=\"wpb_gallery wpb_content_element clearfix\">\n\t\t<div class=\"wpb_wrapper\"><div class=\"wpb_gallery_slidesflickity_style\" data-onclick=\"link_image\" data-interval=\"5\"><div class=\"nectar-flickity not-initialized\" role=\"region\" aria-roledescription=\"carousel\" aria-label=\"Galerie d&#039;images\"  data-touch-icon-color=\"default\" data-stagger=\"\" data-drag-scale=\"\" data-overflow=\"hidden\" data-wrap=\"wrap\" data-spacing=\"default\" data-shadow=\"large_depth\" data-autoplay=\"true\" data-autoplay-dur=\"\" data-free-scroll=\"\" data-controls=\"material_pagination\" data-desktop-columns=\"1\" data-small-desktop-columns=\"1\" data-tablet-columns=\"1\" data-phone-columns=\"1\"><div class=\"flickity-viewport\"> <div class=\"flickity-slider\"><div class=\"cell\" data-lazy=\"false\"><img decoding=\"async\" class=\"skip-lazy nectar-lazy\" src=\"https:\/\/modenafuturacreativa.it\/wp-content\/uploads\/2025\/08\/Quayola_Sirani_1917g-600x450.jpg\" width=\"600\" height=\"450\" alt=\"Quayola - Ultima Perfezione\" title=\"Quayola - La derni\u00e8re perfection\" loading=\"lazy\" \/><a class=\"entire-slide-link\" aria-label=\"Quayola - La derni\u00e8re perfection\"  href=\"https:\/\/modenafuturacreativa.it\/wp-content\/uploads\/2025\/08\/Quayola_Sirani_1917g.jpg\"><\/a><\/div><div class=\"cell\" data-lazy=\"false\"><img decoding=\"async\" class=\"skip-lazy nectar-lazy\" src=\"https:\/\/modenafuturacreativa.it\/wp-content\/uploads\/2025\/08\/Quayola_Storm-scaled-600x450.jpg\" width=\"600\" height=\"450\" alt=\"Quayola_Storm\" title=\"Quayola_Storm\" loading=\"lazy\" \/><a class=\"entire-slide-link\" aria-label=\"Quayola_Storm\"  href=\"https:\/\/modenafuturacreativa.it\/wp-content\/uploads\/2025\/08\/Quayola_Storm-scaled.jpg\"><\/a><\/div><\/div><\/div><\/div><\/div>\n\t\t<\/div> \n\t<\/div> \n\t\t\t<\/div> \n\t\t<\/div>\n\t<\/div> \n<\/div><\/div>","protected":false},"excerpt":{"rendered":"Dal 19 settembre con Fondazione Ago una selezione di opere dell\u2019artista digitale che esplora il rapporto tra arte e nuove tecnologie sviluppato anche nell\u2019esposizione in Qatar con l'Ambasciata Gli artisti...","protected":false},"author":1,"featured_media":5153,"comment_status":"closed","ping_status":"closed","sticky":false,"template":"","format":"standard","meta":{"wpupg_custom_link":[],"wpupg_custom_link_behaviour":["default"],"wpupg_custom_link_nofollow":["default"],"wpupg_custom_image":[],"wpupg_custom_image_id":[],"footnotes":""},"categories":[475],"tags":[],"class_list":["post-5123","post","type-post","status-publish","format-standard","has-post-thumbnail","category-news"],"_links":{"self":[{"href":"https:\/\/modenafuturacreativa.it\/fr\/wp-json\/wp\/v2\/posts\/5123","targetHints":{"allow":["GET"]}}],"collection":[{"href":"https:\/\/modenafuturacreativa.it\/fr\/wp-json\/wp\/v2\/posts"}],"about":[{"href":"https:\/\/modenafuturacreativa.it\/fr\/wp-json\/wp\/v2\/types\/post"}],"author":[{"embeddable":true,"href":"https:\/\/modenafuturacreativa.it\/fr\/wp-json\/wp\/v2\/users\/1"}],"replies":[{"embeddable":true,"href":"https:\/\/modenafuturacreativa.it\/fr\/wp-json\/wp\/v2\/comments?post=5123"}],"version-history":[{"count":1,"href":"https:\/\/modenafuturacreativa.it\/fr\/wp-json\/wp\/v2\/posts\/5123\/revisions"}],"predecessor-version":[{"id":5154,"href":"https:\/\/modenafuturacreativa.it\/fr\/wp-json\/wp\/v2\/posts\/5123\/revisions\/5154"}],"wp:featuredmedia":[{"embeddable":true,"href":"https:\/\/modenafuturacreativa.it\/fr\/wp-json\/wp\/v2\/media\/5153"}],"wp:attachment":[{"href":"https:\/\/modenafuturacreativa.it\/fr\/wp-json\/wp\/v2\/media?parent=5123"}],"wp:term":[{"taxonomy":"category","embeddable":true,"href":"https:\/\/modenafuturacreativa.it\/fr\/wp-json\/wp\/v2\/categories?post=5123"},{"taxonomy":"post_tag","embeddable":true,"href":"https:\/\/modenafuturacreativa.it\/fr\/wp-json\/wp\/v2\/tags?post=5123"}],"curies":[{"name":"wp","href":"https:\/\/api.w.org\/{rel}","templated":true}]}}