{"id":4729,"date":"2025-06-12T12:28:34","date_gmt":"2025-06-12T10:28:34","guid":{"rendered":"https:\/\/modenafuturacreativa.it\/?p=4729"},"modified":"2025-06-12T12:28:34","modified_gmt":"2025-06-12T10:28:34","slug":"lestate-modenese-e-anche-in-santagostino-una-piazza-per-la-cultura","status":"publish","type":"post","link":"https:\/\/modenafuturacreativa.it\/fr\/lestate-modenese-e-anche-in-santagostino-una-piazza-per-la-cultura\/","title":{"rendered":"L'\u00e9t\u00e9 mod\u00e9nais se trouve \u00e9galement \u00e0 \"santAGOstino. Une place pour la culture\"."},"content":{"rendered":"<div id=\"fws_6a9b7bf80097a\"  data-column-margin=\"default\" data-midnight=\"dark\"  class=\"wpb_row vc_row-fluid vc_row\"  style=\"padding-top: 0px; padding-bottom: 0px; \"><div class=\"row-bg-wrap\" data-bg-animation=\"none\" data-bg-animation-delay=\"\" data-bg-overlay=\"false\"><div class=\"inner-wrap row-bg-layer\" ><div class=\"row-bg viewport-desktop\"  style=\"\"><\/div><\/div><\/div><div class=\"row_col_wrap_12 col span_12 dark left\">\n\t<div  class=\"vc_col-sm-12 wpb_column column_container vc_column_container col no-extra-padding inherit_tablet inherit_phone\"  data-padding-pos=\"all\" data-has-bg-color=\"false\" data-bg-color=\"\" data-bg-opacity=\"1\" data-animation=\"\" data-delay=\"0\" >\n\t\t<div class=\"vc_column-inner\" >\n\t\t\t<div class=\"wpb_wrapper\">\n\t\t\t\t\n\t<div class=\"wpb_gallery wpb_content_element clearfix\">\n\t\t<div class=\"wpb_wrapper\"><div class=\"wpb_gallery_slidesflickity_style\" data-onclick=\"link_image\" data-interval=\"5\"><div class=\"nectar-flickity not-initialized\" role=\"region\" aria-roledescription=\"carousel\" aria-label=\"Galerie d&#039;images\"  data-touch-icon-color=\"default\" data-stagger=\"\" data-drag-scale=\"\" data-overflow=\"hidden\" data-wrap=\"wrap\" data-spacing=\"default\" data-shadow=\"large_depth\" data-autoplay=\"true\" data-autoplay-dur=\"\" data-free-scroll=\"\" data-controls=\"material_pagination\" data-desktop-columns=\"1\" data-small-desktop-columns=\"1\" data-tablet-columns=\"1\" data-phone-columns=\"1\"><div class=\"flickity-viewport\"> <div class=\"flickity-slider\"><div class=\"cell\" data-lazy=\"false\"><img decoding=\"async\" class=\"skip-lazy nectar-lazy\" src=\"https:\/\/modenafuturacreativa.it\/wp-content\/uploads\/2025\/06\/piazza-santagostino12-600x450.jpg\" width=\"600\" height=\"450\" alt=\"piazza sant&#039;agostino12\" title=\"piazza sant&#039;agostino12\" loading=\"lazy\" \/><a class=\"entire-slide-link\" aria-label=\"piazza sant&#039;agostino12\"  href=\"https:\/\/modenafuturacreativa.it\/wp-content\/uploads\/2025\/06\/piazza-santagostino12.jpg\"><\/a><\/div><div class=\"cell\" data-lazy=\"false\"><img decoding=\"async\" class=\"skip-lazy nectar-lazy\" src=\"https:\/\/modenafuturacreativa.it\/wp-content\/uploads\/2025\/06\/image-1600-8d5278caa2977ca2b400cfa58b559e41-600x450.jpeg\" width=\"600\" height=\"450\" alt=\"image-1600-8d5278caa2977ca2b400cfa58b559e41\" title=\"image-1600-8d5278caa2977ca2b400cfa58b559e41\" loading=\"lazy\" \/><a class=\"entire-slide-link\" aria-label=\"image-1600-8d5278caa2977ca2b400cfa58b559e41\"  href=\"https:\/\/modenafuturacreativa.it\/wp-content\/uploads\/2025\/06\/image-1600-8d5278caa2977ca2b400cfa58b559e41.jpeg\"><\/a><\/div><div class=\"cell\" data-lazy=\"false\"><img decoding=\"async\" class=\"skip-lazy nectar-lazy\" src=\"https:\/\/modenafuturacreativa.it\/wp-content\/uploads\/2025\/06\/image-1600-27def23ec578eb61e685d33813328419-600x450.jpeg\" width=\"600\" height=\"450\" alt=\"image-1600-27def23ec578eb61e685d33813328419\" title=\"image-1600-27def23ec578eb61e685d33813328419\" loading=\"lazy\" \/><a class=\"entire-slide-link\" aria-label=\"image-1600-27def23ec578eb61e685d33813328419\"  href=\"https:\/\/modenafuturacreativa.it\/wp-content\/uploads\/2025\/06\/image-1600-27def23ec578eb61e685d33813328419.jpeg\"><\/a><\/div><div class=\"cell\" data-lazy=\"false\"><img decoding=\"async\" class=\"skip-lazy nectar-lazy\" src=\"https:\/\/modenafuturacreativa.it\/wp-content\/uploads\/2025\/06\/image-1600-ff46f420fb1be45d85fe374ddb6a21b3-600x450.jpeg\" width=\"600\" height=\"450\" alt=\"image-1600-ff46f420fb1be45d85fe374ddb6a21b3\" title=\"image-1600-ff46f420fb1be45d85fe374ddb6a21b3\" loading=\"lazy\" \/><a class=\"entire-slide-link\" aria-label=\"image-1600-ff46f420fb1be45d85fe374ddb6a21b3\"  href=\"https:\/\/modenafuturacreativa.it\/wp-content\/uploads\/2025\/06\/image-1600-ff46f420fb1be45d85fe374ddb6a21b3.jpeg\"><\/a><\/div><\/div><\/div><\/div><\/div>\n\t\t<\/div> \n\t<\/div> \n<div class=\"wpb_text_column wpb_content_element\" >\n\t<p><strong>Spectacles, musique et initiatives artistiques dans la zone situ\u00e9e entre le Palazzo dei Musei et le site de l'ancien h\u00f4pital, pi\u00e9tonne de juillet \u00e0 septembre, avec une installation con\u00e7ue par l'architecte Ratti : un dialogue entre le pass\u00e9 et l'avenir.<\/strong><\/p>\n<p>Cette ann\u00e9e, le c\u0153ur de l'\u00e9t\u00e9 de Mod\u00e8ne sera \"santAGOstino. Une place pour la culture\". Pour accueillir des spectacles, de la musique, des activit\u00e9s et des initiatives li\u00e9es \u00e0 l'art, la zone situ\u00e9e entre le Palazzo dei Musei et le site de l'ancien h\u00f4pital sera pi\u00e9tonne de juillet \u00e0 septembre. L'am\u00e9nagement qui remplacera temporairement le parking, con\u00e7u par le Studio Carlo Ratti e Associati, rappelle les travaux actuellement en cours dans le complexe immobilier, au terme desquels, \u00e0 partir de l'ann\u00e9e prochaine, les espaces qui accueilleront les Mus\u00e9es universitaires, les expositions de la Fondazione Ago, le Mus\u00e9e de la Figurine, les activit\u00e9s de FEM - Future Education Modena et DHMore seront progressivement restitu\u00e9s \u00e0 la ville.<\/p>\n<p>Au cours des prochains mois, la pi\u00e9tonisation de la Piazza Sant'Agostino aura pour mission de faire conna\u00eetre \u00e0 la ville l'histoire des travaux de restauration entrepris par la Fondazione di Modena, \u00e0 travers un dialogue entre le pass\u00e9, le pr\u00e9sent et le futur, avec des installations, des narrations et des visites guid\u00e9es du site \u00e0 partir du foyer de l'Ex Ospedale, qui sera ouvert au public pour montrer la restauration du grand espace d'exposition donnant sur la Via Emilia.<\/p>\n<p>L'initiative a \u00e9t\u00e9 pr\u00e9sent\u00e9e lors d'une conf\u00e9rence de presse \u00e0 l'h\u00f4tel de ville en pr\u00e9sence du maire Massimo Mezzetti, du pr\u00e9sident de la Fondazione di Modena Matteo Tiezzi, de la pr\u00e9sidente de la Fondazione Ago Donatella Pieri et, en liaison, du commissaire de la Biennale d'architecture de Venise Carlo Ratti, qui, parmi les concepteurs du projet de r\u00e9am\u00e9nagement, est responsable de l'am\u00e9nagement de la place.<\/p>\n<p>La nouvelle installation animera la place du mardi 1er juillet au vendredi 26 septembre, date \u00e0 laquelle la zone retrouvera son aspect actuel \u00e0 la fin de l'\u00e9dition 2025 du festivalalfilosofia, transformant temporairement la zone, lib\u00e9r\u00e9e du stationnement, en un nouvel espace social et de rencontre pour la ville. La voie de bus sera conserv\u00e9e, tandis qu'une piste cyclable et pi\u00e9tonne sera cr\u00e9\u00e9e le long des installations.<\/p>\n<p>Parall\u00e8lement \u00e0 la pi\u00e9tonisation de la place, une premi\u00e8re partie de la fa\u00e7ade restaur\u00e9e de l'ancien Sant'Agostino sera \u00e9galement d\u00e9finitivement mise au jour, celle correspondant \u00e0 l'entr\u00e9e ou au foyer ouest, d'o\u00f9 il sera alors possible d'apercevoir certains des espaces o\u00f9 les travaux sont en voie d'ach\u00e8vement et o\u00f9 se trouvera \u00e9galement une exposition multim\u00e9dia consacr\u00e9e \u00e0 la restauration de l'\u00e9difice. \u00c0 partir de l\u00e0, les visites guid\u00e9es du chantier ouvertes au public commenceront, sur r\u00e9servation sur le site web <a title=\"opensInNewTab\" href=\"https:\/\/urlsand.esvalabs.com\/?u=http%3A%2F%2Fwww.agomodena.it&amp;e=fc3b5999&amp;h=d17c6a3b&amp;f=n&amp;p=y\" target=\"_blank\" rel=\"noopener noreferrer\">www.agomodena.it<\/a> \u00e0 partir du 19 juin.<\/p>\n<p>Sur la place, les installations seront coordonn\u00e9es graphiquement et rappelleront l'image du chantier, avec \u00e9galement la r\u00e9utilisation de certaines parties de la b\u00e2che qui a recouvert la fa\u00e7ade du complexe immobilier pendant trois ans. Sur la sc\u00e8ne, situ\u00e9e dans la zone ouest et dot\u00e9e de 200 places, se d\u00e9roulera un programme vari\u00e9 de concerts, de spectacles, de rencontres et de projections de films, \u00e9labor\u00e9 par le service culturel de la municipalit\u00e9, qui sera pr\u00e9sent\u00e9 \u00e0 la mi-juin en m\u00eame temps que le programme complet de l'\u00e9t\u00e9 mod\u00e9nais. Une trentaine de soir\u00e9es \u00e0 entr\u00e9e libre, qui seront ouvertes le vendredi 18 juillet par le spectacle \"Il talento di essere tutti e nessuno\" (Le talent d'\u00eatre tout le monde et personne) de l'acteur et doubleur Luca Ward.<\/p>\n<p>De l'autre c\u00f4t\u00e9 de la place, entre l'entr\u00e9e du Palazzo dei Musei et le cimeti\u00e8re, il y a un dehors avec une buvette, g\u00e9r\u00e9 par le Bar Mosaico du Palazzo dei Musei, et un espace pour les initiatives \"Ago Off\" coordonn\u00e9es par la Fondazione Ago : une vingtaine de rendez-vous programm\u00e9s \u00e0 19 heures (les mardis, mercredis et jeudis) avec des dialogues autour de l'art, des ateliers et des laboratoires pour les enfants, le r\u00e9cit de la restauration de l'ancien Sant'Agostino avec \"Per filo e per segno\", l'activit\u00e9 qui accompagne les travaux de restauration architecturale et la traditionnelle lecture artistico-historique du complexe, et, toujours, des avant-premi\u00e8res des expositions et des activit\u00e9s \u00e9galement programm\u00e9es par Fem, les Mus\u00e9es universitaires et DHMore.<\/p>\n<p>L'exposition \"Ago Off\" s'ouvre le mercredi 23 juillet avec un rendez-vous sur \"L'art comme outil de bien-\u00eatre\", pr\u00e9sentant quelques exp\u00e9riences d\u00e9velopp\u00e9es avec des personnes \u00e2g\u00e9es et des personnes atteintes de d\u00e9mence et d'Alzheimer et leurs aidants, et se termine le samedi 13 septembre, lors d'un \u00e9v\u00e9nement extraordinaire \u00e0 21 heures, avec une rencontre avec l'expert en art contemporain Marco Mancuso en dialogue avec le directeur scientifique de la plate-forme d'innovation culturelle \"cheFare\", Bertram Niessen.<\/p>\n<\/div>\n\n\n\n\n\t\t\t<\/div> \n\t\t<\/div>\n\t<\/div> \n<\/div><\/div>","protected":false},"excerpt":{"rendered":"Spectacles, musique et initiatives artistiques dans la zone situ\u00e9e entre le Palazzo dei Musei et l'ancien chantier de l'h\u00f4pital, rendue pi\u00e9tonne de juillet \u00e0 septembre, avec une installation con\u00e7ue par l'architecte Ratti : un dialogue entre le pass\u00e9...","protected":false},"author":1,"featured_media":4743,"comment_status":"closed","ping_status":"closed","sticky":false,"template":"","format":"standard","meta":{"wpupg_custom_link":[],"wpupg_custom_link_behaviour":["default"],"wpupg_custom_link_nofollow":["default"],"wpupg_custom_image":[],"wpupg_custom_image_id":[],"footnotes":""},"categories":[475],"tags":[],"class_list":["post-4729","post","type-post","status-publish","format-standard","has-post-thumbnail","category-news"],"_links":{"self":[{"href":"https:\/\/modenafuturacreativa.it\/fr\/wp-json\/wp\/v2\/posts\/4729","targetHints":{"allow":["GET"]}}],"collection":[{"href":"https:\/\/modenafuturacreativa.it\/fr\/wp-json\/wp\/v2\/posts"}],"about":[{"href":"https:\/\/modenafuturacreativa.it\/fr\/wp-json\/wp\/v2\/types\/post"}],"author":[{"embeddable":true,"href":"https:\/\/modenafuturacreativa.it\/fr\/wp-json\/wp\/v2\/users\/1"}],"replies":[{"embeddable":true,"href":"https:\/\/modenafuturacreativa.it\/fr\/wp-json\/wp\/v2\/comments?post=4729"}],"version-history":[{"count":1,"href":"https:\/\/modenafuturacreativa.it\/fr\/wp-json\/wp\/v2\/posts\/4729\/revisions"}],"predecessor-version":[{"id":4744,"href":"https:\/\/modenafuturacreativa.it\/fr\/wp-json\/wp\/v2\/posts\/4729\/revisions\/4744"}],"wp:featuredmedia":[{"embeddable":true,"href":"https:\/\/modenafuturacreativa.it\/fr\/wp-json\/wp\/v2\/media\/4743"}],"wp:attachment":[{"href":"https:\/\/modenafuturacreativa.it\/fr\/wp-json\/wp\/v2\/media?parent=4729"}],"wp:term":[{"taxonomy":"category","embeddable":true,"href":"https:\/\/modenafuturacreativa.it\/fr\/wp-json\/wp\/v2\/categories?post=4729"},{"taxonomy":"post_tag","embeddable":true,"href":"https:\/\/modenafuturacreativa.it\/fr\/wp-json\/wp\/v2\/tags?post=4729"}],"curies":[{"name":"wp","href":"https:\/\/api.w.org\/{rel}","templated":true}]}}