{"id":4638,"date":"2025-05-23T11:45:04","date_gmt":"2025-05-23T09:45:04","guid":{"rendered":"https:\/\/modenafuturacreativa.it\/?p=4638"},"modified":"2025-05-23T11:46:08","modified_gmt":"2025-05-23T09:46:08","slug":"cult-nel-segno-delle-media-arts-25-modenesi-vanno-a-karlsruhe","status":"publish","type":"post","link":"https:\/\/modenafuturacreativa.it\/fr\/cult-nel-segno-delle-media-arts-25-modenesi-vanno-a-karlsruhe\/","title":{"rendered":"Cult, sous le signe de Media Arts 25 Modenese vont \u00e0 Karlsruhe"},"content":{"rendered":"<div id=\"fws_6a9b7a183fd22\"  data-column-margin=\"default\" data-midnight=\"dark\"  class=\"wpb_row vc_row-fluid vc_row\"  style=\"padding-top: 0px; padding-bottom: 0px; \"><div class=\"row-bg-wrap\" data-bg-animation=\"none\" data-bg-animation-delay=\"\" data-bg-overlay=\"false\"><div class=\"inner-wrap row-bg-layer\" ><div class=\"row-bg viewport-desktop\"  style=\"\"><\/div><\/div><\/div><div class=\"row_col_wrap_12 col span_12 dark left\">\n\t<div  class=\"vc_col-sm-12 wpb_column column_container vc_column_container col no-extra-padding inherit_tablet inherit_phone\"  data-padding-pos=\"all\" data-has-bg-color=\"false\" data-bg-color=\"\" data-bg-opacity=\"1\" data-animation=\"\" data-delay=\"0\" >\n\t\t<div class=\"vc_column-inner\" >\n\t\t\t<div class=\"wpb_wrapper\">\n\t\t\t\t\n<div class=\"wpb_text_column wpb_content_element\" >\n\t<h3>Cult, sous le signe de Media Arts 25 Modenese vont \u00e0 Karlsruhe<\/h3>\n<p>Des professionnels du monde culturel, des artistes, des entrepreneurs, des \u00e9tudiants et des repr\u00e9sentants institutionnels participent \u00e0 la deuxi\u00e8me \u00e9tape du voyage.<\/p>\n<\/div>\n\n\n\n<div class=\"divider-wrap\" data-alignment=\"default\"><div style=\"height: 3vh;\" class=\"divider\"><\/div><\/div><div class=\"nectar-cta freccia alignment_tablet_default alignment_phone_default display_tablet_inherit display_phone_inherit\" data-color=\"default\" data-using-bg=\"false\" data-display=\"block\" data-style=\"underline\" data-alignment=\"left\" data-text-color=\"custom\" style=\"--nectar-text-color: #000000; --nectar-button-color: var(--nectar-default); --nectar-icon-gap: 10px; \"><h6 style=\"color: #000000;\"> <span class=\"link_wrap\" ><a target=\"_blank\" class=\"link_text\" style=\"border-color: #000000;\" role=\"button\" href=\"https:\/\/modenafuturacreativa.it\/wp-content\/uploads\/2025\/05\/RassegnaStampaperilComunediModena22052025.pdf\">LIRE L'ARTICLE COMPLET<\/a><\/span><\/h6><\/div><div class=\"divider-wrap\" data-alignment=\"default\"><div style=\"height: 3vh;\" class=\"divider\"><\/div><\/div><div class=\"img-with-aniamtion-wrap center\" data-max-width=\"100%\" data-max-width-mobile=\"default\" data-shadow=\"none\" data-animation=\"none\" >\n      <div class=\"inner\">\n        <div class=\"hover-wrap\"> \n          <div class=\"hover-wrap-inner\">\n            <a href=\"https:\/\/modenafuturacreativa.it\/wp-content\/uploads\/2025\/05\/cult.jpg\" class=\"pp center\">\n              <img loading=\"lazy\" decoding=\"async\" class=\"img-with-animation skip-lazy\" data-delay=\"0\" height=\"1512\" width=\"1080\" data-animation=\"none\" src=\"https:\/\/modenafuturacreativa.it\/wp-content\/uploads\/2025\/05\/cult.jpg\" alt=\"\" srcset=\"https:\/\/modenafuturacreativa.it\/wp-content\/uploads\/2025\/05\/cult.jpg 1080w, https:\/\/modenafuturacreativa.it\/wp-content\/uploads\/2025\/05\/cult-214x300.jpg 214w, https:\/\/modenafuturacreativa.it\/wp-content\/uploads\/2025\/05\/cult-731x1024.jpg 731w, https:\/\/modenafuturacreativa.it\/wp-content\/uploads\/2025\/05\/cult-768x1075.jpg 768w, https:\/\/modenafuturacreativa.it\/wp-content\/uploads\/2025\/05\/cult-9x12.jpg 9w\" sizes=\"auto, (max-width: 1080px) 100vw, 1080px\" \/>\n            <\/a>\n          <\/div>\n        <\/div>\n         \n      <\/div>\n      <\/div>\n\t\t\t<\/div> \n\t\t<\/div>\n\t<\/div> \n<\/div><\/div>","protected":false},"excerpt":{"rendered":"Cult, sous le signe des arts m\u00e9diatiques 25 Modenese vont \u00e0 Karlsruhe Des professionnels de la culture, des artistes, des entrepreneurs, des \u00e9tudiants et des repr\u00e9sentants institutionnels participent \u00e0 la deuxi\u00e8me \u00e9tape de l'itin\u00e9raire LIRE L'ARTICLE COMPLET","protected":false},"author":1,"featured_media":4642,"comment_status":"closed","ping_status":"closed","sticky":false,"template":"","format":"standard","meta":{"wpupg_custom_link":[],"wpupg_custom_link_behaviour":["default"],"wpupg_custom_link_nofollow":["default"],"wpupg_custom_image":[],"wpupg_custom_image_id":[],"footnotes":""},"categories":[135],"tags":[],"class_list":["post-4638","post","type-post","status-publish","format-standard","has-post-thumbnail","category-dicono-di-noi"],"_links":{"self":[{"href":"https:\/\/modenafuturacreativa.it\/fr\/wp-json\/wp\/v2\/posts\/4638","targetHints":{"allow":["GET"]}}],"collection":[{"href":"https:\/\/modenafuturacreativa.it\/fr\/wp-json\/wp\/v2\/posts"}],"about":[{"href":"https:\/\/modenafuturacreativa.it\/fr\/wp-json\/wp\/v2\/types\/post"}],"author":[{"embeddable":true,"href":"https:\/\/modenafuturacreativa.it\/fr\/wp-json\/wp\/v2\/users\/1"}],"replies":[{"embeddable":true,"href":"https:\/\/modenafuturacreativa.it\/fr\/wp-json\/wp\/v2\/comments?post=4638"}],"version-history":[{"count":3,"href":"https:\/\/modenafuturacreativa.it\/fr\/wp-json\/wp\/v2\/posts\/4638\/revisions"}],"predecessor-version":[{"id":4646,"href":"https:\/\/modenafuturacreativa.it\/fr\/wp-json\/wp\/v2\/posts\/4638\/revisions\/4646"}],"wp:featuredmedia":[{"embeddable":true,"href":"https:\/\/modenafuturacreativa.it\/fr\/wp-json\/wp\/v2\/media\/4642"}],"wp:attachment":[{"href":"https:\/\/modenafuturacreativa.it\/fr\/wp-json\/wp\/v2\/media?parent=4638"}],"wp:term":[{"taxonomy":"category","embeddable":true,"href":"https:\/\/modenafuturacreativa.it\/fr\/wp-json\/wp\/v2\/categories?post=4638"},{"taxonomy":"post_tag","embeddable":true,"href":"https:\/\/modenafuturacreativa.it\/fr\/wp-json\/wp\/v2\/tags?post=4638"}],"curies":[{"name":"wp","href":"https:\/\/api.w.org\/{rel}","templated":true}]}}