{"id":4365,"date":"2025-03-21T14:24:45","date_gmt":"2025-03-21T13:24:45","guid":{"rendered":"https:\/\/modenafuturacreativa.it\/?p=4365"},"modified":"2025-03-24T11:55:45","modified_gmt":"2025-03-24T10:55:45","slug":"alberi-festival-accordo-tra-modena-e-karlsruhe","status":"publish","type":"post","link":"https:\/\/modenafuturacreativa.it\/fr\/alberi-festival-accordo-tra-modena-e-karlsruhe\/","title":{"rendered":"ARBRES DU FESTIVAL, ACCORD ENTRE MODENA ET KARLSRUHE"},"content":{"rendered":"<div id=\"fws_6a9b7c028e665\"  data-column-margin=\"default\" data-midnight=\"dark\"  class=\"wpb_row vc_row-fluid vc_row\"  style=\"padding-top: 0px; padding-bottom: 0px; \"><div class=\"row-bg-wrap\" data-bg-animation=\"none\" data-bg-animation-delay=\"\" data-bg-overlay=\"false\"><div class=\"inner-wrap row-bg-layer\" ><div class=\"row-bg viewport-desktop\"  style=\"\"><\/div><\/div><\/div><div class=\"row_col_wrap_12 col span_12 dark left\">\n\t<div  class=\"vc_col-sm-12 wpb_column column_container vc_column_container col no-extra-padding inherit_tablet inherit_phone\"  data-padding-pos=\"all\" data-has-bg-color=\"false\" data-bg-color=\"\" data-bg-opacity=\"1\" data-animation=\"\" data-delay=\"0\" >\n\t\t<div class=\"vc_column-inner\" >\n\t\t\t<div class=\"wpb_wrapper\">\n\t\t\t\t\n<div class=\"wpb_text_column wpb_content_element\" >\n\t<p><strong>Les deux villes cr\u00e9atives de l'Unesco pour les arts m\u00e9diatiques construisent ensemble la \"ville des arbres\". Au festival Alberi (Mod\u00e8ne, 7-13 avril), une exposition consacr\u00e9e \u00e0 la ville allemande et \u00e0 la relation entre la nature et l'homme.<\/strong><\/p>\n<p>Mod\u00e8ne-Karlsruhe. D\u00e9j\u00e0 inscrite au palmar\u00e8s des villes cr\u00e9atives de l'Unesco pour les arts m\u00e9diatiques, la capitale italienne de la verdure et la ville allemande des fans se retrouvent c\u00f4te \u00e0 c\u00f4te pour concr\u00e9tiser une vision : \"construire la ville des arbres\". Et ce, gr\u00e2ce \u00e0 un accord entre la municipalit\u00e9 de Mod\u00e8ne et la municipalit\u00e9 de Karlsuhe qui collaboreront au festival Alberi (Mod\u00e8ne, 7-13 avril), le premier festival d'architecture consacr\u00e9 \u00e0 l'id\u00e9e que les arbres peuvent \u00eatre un mod\u00e8le et un outil pour \u00e9tudier, concevoir et r\u00e9organiser la ville contemporaine.<\/p>\n<p>Le choix de Karlsruhe comme partenaire de l'Alberi Festival n'est pas un hasard, explique Andrea Bortolamasi, conseiller \u00e0 la culture de la municipalit\u00e9 de Mod\u00e8ne : \"Suite \u00e0 notre nomination en tant que ville des arts m\u00e9diatiques, nous avons en effet nou\u00e9 une relation privil\u00e9gi\u00e9e avec la ville allemande, l'une des r\u00e9alit\u00e9s les plus innovantes dans le domaine des arts num\u00e9riques et multim\u00e9dias dans toute l'Europe. Mais cette relation privil\u00e9gi\u00e9e s'accompagne d'un autre aspect commun. Si Mod\u00e8ne est en effet la ville de Cesare Leonardi et la ville italienne qui compte le plus grand nombre d'arbres par rapport \u00e0 sa population\", poursuit le conseiller, \"Karlsruhe, \u00e9galement connue sous le nom de \"ville \u00e9ventail\", est l'un des endroits o\u00f9 l'on a tent\u00e9 de cr\u00e9er une rencontre visionnaire entre l'homme et la nature, avec le d\u00e9sir de construire un lien physique et tangible avec la for\u00eat. Une sorte de ville-manifeste dans la structure de laquelle est explicit\u00e9 ce pacte de coexistence entre l'homme et l'arbre que notre festival entend c\u00e9l\u00e9brer et d\u00e9velopper\".<\/p>\n<p>Un rapport particulier, celui entre Mod\u00e8ne et la ville allemande, qui se concr\u00e9tise aujourd'hui par une collaboration avec Karlsruhe qui sera l'invit\u00e9e sp\u00e9ciale de la premi\u00e8re \u00e9dition de l'Alberi Festival, avec l'exposition \"Karlsruhe, la ville-fan\" qui sera inaugur\u00e9e \u00e0 l'int\u00e9rieur du pavillon \"Progettare con gli alberi\" (via Nicol\u00f2 Biondo 106) le mardi 8 avril \u00e0 17 h 30. Il s'agit de deux installations qui offriront au public une transposition, \u00e0 la fois technologique et po\u00e9tique, du travail d'investigation de la nature dans le contexte urbain r\u00e9alis\u00e9 par l'Institut de technologie de Karlsruhe (KIT), l'une des plus importantes universit\u00e9s techniques d'Europe.<\/p>\n<p>La premi\u00e8re, \"Treespotting\", est une installation vid\u00e9o d'Arturo Romero Carnicero et Javier Argota S\u00e1nchez-Vaquerizo qui reproduit le balayage d'un important platane situ\u00e9 \u00e0 Karlsruhe entre les b\u00e2timents de la facult\u00e9 d'architecture, offrant aux spectateurs une exp\u00e9rience immersive et r\u00e9v\u00e9lant des d\u00e9tails sur la structure, la texture et le contexte spatial de l'arbre.<\/p>\n<p>\"Close encounters\", un projet de Miguel Paredes Maldonado, consiste en une cartographie visuelle et sonore de Karlsruhe du point de vue de ses habitants non humains, animaux et plantes, r\u00e9alis\u00e9e au moyen d'un minuscule appareil num\u00e9rique qui d\u00e9tecte les flux de donn\u00e9es visuelles, sonores et environnementales au-del\u00e0 des limites de l'attention et de la perception humaines. L'installation met en \u00e9vidence \"un champ urbain\" radicalement invers\u00e9 et compl\u00e9mentaire de celui connu par nos sens.<\/p>\n<p>Enfin, en \u00e9t\u00e9, le festival Modenese arrivera en Allemagne pour une premi\u00e8re \u00e9dition internationale consacr\u00e9e \u00e0 la pens\u00e9e de Cesare Leonardi et \u00e0 l'architecture des arbres, avec une exposition intitul\u00e9e \"Arbres et solides\" qui se tiendra du 26 juin au 6 juillet dans les salles du Fasanenschl\u00f6sschen.<\/p>\n<\/div>\n\n\n\n<div class=\"divider-wrap\" data-alignment=\"default\"><div style=\"height: 3vh;\" class=\"divider\"><\/div><\/div>\n\t\t\t<\/div> \n\t\t<\/div>\n\t<\/div> \n<\/div><\/div>","protected":false},"excerpt":{"rendered":"Les deux villes cr\u00e9atives de l'Unesco pour les arts m\u00e9diatiques construisent ensemble la \"ville des arbres\". Au festival Alberi (Mod\u00e8ne, 7-13 avril), une exposition consacr\u00e9e \u00e0 la ville allemande et \u00e0 la...","protected":false},"author":1,"featured_media":4328,"comment_status":"closed","ping_status":"closed","sticky":false,"template":"","format":"standard","meta":{"wpupg_custom_link":[],"wpupg_custom_link_behaviour":["default"],"wpupg_custom_link_nofollow":["default"],"wpupg_custom_image":[],"wpupg_custom_image_id":[],"footnotes":""},"categories":[475],"tags":[],"class_list":["post-4365","post","type-post","status-publish","format-standard","has-post-thumbnail","category-news"],"_links":{"self":[{"href":"https:\/\/modenafuturacreativa.it\/fr\/wp-json\/wp\/v2\/posts\/4365","targetHints":{"allow":["GET"]}}],"collection":[{"href":"https:\/\/modenafuturacreativa.it\/fr\/wp-json\/wp\/v2\/posts"}],"about":[{"href":"https:\/\/modenafuturacreativa.it\/fr\/wp-json\/wp\/v2\/types\/post"}],"author":[{"embeddable":true,"href":"https:\/\/modenafuturacreativa.it\/fr\/wp-json\/wp\/v2\/users\/1"}],"replies":[{"embeddable":true,"href":"https:\/\/modenafuturacreativa.it\/fr\/wp-json\/wp\/v2\/comments?post=4365"}],"version-history":[{"count":2,"href":"https:\/\/modenafuturacreativa.it\/fr\/wp-json\/wp\/v2\/posts\/4365\/revisions"}],"predecessor-version":[{"id":4391,"href":"https:\/\/modenafuturacreativa.it\/fr\/wp-json\/wp\/v2\/posts\/4365\/revisions\/4391"}],"wp:featuredmedia":[{"embeddable":true,"href":"https:\/\/modenafuturacreativa.it\/fr\/wp-json\/wp\/v2\/media\/4328"}],"wp:attachment":[{"href":"https:\/\/modenafuturacreativa.it\/fr\/wp-json\/wp\/v2\/media?parent=4365"}],"wp:term":[{"taxonomy":"category","embeddable":true,"href":"https:\/\/modenafuturacreativa.it\/fr\/wp-json\/wp\/v2\/categories?post=4365"},{"taxonomy":"post_tag","embeddable":true,"href":"https:\/\/modenafuturacreativa.it\/fr\/wp-json\/wp\/v2\/tags?post=4365"}],"curies":[{"name":"wp","href":"https:\/\/api.w.org\/{rel}","templated":true}]}}