{"id":4256,"date":"2025-02-24T14:30:58","date_gmt":"2025-02-24T13:30:58","guid":{"rendered":"https:\/\/modenafuturacreativa.it\/?p=4256"},"modified":"2025-03-21T14:18:25","modified_gmt":"2025-03-21T13:18:25","slug":"modena-patrimonio-mondiale-cambia-sito-web","status":"publish","type":"post","link":"https:\/\/modenafuturacreativa.it\/fr\/modena-patrimonio-mondiale-cambia-sito-web\/","title":{"rendered":"MODIFICATIONS DU SITE DU PATRIMOINE MONDIAL DE MOD\u00c8NE (WEB)"},"content":{"rendered":"<div id=\"fws_6a9b7bf7be7b3\"  data-column-margin=\"60px\" data-midnight=\"dark\"  class=\"wpb_row vc_row-fluid vc_row\"  style=\"padding-top: 0px; padding-bottom: 0px; \"><div class=\"row-bg-wrap\" data-bg-animation=\"none\" data-bg-animation-delay=\"\" data-bg-overlay=\"false\"><div class=\"inner-wrap row-bg-layer\" ><div class=\"row-bg viewport-desktop\"  style=\"\"><\/div><\/div><\/div><div class=\"row_col_wrap_12 col span_12 dark left\">\n\t<div  class=\"vc_col-sm-12 wpb_column column_container vc_column_container col no-extra-padding inherit_tablet inherit_phone\"  data-padding-pos=\"all\" data-has-bg-color=\"false\" data-bg-color=\"\" data-bg-opacity=\"1\" data-animation=\"\" data-delay=\"0\" >\n\t\t<div class=\"vc_column-inner\" >\n\t\t\t<div class=\"wpb_wrapper\">\n\t\t\t\t\n\t<div class=\"wpb_gallery wpb_content_element clearfix\">\n\t\t<div class=\"wpb_wrapper\"><div class=\"wpb_gallery_slidesflickity_style\" data-onclick=\"link_image\" data-interval=\"5\"><div class=\"nectar-flickity not-initialized\" role=\"region\" aria-roledescription=\"carousel\" aria-label=\"Galerie d&#039;images\"  data-touch-icon-color=\"default\" data-stagger=\"\" data-drag-scale=\"\" data-overflow=\"hidden\" data-wrap=\"wrap\" data-spacing=\"default\" data-shadow=\"large_depth\" data-autoplay=\"true\" data-autoplay-dur=\"\" data-free-scroll=\"\" data-controls=\"material_pagination\" data-desktop-columns=\"1\" data-small-desktop-columns=\"1\" data-tablet-columns=\"1\" data-phone-columns=\"1\"><div class=\"flickity-viewport\"> <div class=\"flickity-slider\"><div class=\"cell\" data-lazy=\"false\"><img decoding=\"async\" class=\"skip-lazy nectar-lazy\" src=\"https:\/\/modenafuturacreativa.it\/wp-content\/uploads\/2025\/02\/lancio-sito-wide-scaled-600x450.jpg\" width=\"600\" height=\"450\" alt=\"lancio-sito-wide\" title=\"lancement sur l&#039;ensemble du site\" loading=\"lazy\" \/><a class=\"entire-slide-link\" aria-label=\"lancement sur l&#039;ensemble du site\"  href=\"https:\/\/modenafuturacreativa.it\/wp-content\/uploads\/2025\/02\/lancio-sito-wide-scaled.jpg\"><\/a><\/div><div class=\"cell\" data-lazy=\"false\"><img decoding=\"async\" class=\"skip-lazy nectar-lazy\" src=\"https:\/\/modenafuturacreativa.it\/wp-content\/uploads\/2025\/02\/visual-small-600x450.png\" width=\"600\" height=\"450\" alt=\"visual-small\" title=\"visuel-petit\" loading=\"lazy\" \/><a class=\"entire-slide-link\" aria-label=\"visuel-petit\"  href=\"https:\/\/modenafuturacreativa.it\/wp-content\/uploads\/2025\/02\/visual-small.png\"><\/a><\/div><\/div><\/div><\/div><\/div>\n\t\t<\/div> \n\t<\/div> \n<div class=\"wpb_text_column wpb_content_element\" >\n\t<p><strong>Le nouveau site du patrimoine mondial de l'Unesco allie design, technologie et contenu exclusif pour offrir une navigation moderne et accessible \u00e0 tous.<\/strong><\/p>\n<p>Un design minimaliste pour une nouvelle identit\u00e9 visuelle et une navigation accessible et engageante. Le nouveau site Internet d\u00e9di\u00e9 au patrimoine mondial de l'Unesco de Mod\u00e8ne est en ligne, un projet financ\u00e9 par des fonds du minist\u00e8re de la culture (loi 77\/06) et qui allie design, technologie et contenus exclusifs pour offrir une navigation moderne et accessible \u00e0 tous. R\u00e9alis\u00e9 par Elena Grazia F\u00e8, du Bureau du patrimoine mondial du Mus\u00e9e civique de Mod\u00e8ne, le nouveau site a \u00e9t\u00e9 confi\u00e9 \u00e0 l'agence mod\u00e9naise Weberia et constitue un point de r\u00e9f\u00e9rence pour tous ceux qui souhaitent d\u00e9couvrir les richesses culturelles de la cath\u00e9drale, de la Torre Ghirlandina et de la Piazza Grande, reconnues par l'Unesco en tant que sites du patrimoine mondial.<\/p>\n<p>Au premier plan, les curiosit\u00e9s, l'\u00e9ducation et les \u00e9tudes, qui font du nouveau site une r\u00e9f\u00e9rence non seulement pour les touristes, mais aussi pour les chercheurs et les Mod\u00e9nais d\u00e9sireux de red\u00e9couvrir l'histoire et les secrets d'un patrimoine qui appartient \u00e0 toute la communaut\u00e9. C'est pr\u00e9cis\u00e9ment \u00e0 eux que sont consacr\u00e9es les sections \"Recherche\" et \"\u00c9ducation\", cette derni\u00e8re proposant des projets d'inclusion et des itin\u00e9raires destin\u00e9s \u00e0 toutes les \u00e9coles de tous les niveaux, dans le cadre du projet \u00e9ducatif \"\u00c0 l'\u00e9cole avec l'Unesco\" qui, cette ann\u00e9e, f\u00eate ses 12 ans et propose des itin\u00e9raires \u00e9ducatifs attrayants consacr\u00e9s \u00e0 des aspects sp\u00e9cifiques li\u00e9s \u00e0 l'histoire et aux caract\u00e9ristiques de l'ensemble monumental de Mod\u00e8ne.<\/p>\n<p>Au centre de tout cela se trouve l'exp\u00e9rience de l'utilisateur qui, \u00e0 partir d'aujourd'hui, dispose d'un site con\u00e7u pour garantir une navigation simple et intuitive gr\u00e2ce \u00e0 une organisation soign\u00e9e des contenus divis\u00e9s en zones th\u00e9matiques. L'interface innovante int\u00e8gre \u00e9galement des \u00e9l\u00e9ments en 3D, des vid\u00e9os et des photographies exclusives, enrichissant l'exp\u00e9rience de l'utilisateur d'un impact visuel hautement suggestif.<\/p>\n<p>Chaque \u00e9l\u00e9ment a \u00e9t\u00e9 con\u00e7u pour mettre en valeur le complexe monumental et son importance historique et culturelle. Une attention particuli\u00e8re a \u00e9galement \u00e9t\u00e9 accord\u00e9e \u00e0 la question de l'accessibilit\u00e9 de l'information. Le site, qui peut \u00eatre consult\u00e9 en 8 langues diff\u00e9rentes, est en effet \u00e9quip\u00e9 d'un \"widget d'accessibilit\u00e9\", c'est-\u00e0-dire d'un panneau permettant de d\u00e9finir diff\u00e9rents modes de lecture et de visualisation.<\/p>\n<p>Pour couronner le tout, un design qui se distingue par son esth\u00e9tique minimaliste et l'utilisation de couleurs qui rappellent la nouvelle identit\u00e9 visuelle du site du patrimoine mondial, lanc\u00e9e avec la campagne \"Patrimoine mondial de Mod\u00e8ne\" de 2023.<\/p>\n<p>Le r\u00e9sultat est un \u00e9quilibre harmonieux entre modernit\u00e9 et tradition, capable de repr\u00e9senter num\u00e9riquement la valeur culturelle de Mod\u00e8ne et de dialoguer avec l'image de Mod\u00e8ne Futura Creativa, la plate-forme de r\u00e9f\u00e9rence pour la deuxi\u00e8me reconnaissance de Mod\u00e8ne par l'Unesco, celle de ville cr\u00e9ative pour les arts m\u00e9diatiques.<\/p>\n<p>\"Nous sommes fiers d'avoir pu poursuivre notre collaboration avec la municipalit\u00e9 de Mod\u00e8ne et le mus\u00e9e civique\", a d\u00e9clar\u00e9 Stefano Baldaccini, directeur artistique de Weberia, \"Pouvoir repr\u00e9senter num\u00e9riquement le tr\u00e9sor culturel de notre territoire est un privil\u00e8ge et un honneur qui a n\u00e9cessit\u00e9 un travail d'\u00e9quipe. Nous sommes heureux de pr\u00e9senter ce projet, qui combine un contenu textuel \u00e9labor\u00e9 par la r\u00e9dactrice Sara Camurri et des images cr\u00e9\u00e9es par le photographe Rafael Cavalli\".<\/p>\n<p>Fruit de plusieurs mois d'intense travail d'\u00e9quipe entre Weberia, la municipalit\u00e9 de Mod\u00e8ne et le Museo Civico di Modena, le nouveau site est donc propos\u00e9 comme un portail de r\u00e9f\u00e9rence pour valoriser et promouvoir le patrimoine mondial de Mod\u00e8ne. Une vitrine num\u00e9rique qui invite tout le monde, citoyens et touristes, \u00e0 d\u00e9couvrir et \u00e0 appr\u00e9cier un patrimoine unique.<\/p>\n<p><a href=\"https:\/\/patrimoniomondiale.modena.it\/\" target=\"_blank\" rel=\"noopener\">https:\/\/patrimoniomondiale.modena.it\/<\/a><\/p>\n<\/div>\n\n\n\n\n\t\t\t<\/div> \n\t\t<\/div>\n\t<\/div> \n<\/div><\/div>","protected":false},"excerpt":{"rendered":"Le nouveau site du patrimoine mondial de l'Unesco allie design, technologie et contenus exclusifs pour offrir une navigation moderne et accessible \u00e0 tous Un design minimaliste pour une nouvelle identit\u00e9...","protected":false},"author":1,"featured_media":4265,"comment_status":"closed","ping_status":"closed","sticky":false,"template":"","format":"standard","meta":{"wpupg_custom_link":[],"wpupg_custom_link_behaviour":["default"],"wpupg_custom_link_nofollow":["default"],"wpupg_custom_image":[],"wpupg_custom_image_id":[],"footnotes":""},"categories":[475],"tags":[],"class_list":["post-4256","post","type-post","status-publish","format-standard","has-post-thumbnail","category-news"],"_links":{"self":[{"href":"https:\/\/modenafuturacreativa.it\/fr\/wp-json\/wp\/v2\/posts\/4256","targetHints":{"allow":["GET"]}}],"collection":[{"href":"https:\/\/modenafuturacreativa.it\/fr\/wp-json\/wp\/v2\/posts"}],"about":[{"href":"https:\/\/modenafuturacreativa.it\/fr\/wp-json\/wp\/v2\/types\/post"}],"author":[{"embeddable":true,"href":"https:\/\/modenafuturacreativa.it\/fr\/wp-json\/wp\/v2\/users\/1"}],"replies":[{"embeddable":true,"href":"https:\/\/modenafuturacreativa.it\/fr\/wp-json\/wp\/v2\/comments?post=4256"}],"version-history":[{"count":1,"href":"https:\/\/modenafuturacreativa.it\/fr\/wp-json\/wp\/v2\/posts\/4256\/revisions"}],"predecessor-version":[{"id":4266,"href":"https:\/\/modenafuturacreativa.it\/fr\/wp-json\/wp\/v2\/posts\/4256\/revisions\/4266"}],"wp:featuredmedia":[{"embeddable":true,"href":"https:\/\/modenafuturacreativa.it\/fr\/wp-json\/wp\/v2\/media\/4265"}],"wp:attachment":[{"href":"https:\/\/modenafuturacreativa.it\/fr\/wp-json\/wp\/v2\/media?parent=4256"}],"wp:term":[{"taxonomy":"category","embeddable":true,"href":"https:\/\/modenafuturacreativa.it\/fr\/wp-json\/wp\/v2\/categories?post=4256"},{"taxonomy":"post_tag","embeddable":true,"href":"https:\/\/modenafuturacreativa.it\/fr\/wp-json\/wp\/v2\/tags?post=4256"}],"curies":[{"name":"wp","href":"https:\/\/api.w.org\/{rel}","templated":true}]}}