{"id":4174,"date":"2025-01-27T18:42:00","date_gmt":"2025-01-27T17:42:00","guid":{"rendered":"https:\/\/modenafuturacreativa.it\/?p=4174"},"modified":"2025-03-21T14:18:25","modified_gmt":"2025-03-21T13:18:25","slug":"a-scuola-di-educazione-allimmagine-con-ago-e-fem","status":"publish","type":"post","link":"https:\/\/modenafuturacreativa.it\/fr\/a-scuola-di-educazione-allimmagine-con-ago-e-fem\/","title":{"rendered":"\u00c0 L'\u00c9COLE POUR L'\u00c9DUCATION \u00c0 L'IMAGE AVEC AIGUILLE ET FEM"},"content":{"rendered":"<div id=\"fws_6a9b7bf6cb21b\"  data-column-margin=\"60px\" data-midnight=\"dark\"  class=\"wpb_row vc_row-fluid vc_row\"  style=\"padding-top: 0px; padding-bottom: 0px; \"><div class=\"row-bg-wrap\" data-bg-animation=\"none\" data-bg-animation-delay=\"\" data-bg-overlay=\"false\"><div class=\"inner-wrap row-bg-layer\" ><div class=\"row-bg viewport-desktop\"  style=\"\"><\/div><\/div><\/div><div class=\"row_col_wrap_12 col span_12 dark left\">\n\t<div  class=\"vc_col-sm-8 wpb_column column_container vc_column_container col no-extra-padding inherit_tablet inherit_phone\"  data-padding-pos=\"all\" data-has-bg-color=\"false\" data-bg-color=\"\" data-bg-opacity=\"1\" data-animation=\"\" data-delay=\"0\" >\n\t\t<div class=\"vc_column-inner\" >\n\t\t\t<div class=\"wpb_wrapper\">\n\t\t\t\t\n<div class=\"wpb_text_column wpb_content_element\" >\n\t<div id=\"parent-fieldname-description\" class=\"documentDescription\"><strong>\u00c0 partir du lundi 27 janvier au Palazzo Santa Margherita, le camp d'hiver sur la narration vid\u00e9o.<\/strong><\/div>\n<p><strong>460 personnes de toute l'Italie se sont inscrites aux cours gratuits de formation des enseignants \"Out of the frame\". Et 16 personnes participent depuis le lundi 27 janvier au camp d'hiver sur la narration vid\u00e9o.<\/strong><\/p>\n<p>Seize enseignants de six lyc\u00e9es d'\u00c9milie-Romagne et de Ligurie participent au camp d'hiver consacr\u00e9 \u00e0 la vid\u00e9ocassette \u00e0 Mod\u00e8ne \u00e0 partir du lundi 27 janvier, dans le cadre du projet \"Out of the Frame. Educazione all'immagine tra innovazione e futuro\" (Hors du cadre. L'\u00e9ducation \u00e0 l'image entre innovation et futur), qui a \u00e9galement vu 460 enseignants de toute l'Italie, de la maternelle au lyc\u00e9e, s'inscrire aux cours gratuits en ligne qui viennent de d\u00e9buter. L'initiative est propos\u00e9e par la Fondazione AGO Modena Fabbriche Culturali, Wonderful Education - Future Education Modena (FEM), en collaboration avec l'ANISA (Association nationale des professeurs d'histoire de l'art) et Flash Future dans le cadre du Plan national Cin\u00e9ma et Images pour l'\u00e9cole promu par les minist\u00e8res de la Culture et de l'\u00c9ducation et du M\u00e9rite.<\/p>\n<p>Les parcours propos\u00e9s favorisent la participation active des nouvelles g\u00e9n\u00e9rations \u00e0 la cr\u00e9ation de contenus visuels et associent le d\u00e9veloppement de comp\u00e9tences scientifiques, technologiques et humanistes, la pens\u00e9e computationnelle, l'informatique et les comp\u00e9tences visuelles de lecture, d'\u00e9criture, de compr\u00e9hension et de traitement de l'image. Le projet promeut l'utilisation des m\u00e9dias visuels comme lieux d'apprentissage profond, personnalis\u00e9, actif et conscient pour l'acquisition de cl\u00e9s d'interpr\u00e9tation du monde contemporain et d'un apprentissage authentique et motiv\u00e9. L'exp\u00e9rience \u00e9ducative s'accompagne d'activit\u00e9s pratiques et de d\u00e9fis sur des questions d'actualit\u00e9, avec des cours sur la vid\u00e9o, les jeux vid\u00e9o et l'intelligence artificielle. Enseignants et \u00e9tudiants peuvent ainsi exp\u00e9rimenter et acqu\u00e9rir des comp\u00e9tences sp\u00e9cifiques dans diff\u00e9rents domaines (num\u00e9rique, communicatif, expressif, design) correspondant aux professions de plus en plus recherch\u00e9es aujourd'hui. Le cours offre \u00e9galement des opportunit\u00e9s de rencontre et d'\u00e9change, stimulant la discussion entre les participants et motivant leur implication.<\/p>\n<p>Le camp d'hiver de trois jours, qui s'ouvrira le lundi 27 janvier au Palazzo Santa Margherita avec une masterclass de l'artiste visuelle et vid\u00e9aste Debora Vrizzi, en collaboration avec le Festival Biografilm, comprend \u00e9galement des \u00e9tudes sp\u00e9cifiques approfondies sur les techniques de production vid\u00e9o num\u00e9rique (Photographie et tournage vid\u00e9o, Machinima - animation informatique au sein de plateformes virtuelles, IA pour les images et les vid\u00e9os) que les enseignants pourront ensuite mettre en pratique, avec le soutien des formateurs, pour r\u00e9aliser de nouveaux produits audiovisuels avec les \u00e9l\u00e8ves de leurs \u00e9coles, des \u0153uvres qui seront expos\u00e9es \u00e0 la Fondazione AGO au mois de mai prochain.<\/p>\n<\/div>\n\n\n\n\n\t\t\t<\/div> \n\t\t<\/div>\n\t<\/div> \n\n\t<div  class=\"vc_col-sm-4 wpb_column column_container vc_column_container col no-extra-padding inherit_tablet inherit_phone\"  data-padding-pos=\"all\" data-has-bg-color=\"false\" data-bg-color=\"\" data-bg-opacity=\"1\" data-animation=\"\" data-delay=\"0\" >\n\t\t<div class=\"vc_column-inner\" >\n\t\t\t<div class=\"wpb_wrapper\">\n\t\t\t\t<div class=\"img-with-aniamtion-wrap\" data-max-width=\"100%\" data-max-width-mobile=\"default\" data-shadow=\"none\" data-animation=\"none\" >\n      <div class=\"inner\">\n        <div class=\"hover-wrap\"> \n          <div class=\"hover-wrap-inner\">\n            <a href=\"https:\/\/modenafuturacreativa.it\/wp-content\/uploads\/2025\/01\/Debora-Vrizzi.jpg\" class=\"pp\">\n              <img loading=\"lazy\" decoding=\"async\" class=\"img-with-animation skip-lazy\" data-delay=\"0\" height=\"1107\" width=\"1440\" data-animation=\"none\" src=\"https:\/\/modenafuturacreativa.it\/wp-content\/uploads\/2025\/01\/Debora-Vrizzi.jpg\" alt=\"\" srcset=\"https:\/\/modenafuturacreativa.it\/wp-content\/uploads\/2025\/01\/Debora-Vrizzi.jpg 1440w, https:\/\/modenafuturacreativa.it\/wp-content\/uploads\/2025\/01\/Debora-Vrizzi-300x231.jpg 300w, https:\/\/modenafuturacreativa.it\/wp-content\/uploads\/2025\/01\/Debora-Vrizzi-1024x787.jpg 1024w, https:\/\/modenafuturacreativa.it\/wp-content\/uploads\/2025\/01\/Debora-Vrizzi-768x590.jpg 768w\" sizes=\"auto, (max-width: 1440px) 100vw, 1440px\" \/>\n            <\/a>\n          <\/div>\n        <\/div>\n         \n      <\/div>\n      <\/div>\n\t\t\t<\/div> \n\t\t<\/div>\n\t<\/div> \n<\/div><\/div>","protected":false},"excerpt":{"rendered":"Depuis le lundi 27 janvier au Palazzo Santa Margherita, le camp d'hiver sur la narration vid\u00e9o 460 personnes de toute l'Italie se sont inscrites aux cours de formation gratuits pour les enseignants \"Out of the...","protected":false},"author":1,"featured_media":4175,"comment_status":"closed","ping_status":"closed","sticky":false,"template":"","format":"standard","meta":{"wpupg_custom_link":[],"wpupg_custom_link_behaviour":["default"],"wpupg_custom_link_nofollow":[],"wpupg_custom_image":[],"wpupg_custom_image_id":[],"footnotes":""},"categories":[475],"tags":[],"class_list":["post-4174","post","type-post","status-publish","format-standard","has-post-thumbnail","category-news"],"_links":{"self":[{"href":"https:\/\/modenafuturacreativa.it\/fr\/wp-json\/wp\/v2\/posts\/4174","targetHints":{"allow":["GET"]}}],"collection":[{"href":"https:\/\/modenafuturacreativa.it\/fr\/wp-json\/wp\/v2\/posts"}],"about":[{"href":"https:\/\/modenafuturacreativa.it\/fr\/wp-json\/wp\/v2\/types\/post"}],"author":[{"embeddable":true,"href":"https:\/\/modenafuturacreativa.it\/fr\/wp-json\/wp\/v2\/users\/1"}],"replies":[{"embeddable":true,"href":"https:\/\/modenafuturacreativa.it\/fr\/wp-json\/wp\/v2\/comments?post=4174"}],"version-history":[{"count":1,"href":"https:\/\/modenafuturacreativa.it\/fr\/wp-json\/wp\/v2\/posts\/4174\/revisions"}],"predecessor-version":[{"id":4176,"href":"https:\/\/modenafuturacreativa.it\/fr\/wp-json\/wp\/v2\/posts\/4174\/revisions\/4176"}],"wp:featuredmedia":[{"embeddable":true,"href":"https:\/\/modenafuturacreativa.it\/fr\/wp-json\/wp\/v2\/media\/4175"}],"wp:attachment":[{"href":"https:\/\/modenafuturacreativa.it\/fr\/wp-json\/wp\/v2\/media?parent=4174"}],"wp:term":[{"taxonomy":"category","embeddable":true,"href":"https:\/\/modenafuturacreativa.it\/fr\/wp-json\/wp\/v2\/categories?post=4174"},{"taxonomy":"post_tag","embeddable":true,"href":"https:\/\/modenafuturacreativa.it\/fr\/wp-json\/wp\/v2\/tags?post=4174"}],"curies":[{"name":"wp","href":"https:\/\/api.w.org\/{rel}","templated":true}]}}