{"id":4149,"date":"2025-01-16T10:49:28","date_gmt":"2025-01-16T09:49:28","guid":{"rendered":"https:\/\/modenafuturacreativa.it\/?p=4149"},"modified":"2025-03-21T14:18:25","modified_gmt":"2025-03-21T13:18:25","slug":"cultura-dimpresa-protagonista-al-laboratorio-aperto","status":"publish","type":"post","link":"https:\/\/modenafuturacreativa.it\/fr\/cultura-dimpresa-protagonista-al-laboratorio-aperto\/","title":{"rendered":"LA CULTURE D'ENTREPRISE SOUS LES FEUX DE LA RAMPE LORS DE L'ATELIER OUVERT"},"content":{"rendered":"<div id=\"fws_6a9b7bf5ac66f\"  data-column-margin=\"60px\" data-midnight=\"dark\"  class=\"wpb_row vc_row-fluid vc_row\"  style=\"padding-top: 0px; padding-bottom: 0px; \"><div class=\"row-bg-wrap\" data-bg-animation=\"none\" data-bg-animation-delay=\"\" data-bg-overlay=\"false\"><div class=\"inner-wrap row-bg-layer\" ><div class=\"row-bg viewport-desktop\"  style=\"\"><\/div><\/div><\/div><div class=\"row_col_wrap_12 col span_12 dark left\">\n\t<div  class=\"vc_col-sm-8 wpb_column column_container vc_column_container col no-extra-padding inherit_tablet inherit_phone\"  data-padding-pos=\"all\" data-has-bg-color=\"false\" data-bg-color=\"\" data-bg-opacity=\"1\" data-animation=\"\" data-delay=\"0\" >\n\t\t<div class=\"vc_column-inner\" >\n\t\t\t<div class=\"wpb_wrapper\">\n\t\t\t\t\n<div class=\"wpb_text_column wpb_content_element\" >\n\t<div id=\"parent-fieldname-description\">\n<div id=\"parent-fieldname-description\">\n<div id=\"parent-fieldname-description\" class=\"documentDescription\"><strong>Le mercredi 15 janvier, c'est le retour du cycle Talk Together. A 17 heures, une r\u00e9union consacr\u00e9e aux comp\u00e9tences n\u00e9cessaires \u00e0 l'entrepreneuriat innovant et durable.<\/strong><\/div>\n<div><\/div>\n<div class=\"documentDescription\">Le mercredi 15 janvier \u00e0 17 heures au Laboratorio Aperto de Mod\u00e8ne, Viale Buon Pastore 43, le rendez-vous avec Talk Together, le cycle d\u00e9di\u00e9 aux th\u00e8mes centraux pour l'avenir : la durabilit\u00e9, la cr\u00e9ativit\u00e9, la technologie et l'esprit d'entreprise, revient. Chaque rencontre est l'occasion d'approfondir ces th\u00e8mes cl\u00e9s, gr\u00e2ce \u00e0 la participation d'intervenants de premier plan et aux t\u00e9moignages d'entreprises.<\/div>\n<div id=\"content-core\">\n<div id=\"parent-fieldname-text\" class=\"plain\">\n<p>La r\u00e9union de mercredi, intitul\u00e9e \"Entrepreneuriat et esprit d'entreprise : d\u00e9velopper des comp\u00e9tences pour la culture entrepreneuriale\" est organis\u00e9e par Open Lab Srl en coop\u00e9ration avec Art-ER. Elle sera l'occasion d'explorer le th\u00e8me de l'entrepreneuriat et du d\u00e9veloppement des comp\u00e9tences n\u00e9cessaires \u00e0 une culture d'entreprise innovante et durable, et permettra d'explorer de nouvelles perspectives et id\u00e9es dans le monde de la cr\u00e9ativit\u00e9 entrepreneuriale.<\/p>\n<p>Au cours de la conf\u00e9rence, le public pourra entendre les t\u00e9moignages et les exp\u00e9riences de Vera Tucci, cofondatrice et directrice de T-Consulting, Matteo Bertocchi, cofondateur et directeur de Novac, et Marco Boccia, cofondateur et directeur de Human Maple.<\/p>\n<p>La conf\u00e9rence sera suivie d'un ap\u00e9ritif de r\u00e9seautage en collaboration avec Chozen, la communaut\u00e9 d\u00e9di\u00e9e aux personnes en qu\u00eate d'inspiration et de connexions authentiques.<\/p>\n<p>Pour plus d'informations :\u00a0<a href=\"mailto:modena@labaperti.it\">modena@labaperti.it<\/a>. Pour confirmer votre participation, vous devez vous inscrire (www.getcrowd.eu\/event\/1a244656-f07d8b79)<\/p>\n<\/div>\n<div class=\"visualClear\"><\/div>\n<div><\/div>\n<\/div>\n<div id=\"viewlet-below-content-body\">\n<div class=\"visualClear\"><\/div>\n<div class=\"documentActions\">\n<p class=\"hiddenStructure\">\n<\/div>\n<\/div>\n<\/div>\n<\/div>\n<\/div>\n\n\n\n\n\t\t\t<\/div> \n\t\t<\/div>\n\t<\/div> \n\n\t<div  class=\"vc_col-sm-4 wpb_column column_container vc_column_container col no-extra-padding inherit_tablet inherit_phone\"  data-padding-pos=\"all\" data-has-bg-color=\"false\" data-bg-color=\"\" data-bg-opacity=\"1\" data-animation=\"\" data-delay=\"0\" >\n\t\t<div class=\"vc_column-inner\" >\n\t\t\t<div class=\"wpb_wrapper\">\n\t\t\t\t<div class=\"img-with-aniamtion-wrap\" data-max-width=\"100%\" data-max-width-mobile=\"default\" data-shadow=\"none\" data-animation=\"none\" >\n      <div class=\"inner\">\n        <div class=\"hover-wrap\"> \n          <div class=\"hover-wrap-inner\">\n            <a href=\"https:\/\/modenafuturacreativa.it\/wp-content\/uploads\/2025\/01\/post-17-1-100.jpg\" class=\"pp\">\n              <img loading=\"lazy\" decoding=\"async\" class=\"img-with-animation skip-lazy\" data-delay=\"0\" height=\"1098\" width=\"1098\" data-animation=\"none\" src=\"https:\/\/modenafuturacreativa.it\/wp-content\/uploads\/2025\/01\/post-17-1-100.jpg\" alt=\"\" srcset=\"https:\/\/modenafuturacreativa.it\/wp-content\/uploads\/2025\/01\/post-17-1-100.jpg 1098w, https:\/\/modenafuturacreativa.it\/wp-content\/uploads\/2025\/01\/post-17-1-100-300x300.jpg 300w, https:\/\/modenafuturacreativa.it\/wp-content\/uploads\/2025\/01\/post-17-1-100-1024x1024.jpg 1024w, https:\/\/modenafuturacreativa.it\/wp-content\/uploads\/2025\/01\/post-17-1-100-150x150.jpg 150w, https:\/\/modenafuturacreativa.it\/wp-content\/uploads\/2025\/01\/post-17-1-100-768x768.jpg 768w, https:\/\/modenafuturacreativa.it\/wp-content\/uploads\/2025\/01\/post-17-1-100-140x140.jpg 140w, https:\/\/modenafuturacreativa.it\/wp-content\/uploads\/2025\/01\/post-17-1-100-100x100.jpg 100w, https:\/\/modenafuturacreativa.it\/wp-content\/uploads\/2025\/01\/post-17-1-100-500x500.jpg 500w, https:\/\/modenafuturacreativa.it\/wp-content\/uploads\/2025\/01\/post-17-1-100-350x350.jpg 350w, https:\/\/modenafuturacreativa.it\/wp-content\/uploads\/2025\/01\/post-17-1-100-1000x1000.jpg 1000w, https:\/\/modenafuturacreativa.it\/wp-content\/uploads\/2025\/01\/post-17-1-100-800x800.jpg 800w\" sizes=\"auto, (max-width: 1098px) 100vw, 1098px\" \/>\n            <\/a>\n          <\/div>\n        <\/div>\n         \n      <\/div>\n      <\/div>\n\t\t\t<\/div> \n\t\t<\/div>\n\t<\/div> \n<\/div><\/div>","protected":false},"excerpt":{"rendered":"Le mercredi 15 janvier, c'est le retour du cycle Talk Together. A 17 heures, r\u00e9union sur les comp\u00e9tences n\u00e9cessaires \u00e0 l'entrepreneuriat innovant et durable. Le mercredi 15 janvier \u00e0 17 heures au Laboratoire...","protected":false},"author":1,"featured_media":4150,"comment_status":"closed","ping_status":"closed","sticky":false,"template":"","format":"standard","meta":{"wpupg_custom_link":[],"wpupg_custom_link_behaviour":["default"],"wpupg_custom_link_nofollow":[],"wpupg_custom_image":[],"wpupg_custom_image_id":[],"footnotes":""},"categories":[475],"tags":[],"class_list":["post-4149","post","type-post","status-publish","format-standard","has-post-thumbnail","category-news"],"_links":{"self":[{"href":"https:\/\/modenafuturacreativa.it\/fr\/wp-json\/wp\/v2\/posts\/4149","targetHints":{"allow":["GET"]}}],"collection":[{"href":"https:\/\/modenafuturacreativa.it\/fr\/wp-json\/wp\/v2\/posts"}],"about":[{"href":"https:\/\/modenafuturacreativa.it\/fr\/wp-json\/wp\/v2\/types\/post"}],"author":[{"embeddable":true,"href":"https:\/\/modenafuturacreativa.it\/fr\/wp-json\/wp\/v2\/users\/1"}],"replies":[{"embeddable":true,"href":"https:\/\/modenafuturacreativa.it\/fr\/wp-json\/wp\/v2\/comments?post=4149"}],"version-history":[{"count":6,"href":"https:\/\/modenafuturacreativa.it\/fr\/wp-json\/wp\/v2\/posts\/4149\/revisions"}],"predecessor-version":[{"id":4157,"href":"https:\/\/modenafuturacreativa.it\/fr\/wp-json\/wp\/v2\/posts\/4149\/revisions\/4157"}],"wp:featuredmedia":[{"embeddable":true,"href":"https:\/\/modenafuturacreativa.it\/fr\/wp-json\/wp\/v2\/media\/4150"}],"wp:attachment":[{"href":"https:\/\/modenafuturacreativa.it\/fr\/wp-json\/wp\/v2\/media?parent=4149"}],"wp:term":[{"taxonomy":"category","embeddable":true,"href":"https:\/\/modenafuturacreativa.it\/fr\/wp-json\/wp\/v2\/categories?post=4149"},{"taxonomy":"post_tag","embeddable":true,"href":"https:\/\/modenafuturacreativa.it\/fr\/wp-json\/wp\/v2\/tags?post=4149"}],"curies":[{"name":"wp","href":"https:\/\/api.w.org\/{rel}","templated":true}]}}