{"id":4042,"date":"2024-10-18T11:28:25","date_gmt":"2024-10-18T09:28:25","guid":{"rendered":"https:\/\/modenafuturacreativa.it\/?p=4042"},"modified":"2025-03-21T14:18:25","modified_gmt":"2025-03-21T13:18:25","slug":"al-centro-musica-il-corso-di-videomaking-urban-video","status":"publish","type":"post","link":"https:\/\/modenafuturacreativa.it\/fr\/al-centro-musica-il-corso-di-videomaking-urban-video\/","title":{"rendered":"LE COURS DE VID\u00c9OGRAPHIE \"URBAN VIDEO\" AU CENTRE DE MUSIQUE"},"content":{"rendered":"<div id=\"fws_6a9b7c01e7366\"  data-column-margin=\"60px\" data-midnight=\"dark\"  class=\"wpb_row vc_row-fluid vc_row\"  style=\"padding-top: 0px; padding-bottom: 0px; \"><div class=\"row-bg-wrap\" data-bg-animation=\"none\" data-bg-animation-delay=\"\" data-bg-overlay=\"false\"><div class=\"inner-wrap row-bg-layer\" ><div class=\"row-bg viewport-desktop\"  style=\"\"><\/div><\/div><\/div><div class=\"row_col_wrap_12 col span_12 dark left\">\n\t<div  class=\"vc_col-sm-12 wpb_column column_container vc_column_container col no-extra-padding inherit_tablet inherit_phone\"  data-padding-pos=\"all\" data-has-bg-color=\"false\" data-bg-color=\"\" data-bg-opacity=\"1\" data-animation=\"\" data-delay=\"0\" >\n\t\t<div class=\"vc_column-inner\" >\n\t\t\t<div class=\"wpb_wrapper\">\n\t\t\t\t\n\t<div class=\"wpb_gallery wpb_content_element clearfix\">\n\t\t<div class=\"wpb_wrapper\"><div class=\"wpb_gallery_slidesflickity_style\" data-onclick=\"link_image\" data-interval=\"5\"><div class=\"nectar-flickity not-initialized\" role=\"region\" aria-roledescription=\"carousel\" aria-label=\"Galerie d&#039;images\"  data-touch-icon-color=\"default\" data-stagger=\"\" data-drag-scale=\"\" data-overflow=\"hidden\" data-wrap=\"wrap\" data-spacing=\"default\" data-shadow=\"large_depth\" data-autoplay=\"true\" data-autoplay-dur=\"\" data-free-scroll=\"\" data-controls=\"material_pagination\" data-desktop-columns=\"1\" data-small-desktop-columns=\"1\" data-tablet-columns=\"1\" data-phone-columns=\"1\"><div class=\"flickity-viewport\"> <div class=\"flickity-slider\"><div class=\"cell\" data-lazy=\"false\"><img decoding=\"async\" class=\"skip-lazy nectar-lazy\" src=\"https:\/\/modenafuturacreativa.it\/wp-content\/uploads\/2024\/10\/Urban-Video-Riprese-in-Tenda-600x450.jpg\" width=\"600\" height=\"450\" alt=\"Urban Video - Riprese in Tenda\" title=\"Vid\u00e9o urbaine - Tourner sous une tente\" loading=\"lazy\" \/><a class=\"entire-slide-link\" aria-label=\"Vid\u00e9o urbaine - Tourner sous une tente\"  href=\"https:\/\/modenafuturacreativa.it\/wp-content\/uploads\/2024\/10\/Urban-Video-Riprese-in-Tenda.jpg\"><\/a><\/div><div class=\"cell\" data-lazy=\"false\"><img decoding=\"async\" class=\"skip-lazy nectar-lazy\" src=\"https:\/\/modenafuturacreativa.it\/wp-content\/uploads\/2024\/10\/Urban-Video-Ciak-600x450.jpg\" width=\"600\" height=\"450\" alt=\"Urban Video - Ciak\" title=\"Vid\u00e9o urbaine - Ciak\" loading=\"lazy\" \/><a class=\"entire-slide-link\" aria-label=\"Vid\u00e9o urbaine - Ciak\"  href=\"https:\/\/modenafuturacreativa.it\/wp-content\/uploads\/2024\/10\/Urban-Video-Ciak.jpg\"><\/a><\/div><div class=\"cell\" data-lazy=\"false\"><img decoding=\"async\" class=\"skip-lazy nectar-lazy\" src=\"https:\/\/modenafuturacreativa.it\/wp-content\/uploads\/2024\/10\/Urban-Video-Docenti-e-studenti-2024-600x450.jpg\" width=\"600\" height=\"450\" alt=\"Urban Video - Docenti e studenti 2024\" title=\"Vid\u00e9o urbaine - Enseignants et \u00e9l\u00e8ves 2024\" loading=\"lazy\" \/><a class=\"entire-slide-link\" aria-label=\"Vid\u00e9o urbaine - Enseignants et \u00e9l\u00e8ves 2024\"  href=\"https:\/\/modenafuturacreativa.it\/wp-content\/uploads\/2024\/10\/Urban-Video-Docenti-e-studenti-2024.jpg\"><\/a><\/div><\/div><\/div><\/div><\/div>\n\t\t<\/div> \n\t<\/div> \n<div class=\"wpb_text_column wpb_content_element\" >\n\t<div id=\"parent-fieldname-description\">\n<div id=\"parent-fieldname-description\"><strong>Ouvert \u00e0 8 jeunes, \u00e2g\u00e9s de 16 \u00e0 29 ans, pour apprendre les diff\u00e9rentes techniques de conception, de r\u00e9alisation et de diffusion de produits multim\u00e9dias. Inscription jusqu'au 9 d\u00e9cembre<\/strong><\/div>\n<div id=\"viewlet-above-content-body\"><\/div>\n<div id=\"content-core\">\n<div id=\"parent-fieldname-text\">\n<p>De retour au Centre de musique, \"Urban video\", la formation gratuite pour les jeunes vid\u00e9astes qui souhaitent explorer les diff\u00e9rentes techniques de cr\u00e9ation et de diffusion de produits audiovisuels et multim\u00e9dias (r\u00e9alisation, live, spectacle multim\u00e9dia), ainsi qu'acqu\u00e9rir les comp\u00e9tences fondamentales pour mettre en place un parcours professionnel dans le secteur de l'audiovisuel.<\/p>\n<p>Pour sa huiti\u00e8me \u00e9dition, \"Urban video\" est promu par le Centre musical de Mod\u00e8ne, en coop\u00e9ration avec Easy Show Coop, et coordonn\u00e9 par Francesca Cappi et Federico Sigillo.<\/p>\n<p>Le cours est ouvert \u00e0 8 participants et con\u00e7u pour les mettre en contact avec des professionnels du secteur. Les participants pourront en apprendre davantage sur les outils et les techniques utilis\u00e9s par les vid\u00e9astes, les artistes vid\u00e9o et les concepteurs vid\u00e9o dans l'industrie, avec un aper\u00e7u des techniques de photographie, d'\u00e9criture et de tournage vid\u00e9o, ainsi que de l'\u00e9criture de sc\u00e9narios et de la conception de contenu. Une nouveaut\u00e9 cette ann\u00e9e : un module consacr\u00e9 \u00e0 l'utilisation de l'intelligence artificielle dans la cr\u00e9ation de contenu visuel et audiovisuel, avec une introduction \u00e0 l'automatisation du montage vid\u00e9o et de la g\u00e9n\u00e9ration d'images.<\/p>\n<p>La dur\u00e9e du cours est de 68 heures, comprenant des cours magistraux (18 heures), des modules d'approfondissement comprenant des rencontres avec des experts du domaine (32 heures) et des stages (18 heures).<\/p>\n<p>Le programme \"Vid\u00e9o urbaine\" d\u00e9butera le 20 janvier 2025 et se terminera le 11 mars. Les cours en face \u00e0 face auront lieu les lundis de 18 \u00e0 21 heures, tandis que les rencontres avec les experts auront lieu les samedis de 9 \u00e0 13 heures et de 14 \u00e0 18 heures, sauf accord contraire entre le professeur et les \u00e9tudiants. Les cours se d\u00e9rouleront dans les locaux du Centro Musica_71MusicHub, Via Morandi 71 \u00e0 Mod\u00e8ne.<\/p>\n<p>La participation au stage est gratuite. Un total de 8 places est disponible et l'acc\u00e8s se fait par le biais d'une liste de classement \u00e9tablie par un comit\u00e9 d'experts et d'op\u00e9rateurs qui identifiera les stagiaires sur la base d'un entretien personnel qui se tiendra les 11 et 12 d\u00e9cembre 2024 \u00e0 distance, apr\u00e8s notification par courrier \u00e9lectronique avec la date, l'heure et le lien vers l'appel.<\/p>\n<p>Pour s'inscrire, il faut \u00eatre r\u00e9sident ou domicili\u00e9 dans la province de Mod\u00e8ne et \u00eatre \u00e2g\u00e9 de 16 \u00e0 29 ans : les demandes doivent \u00eatre re\u00e7ues au plus tard le 9 d\u00e9cembre 2024 \u00e0 13 heures en remplissant le formulaire d'inscription disponible sur le site web du Centro Musica \u00e0 l'adresse suivante\u00a0<a href=\"http:\/\/www.musicplus.it\/\">www.musicplus.it<\/a>o\u00f9 vous pouvez \u00e9galement t\u00e9l\u00e9charger l'appel \u00e0 candidatures complet et consulter le programme complet des cours. Vous pouvez demander des informations et des pr\u00e9cisions par courrier \u00e9lectronique en \u00e9crivant \u00e0\u00a0<a href=\"mailto:info@easyshowcoop.it\">info@easyshowcoop.it<\/a>ou en contactant le Centre musical \u00e0 l'adresse suivante\u00a0<a href=\"mailto:centro.musica@comune.modena.it\">centro.musica@comune.modena.it<\/a>\u00a0ou en appelant le 059 203 4810.<\/p>\n<\/div>\n<\/div>\n<\/div>\n<\/div>\n\n\n\n\n\t\t\t<\/div> \n\t\t<\/div>\n\t<\/div> \n<\/div><\/div>","protected":false},"excerpt":{"rendered":"Ouvert \u00e0 8 jeunes, \u00e2g\u00e9s de 16 \u00e0 29 ans, pour apprendre les diff\u00e9rentes techniques de conception, de r\u00e9alisation et de diffusion de produits multim\u00e9dias. Inscription jusqu'au 9 d\u00e9cembre Retour...","protected":false},"author":1,"featured_media":4046,"comment_status":"closed","ping_status":"closed","sticky":false,"template":"","format":"standard","meta":{"wpupg_custom_link":[],"wpupg_custom_link_behaviour":["default"],"wpupg_custom_link_nofollow":[],"wpupg_custom_image":[],"wpupg_custom_image_id":[],"footnotes":""},"categories":[475],"tags":[],"class_list":["post-4042","post","type-post","status-publish","format-standard","has-post-thumbnail","category-news"],"_links":{"self":[{"href":"https:\/\/modenafuturacreativa.it\/fr\/wp-json\/wp\/v2\/posts\/4042","targetHints":{"allow":["GET"]}}],"collection":[{"href":"https:\/\/modenafuturacreativa.it\/fr\/wp-json\/wp\/v2\/posts"}],"about":[{"href":"https:\/\/modenafuturacreativa.it\/fr\/wp-json\/wp\/v2\/types\/post"}],"author":[{"embeddable":true,"href":"https:\/\/modenafuturacreativa.it\/fr\/wp-json\/wp\/v2\/users\/1"}],"replies":[{"embeddable":true,"href":"https:\/\/modenafuturacreativa.it\/fr\/wp-json\/wp\/v2\/comments?post=4042"}],"version-history":[{"count":2,"href":"https:\/\/modenafuturacreativa.it\/fr\/wp-json\/wp\/v2\/posts\/4042\/revisions"}],"predecessor-version":[{"id":4048,"href":"https:\/\/modenafuturacreativa.it\/fr\/wp-json\/wp\/v2\/posts\/4042\/revisions\/4048"}],"wp:featuredmedia":[{"embeddable":true,"href":"https:\/\/modenafuturacreativa.it\/fr\/wp-json\/wp\/v2\/media\/4046"}],"wp:attachment":[{"href":"https:\/\/modenafuturacreativa.it\/fr\/wp-json\/wp\/v2\/media?parent=4042"}],"wp:term":[{"taxonomy":"category","embeddable":true,"href":"https:\/\/modenafuturacreativa.it\/fr\/wp-json\/wp\/v2\/categories?post=4042"},{"taxonomy":"post_tag","embeddable":true,"href":"https:\/\/modenafuturacreativa.it\/fr\/wp-json\/wp\/v2\/tags?post=4042"}],"curies":[{"name":"wp","href":"https:\/\/api.w.org\/{rel}","templated":true}]}}