{"id":3961,"date":"2024-09-18T16:58:14","date_gmt":"2024-09-18T14:58:14","guid":{"rendered":"https:\/\/modenafuturacreativa.it\/?p=3961"},"modified":"2025-03-21T14:18:25","modified_gmt":"2025-03-21T13:18:25","slug":"san-cataldo-un-riconoscimento-monumentale","status":"publish","type":"post","link":"https:\/\/modenafuturacreativa.it\/fr\/san-cataldo-un-riconoscimento-monumentale\/","title":{"rendered":"SAN CATALDO, UNE RECONNAISSANCE \"MONUMENTALE"},"content":{"rendered":"<div id=\"fws_6a9b7c72ccc71\"  data-column-margin=\"60px\" data-midnight=\"dark\"  class=\"wpb_row vc_row-fluid vc_row\"  style=\"padding-top: 0px; padding-bottom: 0px; \"><div class=\"row-bg-wrap\" data-bg-animation=\"none\" data-bg-animation-delay=\"\" data-bg-overlay=\"false\"><div class=\"inner-wrap row-bg-layer\" ><div class=\"row-bg viewport-desktop\"  style=\"\"><\/div><\/div><\/div><div class=\"row_col_wrap_12 col span_12 dark left\">\n\t<div  class=\"vc_col-sm-12 wpb_column column_container vc_column_container col no-extra-padding inherit_tablet inherit_phone\"  data-padding-pos=\"all\" data-has-bg-color=\"false\" data-bg-color=\"\" data-bg-opacity=\"1\" data-animation=\"\" data-delay=\"0\" >\n\t\t<div class=\"vc_column-inner\" >\n\t\t\t<div class=\"wpb_wrapper\">\n\t\t\t\t\n<div class=\"wpb_text_column wpb_content_element\" >\n\t<p><strong>De la part de la R\u00e9gion, la marque certifiant le caract\u00e8re historico-artistique du cimeti\u00e8re de Mod\u00e8ne. Des contributions pour un itin\u00e9raire de visite multim\u00e9dia sont \u00e9galement en cours d'\u00e9laboration. <\/strong><\/p>\n<p>Reconnaissance de la valeur \"monumentale\" et contribution de 7 600 euros pour la cr\u00e9ation d'un audioguide sp\u00e9cial. Tels sont les deux objectifs atteints par la municipalit\u00e9 de Mod\u00e8ne pour le cimeti\u00e8re de San Cataldo gr\u00e2ce \u00e0 sa participation \u00e0 l'appel d'offres r\u00e9gional consacr\u00e9 \u00e0 la valorisation des cimeti\u00e8res historiques et monumentaux d'\u00c9milie-Romagne.<\/p>\n<p>Destin\u00e9 aux cimeti\u00e8res pr\u00e9sentant des caract\u00e9ristiques historico-artistiques et des activit\u00e9s de fructification d\u00e9j\u00e0 en cours, l'appel, dans sa deuxi\u00e8me \u00e9dition, offrait la possibilit\u00e9 de demander une reconnaissance en tant que site \"monumental\" et donc, une fois obtenue, une contribution en faveur d'une action de valorisation \u00e0 mettre en \u0153uvre dans l'ann\u00e9e. Des r\u00e9sultats complets pour la municipalit\u00e9 qui, d\u00e8s sa premi\u00e8re participation, a obtenu non seulement la reconnaissance, mais aussi la premi\u00e8re place dans le classement des projets financ\u00e9s (score de 85\/100 sur 23 organisations participantes).<\/p>\n<p>Le titre du projet, qui rappelle celui d\u00e9velopp\u00e9 par les architectes Rossi-Braghieri, est \"La ville des vivants et la ville des morts : un itin\u00e9raire au casque dans le cimeti\u00e8re de Mod\u00e8ne\" et concerne la cr\u00e9ation d'un audioguide qui peut \u00eatre activ\u00e9 sur les smartphones par le biais d'un code QR. Accompagn\u00e9s d'une carte num\u00e9rique interactive, les visiteurs pourront localiser les stations de l'itin\u00e9raire o\u00f9 ils pourront activer des fichiers audio individuels, lire une fiche descriptive et consulter la documentation d'archive. Pendant plus d'une heure, \u00e0 travers des monologues enregistr\u00e9s par des acteurs, ils seront guid\u00e9s par les voix illustres et communes des \"habitants\" du cimeti\u00e8re, c'est-\u00e0-dire des femmes et des hommes qui y sont enterr\u00e9s, t\u00e9moins de la grande histoire et de l'histoire quotidienne de la ville.<\/p>\n<p>L'engagement de la municipalit\u00e9 en faveur de la protection et de la valorisation du cimeti\u00e8re de San Cataldo se poursuit\", a d\u00e9clar\u00e9 Andrea Bortolamasi, conseiller municipal charg\u00e9 de la culture, \"qui repr\u00e9sente un patrimoine architectural unique. En utilisant diff\u00e9rents langages culturels et en exploitant des \u00e9l\u00e9ments de nature technologique, le projet s'inscrit \u00e9galement dans le cadre de la ville cr\u00e9ative de l'Unesco pour les arts m\u00e9diatiques, en associant m\u00e9moire, histoire et innovation\".<br \/>\nEn particulier, des personnalit\u00e9s comme Enzo Ferrari, l'actrice Virginia Reiter ou le gymnaste olympique Alberto Braglia raconteront la partie historique du cimeti\u00e8re construite par Cesare Costa au milieu du XIXe si\u00e8cle, tandis que les histoires de citoyens ordinaires s'entrecroiseront avec celles, visionnaires et constructives, de la partie moderne du site con\u00e7ue par Aldo Rossi et Gianni Braghieri entre les ann\u00e9es 1970 et 1980. Une attention particuli\u00e8re sera accord\u00e9e aux aspects sonores de l'audioguide, pour lequel une musique originale sera compos\u00e9e afin d'accompagner l'itin\u00e9raire.<\/p>\n<p>Planifi\u00e9 par le secteur de la culture de la municipalit\u00e9, dans le cadre du programme \"Modena Unesco Creative City for Media Arts\", le projet vise \u00e0 promouvoir et \u00e0 encourager l'utilisation d'un lieu \u00e0 forte densit\u00e9 historique et artistique en combinant les savoirs traditionnels et les langages multim\u00e9dias. Le co\u00fbt total du projet est de 9 500 euros, dont 7 600 euros financ\u00e9s par des contributions r\u00e9gionales et 1 900 euros par les ressources de la municipalit\u00e9.<\/p>\n<p>Le cimeti\u00e8re de San Cataldo entre ainsi officiellement parmi les 31 cimeti\u00e8res monumentaux et historiques reconnus par la R\u00e9gion Emilie-Romagne, dont neuf dans l'\u00e9dition 2024 et 22 dans la premi\u00e8re \u00e9dition de l'appel \u00e0 candidatures sp\u00e9cial, d\u00e9velopp\u00e9 dans le cadre de la loi r\u00e9gionale promouvant la reconnaissance, la valorisation et le soutien de ces sites. La c\u00e9r\u00e9monie de remise des prix aux entit\u00e9s est pr\u00e9vue pour la fin du mois de septembre, tandis qu'\u00e0 la fin de l'ann\u00e9e, le nouvel audioguide devrait \u00eatre pr\u00e9sent\u00e9 au public, avec des visites guid\u00e9es sp\u00e9ciales et des incursions dans le domaine du th\u00e9\u00e2tre et de la danse.<\/p>\n<\/div>\n\n\n\n\n\t\t\t<\/div> \n\t\t<\/div>\n\t<\/div> \n<\/div><\/div>","protected":false},"excerpt":{"rendered":"De la part de la R\u00e9gion, la marque certifiant le caract\u00e8re historico-artistique du cimeti\u00e8re de Mod\u00e8ne. Des contributions pour un itin\u00e9raire de visite multim\u00e9dia sont \u00e9galement pr\u00e9vues. Reconnaissance de la valeur \"monumentale\" et contribution...","protected":false},"author":1,"featured_media":3962,"comment_status":"closed","ping_status":"closed","sticky":false,"template":"","format":"standard","meta":{"wpupg_custom_link":[],"wpupg_custom_link_behaviour":["default"],"wpupg_custom_link_nofollow":[],"wpupg_custom_image":[],"wpupg_custom_image_id":[],"footnotes":""},"categories":[475],"tags":[],"class_list":["post-3961","post","type-post","status-publish","format-standard","has-post-thumbnail","category-news"],"_links":{"self":[{"href":"https:\/\/modenafuturacreativa.it\/fr\/wp-json\/wp\/v2\/posts\/3961","targetHints":{"allow":["GET"]}}],"collection":[{"href":"https:\/\/modenafuturacreativa.it\/fr\/wp-json\/wp\/v2\/posts"}],"about":[{"href":"https:\/\/modenafuturacreativa.it\/fr\/wp-json\/wp\/v2\/types\/post"}],"author":[{"embeddable":true,"href":"https:\/\/modenafuturacreativa.it\/fr\/wp-json\/wp\/v2\/users\/1"}],"replies":[{"embeddable":true,"href":"https:\/\/modenafuturacreativa.it\/fr\/wp-json\/wp\/v2\/comments?post=3961"}],"version-history":[{"count":1,"href":"https:\/\/modenafuturacreativa.it\/fr\/wp-json\/wp\/v2\/posts\/3961\/revisions"}],"predecessor-version":[{"id":3963,"href":"https:\/\/modenafuturacreativa.it\/fr\/wp-json\/wp\/v2\/posts\/3961\/revisions\/3963"}],"wp:featuredmedia":[{"embeddable":true,"href":"https:\/\/modenafuturacreativa.it\/fr\/wp-json\/wp\/v2\/media\/3962"}],"wp:attachment":[{"href":"https:\/\/modenafuturacreativa.it\/fr\/wp-json\/wp\/v2\/media?parent=3961"}],"wp:term":[{"taxonomy":"category","embeddable":true,"href":"https:\/\/modenafuturacreativa.it\/fr\/wp-json\/wp\/v2\/categories?post=3961"},{"taxonomy":"post_tag","embeddable":true,"href":"https:\/\/modenafuturacreativa.it\/fr\/wp-json\/wp\/v2\/tags?post=3961"}],"curies":[{"name":"wp","href":"https:\/\/api.w.org\/{rel}","templated":true}]}}