{"id":3952,"date":"2024-09-10T17:53:08","date_gmt":"2024-09-10T15:53:08","guid":{"rendered":"https:\/\/modenafuturacreativa.it\/?p=3952"},"modified":"2025-03-21T14:18:25","modified_gmt":"2025-03-21T13:18:25","slug":"al-comunale-piu-efficienza-energetica-e-innovazioni-digitali","status":"publish","type":"post","link":"https:\/\/modenafuturacreativa.it\/fr\/al-comunale-piu-efficienza-energetica-e-innovazioni-digitali\/","title":{"rendered":"LA MUNICIPALIT\u00c9 PLUS D'EFFICACIT\u00c9 \u00c9NERG\u00c9TIQUE ET D'INNOVATIONS NUM\u00c9RIQUES"},"content":{"rendered":"<div id=\"fws_6a9b7b8a74410\"  data-column-margin=\"60px\" data-midnight=\"dark\"  class=\"wpb_row vc_row-fluid vc_row\"  style=\"padding-top: 0px; padding-bottom: 0px; \"><div class=\"row-bg-wrap\" data-bg-animation=\"none\" data-bg-animation-delay=\"\" data-bg-overlay=\"false\"><div class=\"inner-wrap row-bg-layer\" ><div class=\"row-bg viewport-desktop\"  style=\"\"><\/div><\/div><\/div><div class=\"row_col_wrap_12 col span_12 dark left\">\n\t<div  class=\"vc_col-sm-12 wpb_column column_container vc_column_container col no-extra-padding inherit_tablet inherit_phone\"  data-padding-pos=\"all\" data-has-bg-color=\"false\" data-bg-color=\"\" data-bg-opacity=\"1\" data-animation=\"\" data-delay=\"0\" >\n\t\t<div class=\"vc_column-inner\" >\n\t\t\t<div class=\"wpb_wrapper\">\n\t\t\t\t\n<div class=\"wpb_text_column wpb_content_element\" >\n\t<div id=\"parent-fieldname-description\" class=\"documentDescription\">\n<div id=\"parent-fieldname-description\" class=\"documentDescription\">\n<div id=\"parent-fieldname-description\" class=\"documentDescription\">\n<div id=\"parent-fieldname-description\" class=\"documentDescription\"><strong>Variation du budget du conseil pour soumettre un projet de 640 000 euros pour le th\u00e9\u00e2tre Pavarotti Freni \u00e0 l'appel r\u00e9gional pour les investissements dans les arts du spectacle<\/strong><\/div>\n<div id=\"viewlet-above-content-body\"><\/div>\n<div id=\"content-core\">\n<div id=\"parent-fieldname-text\" class=\"plain\">\n<p>Rendre le th\u00e9\u00e2tre municipal de Mod\u00e8ne, qui porte le nom de Luciano Pavarotti et Mirella Freni, plus \u00e9conome en \u00e9nergie et l'\u00e9quiper d'innovations technologiques pour am\u00e9liorer les performances vid\u00e9o et audio dans les transmissions num\u00e9riques. Tel est l'objectif du projet que la municipalit\u00e9 soumet, pour une valeur totale de 640 000 euros, \u00e0 l'appel d'offres de la r\u00e9gion \u00c9milie-Romagne pour les investissements dans le secteur du spectacle (loi 13 de 1999) pour la p\u00e9riode de deux ans 2025-2026.<\/p>\n<p>La contribution r\u00e9gionale peut s'\u00e9lever \u00e0 un maximum de 500 000 euros. La municipalit\u00e9 s'est donc engag\u00e9e \u00e0 cofinancer 140 000 euros, mais pour se conformer aux r\u00e8gles suivantes<\/p>\n<p>la date limite du 10 septembre pour le d\u00e9p\u00f4t de la demande n\u00e9cessite une modification du budget, avec une proc\u00e9dure d'urgence, approuv\u00e9e le mercredi 4 septembre par le conseil municipal, sur proposition du conseiller budg\u00e9taire Vittorio Molinari. La variation, la sixi\u00e8me en 2024, devra ensuite \u00eatre ratifi\u00e9e par le conseil municipal.<\/p>\n<p>Lors de la m\u00eame r\u00e9union du conseil, le projet ex\u00e9cutif de l'intervention a \u00e9galement \u00e9t\u00e9 approuv\u00e9, sur proposition du conseiller aux travaux publics Giulio Guerzoni, qui pr\u00e9voit, afin de r\u00e9duire la consommation d'\u00e9nergie, le remplacement des ch\u00e2ssis internes et externes l\u00e0 o\u00f9 ils se sont d\u00e9t\u00e9rior\u00e9s et sont inefficaces, en particulier dans la zone des loges, mais aussi sur les sols des diff\u00e9rents niveaux de loges et dans la zone des bureaux o\u00f9 les volets retir\u00e9s il y a des ann\u00e9es seront r\u00e9install\u00e9s ; les projecteurs de sc\u00e8ne halog\u00e8nes seront \u00e9galement remplac\u00e9s par des projecteurs \u00e0 LED.<\/p>\n<p>Les innovations technologiques porteront sur le remplacement et l'int\u00e9gration d'\u00e9quipements permettant le passage \u00e0 un syst\u00e8me de distribution de signaux vid\u00e9o enti\u00e8rement num\u00e9rique, de sorte que l'interconnexion soit possible pour la diffusion num\u00e9rique et le travail sur sc\u00e8ne. Les mixeurs audio seront \u00e9galement remplac\u00e9s par des \u00e9quipements de pointe qui am\u00e9liorent les performances et r\u00e9duisent la consommation d'\u00e9nergie.<\/p>\n<p>L'innovation technologique et l'adaptation de la structure dans le sens de la durabilit\u00e9 environnementale, de la num\u00e9risation et de l'automatisation des mouvements sc\u00e9niques est un chapitre sur lequel le Th\u00e9\u00e2tre municipal travaille depuis un certain temps pour am\u00e9liorer sa capacit\u00e9 et la qualit\u00e9 de ses offres, ce qui a d\u00e9j\u00e0 commenc\u00e9 avec deux projets ant\u00e9rieurs, l'un avec un financement r\u00e9gional, en 2018, et l'autre avec un financement Pnrr en 2022. Les projets pr\u00e9c\u00e9dents ont permis, entre autres modernisations, de r\u00e9nover le treillis et de remplacer les luminaires de l'auditorium et des bureaux par des lampes LED.<\/p>\n<\/div>\n<\/div>\n<\/div>\n<\/div>\n<\/div>\n<\/div>\n\n\n\n\n\t\t\t<\/div> \n\t\t<\/div>\n\t<\/div> \n<\/div><\/div>","protected":false},"excerpt":{"rendered":"Variation du budget du conseil pour pr\u00e9senter un projet de 640 000 euros pour le th\u00e9\u00e2tre Pavarotti Freni \u00e0 l'appel r\u00e9gional pour les investissements dans les arts de la sc\u00e8ne Faire du th\u00e9\u00e2tre municipal...","protected":false},"author":1,"featured_media":3953,"comment_status":"closed","ping_status":"closed","sticky":false,"template":"","format":"standard","meta":{"wpupg_custom_link":[],"wpupg_custom_link_behaviour":["default"],"wpupg_custom_link_nofollow":[],"wpupg_custom_image":[],"wpupg_custom_image_id":[],"footnotes":""},"categories":[475],"tags":[],"class_list":["post-3952","post","type-post","status-publish","format-standard","has-post-thumbnail","category-news"],"_links":{"self":[{"href":"https:\/\/modenafuturacreativa.it\/fr\/wp-json\/wp\/v2\/posts\/3952","targetHints":{"allow":["GET"]}}],"collection":[{"href":"https:\/\/modenafuturacreativa.it\/fr\/wp-json\/wp\/v2\/posts"}],"about":[{"href":"https:\/\/modenafuturacreativa.it\/fr\/wp-json\/wp\/v2\/types\/post"}],"author":[{"embeddable":true,"href":"https:\/\/modenafuturacreativa.it\/fr\/wp-json\/wp\/v2\/users\/1"}],"replies":[{"embeddable":true,"href":"https:\/\/modenafuturacreativa.it\/fr\/wp-json\/wp\/v2\/comments?post=3952"}],"version-history":[{"count":1,"href":"https:\/\/modenafuturacreativa.it\/fr\/wp-json\/wp\/v2\/posts\/3952\/revisions"}],"predecessor-version":[{"id":3954,"href":"https:\/\/modenafuturacreativa.it\/fr\/wp-json\/wp\/v2\/posts\/3952\/revisions\/3954"}],"wp:featuredmedia":[{"embeddable":true,"href":"https:\/\/modenafuturacreativa.it\/fr\/wp-json\/wp\/v2\/media\/3953"}],"wp:attachment":[{"href":"https:\/\/modenafuturacreativa.it\/fr\/wp-json\/wp\/v2\/media?parent=3952"}],"wp:term":[{"taxonomy":"category","embeddable":true,"href":"https:\/\/modenafuturacreativa.it\/fr\/wp-json\/wp\/v2\/categories?post=3952"},{"taxonomy":"post_tag","embeddable":true,"href":"https:\/\/modenafuturacreativa.it\/fr\/wp-json\/wp\/v2\/tags?post=3952"}],"curies":[{"name":"wp","href":"https:\/\/api.w.org\/{rel}","templated":true}]}}