{"id":3901,"date":"2024-08-12T11:57:08","date_gmt":"2024-08-12T09:57:08","guid":{"rendered":"https:\/\/modenafuturacreativa.it\/?p=3901"},"modified":"2025-03-21T14:18:25","modified_gmt":"2025-03-21T13:18:25","slug":"larchitettura-nel-festival-costruire-la-citta-degli-alberi","status":"publish","type":"post","link":"https:\/\/modenafuturacreativa.it\/fr\/larchitettura-nel-festival-costruire-la-citta-degli-alberi\/","title":{"rendered":"FESTIVAL DES ARBRES \"CONSTRUIRE LA VILLE DES ARBRES"},"content":{"rendered":"<div id=\"fws_6a9b7bec5d995\"  data-column-margin=\"60px\" data-midnight=\"dark\"  class=\"wpb_row vc_row-fluid vc_row\"  style=\"padding-top: 0px; padding-bottom: 0px; \"><div class=\"row-bg-wrap\" data-bg-animation=\"none\" data-bg-animation-delay=\"\" data-bg-overlay=\"false\"><div class=\"inner-wrap row-bg-layer\" ><div class=\"row-bg viewport-desktop\"  style=\"\"><\/div><\/div><\/div><div class=\"row_col_wrap_12 col span_12 dark left\">\n\t<div  class=\"vc_col-sm-12 wpb_column column_container vc_column_container col no-extra-padding inherit_tablet inherit_phone\"  data-padding-pos=\"all\" data-has-bg-color=\"false\" data-bg-color=\"\" data-bg-opacity=\"1\" data-animation=\"\" data-delay=\"0\" >\n\t\t<div class=\"vc_column-inner\" >\n\t\t\t<div class=\"wpb_wrapper\">\n\t\t\t\t\n<div class=\"wpb_text_column wpb_content_element\" >\n\t<div id=\"parent-fieldname-description\" class=\"documentDescription\">\n<div id=\"parent-fieldname-description\" class=\"documentDescription\">\n<div id=\"parent-fieldname-description\" class=\"documentDescription\"><strong>Plus de 100 000 euros du minist\u00e8re de la Culture pour l'initiative municipale inspir\u00e9e par l'\u0153uvre de Cesare Leonardi et qui se d\u00e9roulera dans le village d'artisans.<\/strong><\/div>\n<div id=\"viewlet-above-content-body\"><\/div>\n<div id=\"content-core\">\n<div id=\"parent-fieldname-text\" class=\"plain\">\n<p>Inspir\u00e9 par les projets et les dessins des architectes Cesare Leonardi et Franca Stagi, le festival \"Construire la ville des arbres\", pour lequel la municipalit\u00e9 de Mod\u00e8ne a obtenu une subvention de 106 900 euros de la part de la direction g\u00e9n\u00e9rale de la cr\u00e9ation contemporaine du minist\u00e8re de la culture dans le cadre de l'appel \u00e0 festivals d'architecture, vise \u00e0 faire conna\u00eetre l'architecture italienne contemporaine.<\/p>\n<p>Le projet pr\u00e9sent\u00e9 par la municipalit\u00e9 (qui a obtenu une note totale de 96\/100) s'articule autour de l'id\u00e9e que les arbres peuvent \u00eatre un outil permettant d'\u00e9tudier et de r\u00e9organiser la ville contemporaine et s'inspire des vingt ann\u00e9es de recherche des architectes mod\u00e9nais Leonardi et Stagi sur la conception des parcs et des espaces verts urbains, qui ont abouti en 1982 \u00e0 l'ouvrage \"L'architettura degli alberi\" (L'architecture des arbres), devenu un manuel de r\u00e9f\u00e9rence pour l'am\u00e9nagement paysager au niveau international.<\/p>\n<p>Le Village des Artisans et les Archives Leonardi seront donc le lieu de \"Construire la ville des arbres\", programm\u00e9e du 7 au 13 avril 2025 mais avec des avant-premi\u00e8res d\u00e8s l'automne : la maison-atelier de l'architecte, les ateliers des artisans, les espaces d\u00e9saffect\u00e9s, les cours industrielles et la nouvelle Diagonale Verte deviendront le lieu de conf\u00e9rences, d'expositions avec du mat\u00e9riel d'archives, d'installations multim\u00e9dias, d'itin\u00e9raires et de visites guid\u00e9es, d'ateliers pour enfants et pour adultes pendant une semaine.<\/p>\n<p>Le festival est organis\u00e9 en collaboration avec la Fondation Leonardi et en association avec Amigdala, la r\u00e9gion Emilia Romagna, UniMoRe, la municipalit\u00e9 de Vignola, la ville des arbres de Bosco Albergati, Italia Nostra \/ Bosco in citt\u00e0. Les partenaires et soutiens sont les associations Fuse*, Bunker, LazyDog press, AlberItalia, l'association Gellner, le Rotary Club. Le partenaire international est la ville allemande de Karlsruhe qui, comme Mod\u00e8ne, fait partie du groupe des villes cr\u00e9atives de l'Unesco pour les arts m\u00e9diatiques et accueillera une exposition itin\u00e9rante li\u00e9e au festival. Les soutiens internationaux sont le r\u00e9seau des 24 villes cr\u00e9atives de l'Unesco pour les arts m\u00e9diatiques, le Royal College of Art de Londres, l'universit\u00e9 de Northampton, Transparadiso \u00e0 Vienne, Kunstverein Rosa Luxemburg \u00e0 Berlin et Home For Cooperation (H4C) \u00e0 Chypre.<\/p>\n<\/div>\n<\/div>\n<\/div>\n<\/div>\n<\/div>\n\n\n\n\n\t\t\t<\/div> \n\t\t<\/div>\n\t<\/div> \n<\/div><\/div>","protected":false},"excerpt":{"rendered":"Le minist\u00e8re de la Culture accorde une subvention de plus de 100 000 euros \u00e0 l'initiative municipale inspir\u00e9e par l'\u0153uvre de Cesare Leonardi et qui se d\u00e9roulera au Village artisanal Oui...","protected":false},"author":1,"featured_media":3902,"comment_status":"closed","ping_status":"closed","sticky":false,"template":"","format":"standard","meta":{"wpupg_custom_link":[],"wpupg_custom_link_behaviour":["default"],"wpupg_custom_link_nofollow":[],"wpupg_custom_image":[],"wpupg_custom_image_id":[],"footnotes":""},"categories":[475],"tags":[],"class_list":["post-3901","post","type-post","status-publish","format-standard","has-post-thumbnail","category-news"],"_links":{"self":[{"href":"https:\/\/modenafuturacreativa.it\/fr\/wp-json\/wp\/v2\/posts\/3901","targetHints":{"allow":["GET"]}}],"collection":[{"href":"https:\/\/modenafuturacreativa.it\/fr\/wp-json\/wp\/v2\/posts"}],"about":[{"href":"https:\/\/modenafuturacreativa.it\/fr\/wp-json\/wp\/v2\/types\/post"}],"author":[{"embeddable":true,"href":"https:\/\/modenafuturacreativa.it\/fr\/wp-json\/wp\/v2\/users\/1"}],"replies":[{"embeddable":true,"href":"https:\/\/modenafuturacreativa.it\/fr\/wp-json\/wp\/v2\/comments?post=3901"}],"version-history":[{"count":2,"href":"https:\/\/modenafuturacreativa.it\/fr\/wp-json\/wp\/v2\/posts\/3901\/revisions"}],"predecessor-version":[{"id":3906,"href":"https:\/\/modenafuturacreativa.it\/fr\/wp-json\/wp\/v2\/posts\/3901\/revisions\/3906"}],"wp:featuredmedia":[{"embeddable":true,"href":"https:\/\/modenafuturacreativa.it\/fr\/wp-json\/wp\/v2\/media\/3902"}],"wp:attachment":[{"href":"https:\/\/modenafuturacreativa.it\/fr\/wp-json\/wp\/v2\/media?parent=3901"}],"wp:term":[{"taxonomy":"category","embeddable":true,"href":"https:\/\/modenafuturacreativa.it\/fr\/wp-json\/wp\/v2\/categories?post=3901"},{"taxonomy":"post_tag","embeddable":true,"href":"https:\/\/modenafuturacreativa.it\/fr\/wp-json\/wp\/v2\/tags?post=3901"}],"curies":[{"name":"wp","href":"https:\/\/api.w.org\/{rel}","templated":true}]}}