{"id":3811,"date":"2024-07-23T16:19:18","date_gmt":"2024-07-23T14:19:18","guid":{"rendered":"https:\/\/modenafuturacreativa.it\/?p=3811"},"modified":"2025-03-21T14:18:25","modified_gmt":"2025-03-21T13:18:25","slug":"smart-life-festival-2-talk-eventi-e-performance","status":"publish","type":"post","link":"https:\/\/modenafuturacreativa.it\/fr\/smart-life-festival-2-talk-eventi-e-performance\/","title":{"rendered":"SMART LIFE FESTIVAL \/ 2 - CONF\u00c9RENCES, \u00c9V\u00c9NEMENTS ET PERFORMANCES"},"content":{"rendered":"<div id=\"fws_6a9b7c73bffba\"  data-column-margin=\"60px\" data-midnight=\"dark\"  class=\"wpb_row vc_row-fluid vc_row\"  style=\"padding-top: 0px; padding-bottom: 0px; \"><div class=\"row-bg-wrap\" data-bg-animation=\"none\" data-bg-animation-delay=\"\" data-bg-overlay=\"false\"><div class=\"inner-wrap row-bg-layer\" ><div class=\"row-bg viewport-desktop\"  style=\"\"><\/div><\/div><\/div><div class=\"row_col_wrap_12 col span_12 dark left\">\n\t<div  class=\"vc_col-sm-12 wpb_column column_container vc_column_container col no-extra-padding inherit_tablet inherit_phone\"  data-padding-pos=\"all\" data-has-bg-color=\"false\" data-bg-color=\"\" data-bg-opacity=\"1\" data-animation=\"\" data-delay=\"0\" >\n\t\t<div class=\"vc_column-inner\" >\n\t\t\t<div class=\"wpb_wrapper\">\n\t\t\t\t\n\t<div class=\"wpb_gallery wpb_content_element clearfix\">\n\t\t<div class=\"wpb_wrapper\"><div class=\"wpb_gallery_slidesflickity_style\" data-onclick=\"link_image\" data-interval=\"5\"><div class=\"nectar-flickity not-initialized\" role=\"region\" aria-roledescription=\"carousel\" aria-label=\"Galerie d&#039;images\"  data-touch-icon-color=\"default\" data-stagger=\"\" data-drag-scale=\"\" data-overflow=\"hidden\" data-wrap=\"wrap\" data-spacing=\"default\" data-shadow=\"large_depth\" data-autoplay=\"true\" data-autoplay-dur=\"\" data-free-scroll=\"\" data-controls=\"material_pagination\" data-desktop-columns=\"1\" data-small-desktop-columns=\"1\" data-tablet-columns=\"1\" data-phone-columns=\"1\"><div class=\"flickity-viewport\"> <div class=\"flickity-slider\"><div class=\"cell\" data-lazy=\"false\"><img decoding=\"async\" class=\"skip-lazy nectar-lazy\" src=\"https:\/\/modenafuturacreativa.it\/wp-content\/uploads\/2024\/07\/Marco-Mancuso-600x450.png\" width=\"600\" height=\"450\" alt=\"Marco Mancuso\" title=\"Marco Mancuso\" loading=\"lazy\" \/><a class=\"entire-slide-link\" aria-label=\"Marco Mancuso\"  href=\"https:\/\/modenafuturacreativa.it\/wp-content\/uploads\/2024\/07\/Marco-Mancuso.png\"><\/a><\/div><div class=\"cell\" data-lazy=\"false\"><img decoding=\"async\" class=\"skip-lazy nectar-lazy\" src=\"https:\/\/modenafuturacreativa.it\/wp-content\/uploads\/2024\/07\/Alberto-Nerazzini-scaled-600x450.jpg\" width=\"600\" height=\"450\" alt=\"Alberto Nerazzini\" title=\"Alberto Nerazzini\" loading=\"lazy\" \/><a class=\"entire-slide-link\" aria-label=\"Alberto Nerazzini\"  href=\"https:\/\/modenafuturacreativa.it\/wp-content\/uploads\/2024\/07\/Alberto-Nerazzini-scaled.jpg\"><\/a><\/div><div class=\"cell\" data-lazy=\"false\"><img decoding=\"async\" class=\"skip-lazy nectar-lazy\" src=\"https:\/\/modenafuturacreativa.it\/wp-content\/uploads\/2024\/07\/Flavia-Fratello-scaled-600x450.jpg\" width=\"600\" height=\"450\" alt=\"Flavia Fratello giornalista La7ph\u00a9serena campanini\" title=\"Flavia Fratello journaliste La7ph\u00a9serena campanini\" loading=\"lazy\" \/><a class=\"entire-slide-link\" aria-label=\"Flavia Fratello journaliste La7ph\u00a9serena campanini\"  href=\"https:\/\/modenafuturacreativa.it\/wp-content\/uploads\/2024\/07\/Flavia-Fratello-scaled.jpg\"><\/a><\/div><div class=\"cell\" data-lazy=\"false\"><img decoding=\"async\" class=\"skip-lazy nectar-lazy\" src=\"https:\/\/modenafuturacreativa.it\/wp-content\/uploads\/2024\/07\/Gianni-Riotta-600x450.jpg\" width=\"600\" height=\"450\" alt=\"Gianni Riotta\" title=\"Gianni Riotta\" loading=\"lazy\" \/><a class=\"entire-slide-link\" aria-label=\"Gianni Riotta\"  href=\"https:\/\/modenafuturacreativa.it\/wp-content\/uploads\/2024\/07\/Gianni-Riotta.jpg\"><\/a><\/div><div class=\"cell\" data-lazy=\"false\"><img decoding=\"async\" class=\"skip-lazy nectar-lazy\" src=\"https:\/\/modenafuturacreativa.it\/wp-content\/uploads\/2024\/07\/Massimo-Polidoro_crediti-600x450.jpeg\" width=\"600\" height=\"450\" alt=\"Massimo Polidoro_crediti\" title=\"Massimo Polidoro_credits\" loading=\"lazy\" \/><a class=\"entire-slide-link\" aria-label=\"Massimo Polidoro_credits\"  href=\"https:\/\/modenafuturacreativa.it\/wp-content\/uploads\/2024\/07\/Massimo-Polidoro_crediti.jpeg\"><\/a><\/div><div class=\"cell\" data-lazy=\"false\"><img decoding=\"async\" class=\"skip-lazy nectar-lazy\" src=\"https:\/\/modenafuturacreativa.it\/wp-content\/uploads\/2024\/07\/Rita-Cucchiara-600x450.jpg\" width=\"600\" height=\"450\" alt=\"Rita Cucchiara\" title=\"Rita Cucchiara\" loading=\"lazy\" \/><a class=\"entire-slide-link\" aria-label=\"Rita Cucchiara\"  href=\"https:\/\/modenafuturacreativa.it\/wp-content\/uploads\/2024\/07\/Rita-Cucchiara.jpg\"><\/a><\/div><\/div><\/div><\/div><\/div>\n\t\t<\/div> \n\t<\/div> \n<div class=\"wpb_text_column wpb_content_element\" >\n\t<div id=\"parent-fieldname-description\" class=\"documentDescription\">\n<div id=\"parent-fieldname-description\" class=\"documentDescription\"><strong>Exploration de nouvelles fronti\u00e8res contre la d\u00e9sinformation et la manipulation de la r\u00e9alit\u00e9. Invit\u00e9s : Gianni Riotta, Rita Cucchiara et Massimo Polidori. Smart School revient \u00e9galement<\/strong><\/div>\n<div id=\"viewlet-above-content-body\"><\/div>\n<div id=\"content-core\">\n<div id=\"parent-fieldname-text\" class=\"plain\">\n<p>Le domaine de l'information est l'un des principaux terrains o\u00f9 s'exercent des formes de plus en plus sophistiqu\u00e9es de conditionnement de l'opinion publique et de manipulation de la r\u00e9alit\u00e9. Le jeudi 26 septembre \u00e0 21 heures \u00e0 l'\u00e9glise San Carlo de Mod\u00e8ne, l'\u00e9dition 2024 du Smart Life Festival sera officiellement inaugur\u00e9e par une conf\u00e9rence intitul\u00e9e \"Truth Machines. La r\u00e9alit\u00e9 entre information, enqu\u00eates et deepfakes\".<\/p>\n<p>L'\u00e9v\u00e9nement est organis\u00e9 en collaboration avec le Dig Festival en pr\u00e9sence de Rita Cucchiara (professeur d'ing\u00e9nierie informatique et responsable scientifique de l'AImageLab Unimore), Gianni Riotta (journaliste, directeur du Master en journalisme et du Data Lab Research Centre de l'Universit\u00e9 Luiss de Rome), Alberto Nerazzini (journaliste, pr\u00e9sident du Dig Festival) et Flavia Fratello (journaliste et pr\u00e9sentatrice de t\u00e9l\u00e9vision). La r\u00e9union examinera en profondeur les transformations technologiques qui sous-tendent la g\u00e9n\u00e9ration et la diffusion de contenus sur les m\u00e9dias traditionnels et les canaux num\u00e9riques ; la possibilit\u00e9 de v\u00e9rifier et de rapporter les faits gr\u00e2ce \u00e0 des analyses et des enqu\u00eates approfondies ; les nouvelles fronti\u00e8res de la lutte contre la d\u00e9sinformation, y compris les projets d\u00e9velopp\u00e9s par le Luiss Data Lab en collaboration avec la Fieg Federazione Italiana Editori Giornali, avec le soutien de Google.org et le patronage de l'Agence nationale de cybers\u00e9curit\u00e9.<\/p>\n<p>Le samedi 28 septembre \u00e0 21 heures, la conf\u00e9rence sc\u00e9nique de Massimo Polidoro intitul\u00e9e \"La science de l'incroyable\" explorera la relation entre la science et la v\u00e9rit\u00e9. Le collaborateur historique de Piero Angela, co-auteur de son dernier livre \"La meraviglia del tutto\" (La merveille de tout), conf\u00e9rencier, vulgarisateur, co-fondateur et secr\u00e9taire national du Cicap, le Comit\u00e9 italien pour le contr\u00f4le des all\u00e9gations de pseudo-science, emm\u00e8nera le public dans un voyage pour red\u00e9couvrir l'importance de la connaissance et de la pens\u00e9e critique dans un monde domin\u00e9 par les fausses v\u00e9rit\u00e9s.<\/p>\n<p>&nbsp;<\/p>\n<p>Le dimanche 29 septembre \u00e0 16 heures, en collaboration avec Fmav Fondazione Modena Arti Visive, la conf\u00e9rence \"Intelligence humaine, technologique et naturelle pour une nouvelle ontologie environnementale\" se tiendra avec Marco Mancuso, critique et conservateur, Laura Palazzani, experte en bio\u00e9thique et ma\u00eetre de conf\u00e9rences en philosophie du droit \u00e0 l'universit\u00e9 Lumsa de Rome, et Alessandra Gribaldo, ma\u00eetre de conf\u00e9rences en anthropologie culturelle \u00e0 l'universit\u00e9 de Mod\u00e8ne et de Reggio Emilia. La r\u00e9union portera sur les points critiques, les fausses hypoth\u00e8ses et les d\u00e9veloppements possibles li\u00e9s aux nouveaux modes de relation entre les \u00eatres humains, les machines informatiques et les syst\u00e8mes naturels.<\/p>\n<p>\u00c0 l'issue de la table ronde, le public pourra participer \u00e0 une visite guid\u00e9e sp\u00e9ciale de l'exposition \"Umwelt\", consacr\u00e9e \u00e0 la relation entre l'intelligence et l'environnement, organis\u00e9e par Marco Mancuso et propos\u00e9e par la Fmav \u00e0 l'occasion du Smart Life Festival.<\/p>\n<p>De nombreux autres invit\u00e9s animeront le programme du festival, parmi lesquels l'illustrateur des couvertures de la s\u00e9rie historique de science-fiction italienne Urania, Franco Brambilla, qui participera \u00e0 une \u00e9dition sp\u00e9ciale et originale de son projet \"Invading The Vintage\", consacr\u00e9 \u00e0 l'exploration figurative de paysages r\u00e9els et imaginaires.<\/p>\n<p>Cette \u00e9dition du Smart Life Festival sera \u00e9galement enrichie par Smart School, le vaste programme d\u00e9di\u00e9 au monde de l'\u00e9ducation et des \u00e9coles : plus de vingt rendez-vous, dont des laboratoires, des ateliers, des expositions et des \u00e9tudes approfondies, sont destin\u00e9s aux \u00e9tudiants des \u00e9coles mod\u00e9naises de tous les niveaux.<\/p>\n<p>Il s'agit notamment de la conf\u00e9rence \"Intelligents par nature. Plantes et animaux : b\u00e2tisseurs de mondes et de relations\", pr\u00e9vue le jeudi 26 septembre \u00e0 17h30, en collaboration avec le Centro Memo et la Fondazione degli Architetti di Modena, avec la participation du zooanthropologue Roberto Marchesini et de la biologiste et chercheuse Unimore Laura Arru, qui r\u00e9fl\u00e9chiront avec d'autres invit\u00e9s sur des v\u00e9rit\u00e9s encore peu connues mais fondamentales dans la relation entre l'intelligence artificielle et l'intelligence animale.<\/p>\n<p>Enfin, le dimanche 29 septembre, \u00e0 21 heures, le rendez-vous avec les \u00e9coles revient avec une performance qui m\u00ealera mode, technologie, musique et danse. La performance \"Hentai. M\u00e9tamorphose num\u00e9rique\", qui associe la cr\u00e9ativit\u00e9 technico-informatique d'Itis Corni, la cr\u00e9ativit\u00e9 de la mode de l'Istituto Deledda et la cr\u00e9ativit\u00e9 artistique et musicale du Liceo Sigonio, avec la collaboration d'Arte Equilibra, verra les \u00e9l\u00e8ves devenir les protagonistes d'un d\u00e9fil\u00e9 de mode performant qui retravaille le th\u00e8me du festival sous l'angle de la transformation et du changement.<\/p>\n<p>Le programme complet du festival sera bient\u00f4t disponible sur le site web (https:\/\/www.smartlifefestival.it\/) et sur les m\u00e9dias sociaux. En outre, en septembre, plusieurs \u00e9v\u00e9nements en avant-premi\u00e8re sont pr\u00e9vus \u00e0 Mod\u00e8ne et dans la province, en pr\u00e9paration des journ\u00e9es du festival.<\/p>\n<\/div>\n<\/div>\n<\/div>\n<\/div>\n\n\n\n\n\t\t\t<\/div> \n\t\t<\/div>\n\t<\/div> \n<\/div><\/div>","protected":false},"excerpt":{"rendered":"Exploration de nouvelles fronti\u00e8res contre la d\u00e9sinformation et la manipulation de la r\u00e9alit\u00e9. Invit\u00e9s : Gianni Riotta, Rita Cucchiara et Massimo Polidori. La Smart School revient aussi Le domaine de l'information est l'un des principaux domaines dans lesquels...","protected":false},"author":1,"featured_media":3815,"comment_status":"closed","ping_status":"closed","sticky":false,"template":"","format":"standard","meta":{"wpupg_custom_link":[],"wpupg_custom_link_behaviour":["default"],"wpupg_custom_link_nofollow":[],"wpupg_custom_image":[],"wpupg_custom_image_id":[],"footnotes":""},"categories":[475],"tags":[],"class_list":["post-3811","post","type-post","status-publish","format-standard","has-post-thumbnail","category-news"],"_links":{"self":[{"href":"https:\/\/modenafuturacreativa.it\/fr\/wp-json\/wp\/v2\/posts\/3811","targetHints":{"allow":["GET"]}}],"collection":[{"href":"https:\/\/modenafuturacreativa.it\/fr\/wp-json\/wp\/v2\/posts"}],"about":[{"href":"https:\/\/modenafuturacreativa.it\/fr\/wp-json\/wp\/v2\/types\/post"}],"author":[{"embeddable":true,"href":"https:\/\/modenafuturacreativa.it\/fr\/wp-json\/wp\/v2\/users\/1"}],"replies":[{"embeddable":true,"href":"https:\/\/modenafuturacreativa.it\/fr\/wp-json\/wp\/v2\/comments?post=3811"}],"version-history":[{"count":3,"href":"https:\/\/modenafuturacreativa.it\/fr\/wp-json\/wp\/v2\/posts\/3811\/revisions"}],"predecessor-version":[{"id":4049,"href":"https:\/\/modenafuturacreativa.it\/fr\/wp-json\/wp\/v2\/posts\/3811\/revisions\/4049"}],"wp:featuredmedia":[{"embeddable":true,"href":"https:\/\/modenafuturacreativa.it\/fr\/wp-json\/wp\/v2\/media\/3815"}],"wp:attachment":[{"href":"https:\/\/modenafuturacreativa.it\/fr\/wp-json\/wp\/v2\/media?parent=3811"}],"wp:term":[{"taxonomy":"category","embeddable":true,"href":"https:\/\/modenafuturacreativa.it\/fr\/wp-json\/wp\/v2\/categories?post=3811"},{"taxonomy":"post_tag","embeddable":true,"href":"https:\/\/modenafuturacreativa.it\/fr\/wp-json\/wp\/v2\/tags?post=3811"}],"curies":[{"name":"wp","href":"https:\/\/api.w.org\/{rel}","templated":true}]}}