{"id":3806,"date":"2024-07-23T16:16:30","date_gmt":"2024-07-23T14:16:30","guid":{"rendered":"https:\/\/modenafuturacreativa.it\/?p=3806"},"modified":"2025-03-21T14:18:26","modified_gmt":"2025-03-21T13:18:26","slug":"smart-life-festival-2024-indaga-il-confine-tra-vero-e-falso","status":"publish","type":"post","link":"https:\/\/modenafuturacreativa.it\/fr\/smart-life-festival-2024-indaga-il-confine-tra-vero-e-falso\/","title":{"rendered":"LE FESTIVAL SMART LIFE 2024 EXPLORE LA FRONTI\u00c8RE ENTRE LE VRAI ET LE FAUX"},"content":{"rendered":"<div id=\"fws_6a9b7c74555bd\"  data-column-margin=\"60px\" data-midnight=\"dark\"  class=\"wpb_row vc_row-fluid vc_row\"  style=\"padding-top: 0px; padding-bottom: 0px; \"><div class=\"row-bg-wrap\" data-bg-animation=\"none\" data-bg-animation-delay=\"\" data-bg-overlay=\"false\"><div class=\"inner-wrap row-bg-layer\" ><div class=\"row-bg viewport-desktop\"  style=\"\"><\/div><\/div><\/div><div class=\"row_col_wrap_12 col span_12 dark left\">\n\t<div  class=\"vc_col-sm-12 wpb_column column_container vc_column_container col no-extra-padding inherit_tablet inherit_phone\"  data-padding-pos=\"all\" data-has-bg-color=\"false\" data-bg-color=\"\" data-bg-opacity=\"1\" data-animation=\"\" data-delay=\"0\" >\n\t\t<div class=\"vc_column-inner\" >\n\t\t\t<div class=\"wpb_wrapper\">\n\t\t\t\t\n\t<div class=\"wpb_gallery wpb_content_element clearfix\">\n\t\t<div class=\"wpb_wrapper\"><div class=\"wpb_gallery_slidesflickity_style\" data-onclick=\"link_image\" data-interval=\"5\"><div class=\"nectar-flickity not-initialized\" role=\"region\" aria-roledescription=\"carousel\" aria-label=\"Galerie d&#039;images\"  data-touch-icon-color=\"default\" data-stagger=\"\" data-drag-scale=\"\" data-overflow=\"hidden\" data-wrap=\"wrap\" data-spacing=\"default\" data-shadow=\"large_depth\" data-autoplay=\"true\" data-autoplay-dur=\"\" data-free-scroll=\"\" data-controls=\"material_pagination\" data-desktop-columns=\"1\" data-small-desktop-columns=\"1\" data-tablet-columns=\"1\" data-phone-columns=\"1\"><div class=\"flickity-viewport\"> <div class=\"flickity-slider\"><div class=\"cell\" data-lazy=\"false\"><img decoding=\"async\" class=\"skip-lazy nectar-lazy\" src=\"https:\/\/modenafuturacreativa.it\/wp-content\/uploads\/2024\/07\/SLF024-Vero-Falso-X-VV-600x450.jpg\" width=\"600\" height=\"450\" alt=\"SLF024 - Vero- Falso- X - VV\" title=\"SLF024 - Vrai- Faux- X - VV\" loading=\"lazy\" \/><a class=\"entire-slide-link\" aria-label=\"SLF024 - Vrai- Faux- X - VV\"  href=\"https:\/\/modenafuturacreativa.it\/wp-content\/uploads\/2024\/07\/SLF024-Vero-Falso-X-VV.jpg\"><\/a><\/div><div class=\"cell\" data-lazy=\"false\"><img decoding=\"async\" class=\"skip-lazy nectar-lazy\" src=\"https:\/\/modenafuturacreativa.it\/wp-content\/uploads\/2024\/07\/SLF024-Vero-Falso-X-VO-1-600x450.jpg\" width=\"600\" height=\"450\" alt=\"SLF024 - Vero- Falso- X - VO (1)\" title=\"SLF024 - Vrai- Faux- X - VO (1)\" loading=\"lazy\" \/><a class=\"entire-slide-link\" aria-label=\"SLF024 - Vrai- Faux- X - VO (1)\"  href=\"https:\/\/modenafuturacreativa.it\/wp-content\/uploads\/2024\/07\/SLF024-Vero-Falso-X-VO-1.jpg\"><\/a><\/div><div class=\"cell\" data-lazy=\"false\"><img decoding=\"async\" class=\"skip-lazy nectar-lazy\" src=\"https:\/\/modenafuturacreativa.it\/wp-content\/uploads\/2024\/07\/PHOTO-2024-07-19-11-45-40-600x450.jpg\" width=\"600\" height=\"450\" alt=\"PHOTO-2024-07-19-11-45-40\" title=\"PHOTO-2024-07-19-11-45-40\" loading=\"lazy\" \/><a class=\"entire-slide-link\" aria-label=\"PHOTO-2024-07-19-11-45-40\"  href=\"https:\/\/modenafuturacreativa.it\/wp-content\/uploads\/2024\/07\/PHOTO-2024-07-19-11-45-40.jpg\"><\/a><\/div><\/div><\/div><\/div><\/div>\n\t\t<\/div> \n\t<\/div> \n<div class=\"wpb_text_column wpb_content_element\" >\n\t<div id=\"parent-fieldname-description\" class=\"documentDescription\"><strong>Fake news, \u00e9thique et intelligence artificielle, imagination et r\u00e9alit\u00e9 au centre de la neuvi\u00e8me \u00e9dition du festival de la culture num\u00e9rique : \u00e0 Mod\u00e8ne du 26 au 29 septembre<\/strong><\/div>\n<div id=\"viewlet-above-content-body\"><\/div>\n<div id=\"content-core\">\n<div id=\"parent-fieldname-text\" class=\"plain\">\n<p>Du jeudi 26 au dimanche 29 septembre, le Smart Life Festival revient \u00e0 Mod\u00e8ne. Le festival de la culture num\u00e9rique, qui en est \u00e0 sa neuvi\u00e8me \u00e9dition, est consacr\u00e9 cette ann\u00e9e au th\u00e8me \"Vrai, faux, X\" et vise \u00e0 r\u00e9fl\u00e9chir \u00e0 la fronti\u00e8re entre le vrai et le faux \u00e0 l'\u00e8re de la transition num\u00e9rique, \u00e0 s'interroger sur les connaissances et les comp\u00e9tences n\u00e9cessaires pour la comprendre et \u00e0 savoir comment se d\u00e9placer entre la r\u00e9alit\u00e9 et l'imagination \u00e0 l'\u00e8re de l'IA g\u00e9n\u00e9rative.<\/p>\n<p>Le festival Smart Life est promu par la municipalit\u00e9 de Mod\u00e8ne, en coop\u00e9ration avec des institutions locales, notamment l'universit\u00e9 de Mod\u00e8ne et de Reggio Emilia, la Fondazione Collegio San Carlo, la Fondazione di Modena, la Fondation Democenter, la province de Mod\u00e8ne et la chambre de commerce de Mod\u00e8ne.<\/p>\n<p>\"Le festival abordera des th\u00e8mes tr\u00e8s actuels qui doivent \u00eatre trait\u00e9s avec soin et comp\u00e9tence\", a d\u00e9clar\u00e9 le maire de Mod\u00e8ne, Massimo Mezzetti, \"c'est pourquoi je consid\u00e8re que les \u00e9v\u00e9nements qui se d\u00e9roulent dans notre ville, dans des lieux d'une grande beaut\u00e9, sont tr\u00e8s importants et qu'il sera encore plus agr\u00e9able d'\u00e9couter les r\u00e9flexions des invit\u00e9s qui participeront \u00e0 l'\u00e9v\u00e9nement. Nous devons investir dans des \u0153uvres culturelles qui abordent les th\u00e8mes d'une technologie au service de la v\u00e9rit\u00e9 et de la construction d'une approche critique et correctement inform\u00e9e des questions contemporaines. C'est pourquoi je tiens \u00e0 remercier tous les acteurs et partenaires du Smart Life Festival pour leur engagement dans la r\u00e9alisation de cette \u00e9dition\".<\/p>\n<p>L'\u00e9v\u00e9nement repr\u00e9sente un espace de discussion impliquant les citoyens, les entreprises, les institutions, les r\u00e9alit\u00e9s culturelles et \u00e9ducatives enracin\u00e9es dans le territoire, en les mettant en dialogue avec des exp\u00e9riences nationales et internationales.<\/p>\n<p>Le Smart Life Festival se confirme comme un espace d'exploration des transformations technologiques, culturelles et sociales de notre pr\u00e9sent et de leurs cons\u00e9quences possibles dans notre vie quotidienne\", souligne le pr\u00e9sident de la Fondazione Collegio San Carlo, Vittorio Lugli, \"Cette ann\u00e9e, le festival nous invite \u00e0 r\u00e9fl\u00e9chir sur la fa\u00e7on dont l'innovation et la technologie num\u00e9rique ont un impact d\u00e9cisif sur notre relation avec le monde qui nous entoure, y compris les relations humaines et \u00e9motionnelles ainsi que notre relation avec la nature en g\u00e9n\u00e9ral, \u00e0 la fois en nous aidant \u00e0 acqu\u00e9rir une plus grande conscience de la r\u00e9alit\u00e9 dans laquelle nous vivons, et en g\u00e9n\u00e9rant des opportunit\u00e9s de conditionnement ou de mystification avec lesquelles nous devons apprendre \u00e0 composer\". \u00c0 l'\u00e8re de l'infod\u00e9mique, peut-il encore y avoir une V\u00e9rit\u00e9 objective \u00e0 viser pour atteindre son bonheur ? C'est ce que nous tenterons de comprendre dans ce num\u00e9ro.<\/p>\n<p>De la politique \u00e0 l'information, de la technologie \u00e0 l'\u00e9ducation, du droit \u00e0 l'\u00e9conomie, de l'art \u00e0 l'alimentation, et m\u00eame au sport : chacun de ces domaines n'\u00e9chappe pas aux changements en cours et \u00e0 l'av\u00e8nement de la post-v\u00e9rit\u00e9. Au cours du Smart Life Festival, la transformation de notre rapport \u00e0 la v\u00e9rit\u00e9 sera au centre de conf\u00e9rences, d'\u00e9v\u00e9nements et de performances. De nombreux invit\u00e9s se succ\u00e9deront, parmi lesquels le journaliste Gianni Riotta, directeur du centre de recherche Luiss Data Lab, qui ouvrira le festival le jeudi 26 en s'int\u00e9ressant aux nouvelles fronti\u00e8res de l'information, en compagnie de sa coll\u00e8gue Flavia Fratello (LA7), de l'experte en IA Rita Cucchiara et du r\u00e9alisateur de documentaires et journaliste d'investigation Alberto Nerazzini.<\/p>\n<p>Cette ann\u00e9e encore, la programmation sera divis\u00e9e en domaines th\u00e9matiques : Smart Tech, Smart Journalism, Smart School, Smart Politics, Smart Art, Smart Justice, Smart Food, Smart Design.<\/p>\n<p>Smart Life confirme \u00e9galement sa vocation de \"festival g\u00e9n\u00e9ralis\u00e9\" en d\u00e9veloppant de nombreuses initiatives en collaboration avec les r\u00e9alit\u00e9s du territoire et au-del\u00e0. Outre les promoteurs, plus d'une vingtaine de partenaires participent de diverses mani\u00e8res \u00e0 la composition du programme. Parmi eux, citons : After Festival, ER2Digit, Laboratorio Aperto Modena, Lepida, Fmav Fondazione Modena Arti Visive, Future Film Festival, il Mulino, Aess - Agence pour l'\u00e9nergie et le d\u00e9veloppement durable, ForumPa, PAsocial, Fondazione per l'Italia Digitale, Cna Modena, Confesercenti Modena, Fondazione Architetti Modena, Dialoghi (think tank), Innova (think tank).<\/p>\n<p>Parmi les collaborations lanc\u00e9es par la neuvi\u00e8me \u00e9dition figurent les partenariats avec Dig Festival, un festival international de journalisme d'investigation, et avec Ferrara Busker Festival, le plus ancien festival de musique de rue d'Europe et le plus grand du monde, qui proposera dans le cadre de Smart Life un projet sonore original, \u00e0 la crois\u00e9e du chant lyrique, du beatboxing et de l'intelligence artificielle, d\u00e9velopp\u00e9 en collaboration avec H-Farm.<\/p>\n<p>En amont des journ\u00e9es du festival, plusieurs \u00e9v\u00e9nements en avant-premi\u00e8re sont pr\u00e9vus en septembre, \u00e0 Mod\u00e8ne et dans sa province. Le calendrier complet sera bient\u00f4t disponible sur le site web (<a href=\"https:\/\/www.smartlifefestival.it\/\">https:\/\/www.smartlifefestival.it\/<\/a>) et sur les m\u00e9dias sociaux.<\/p>\n<\/div>\n<\/div>\n<\/div>\n\n\n\n\n\t\t\t<\/div> \n\t\t<\/div>\n\t<\/div> \n<\/div><\/div>","protected":false},"excerpt":{"rendered":"Fake news, \u00e9thique et intelligence artificielle, imagination et r\u00e9alit\u00e9 au centre de la neuvi\u00e8me \u00e9dition du festival de la culture num\u00e9rique : \u00e0 Mod\u00e8ne du 26 au 29 septembre Du jeudi...","protected":false},"author":1,"featured_media":3808,"comment_status":"closed","ping_status":"closed","sticky":false,"template":"","format":"standard","meta":{"wpupg_custom_link":[],"wpupg_custom_link_behaviour":["default"],"wpupg_custom_link_nofollow":[],"wpupg_custom_image":[],"wpupg_custom_image_id":[],"footnotes":""},"categories":[475],"tags":[],"class_list":["post-3806","post","type-post","status-publish","format-standard","has-post-thumbnail","category-news"],"_links":{"self":[{"href":"https:\/\/modenafuturacreativa.it\/fr\/wp-json\/wp\/v2\/posts\/3806","targetHints":{"allow":["GET"]}}],"collection":[{"href":"https:\/\/modenafuturacreativa.it\/fr\/wp-json\/wp\/v2\/posts"}],"about":[{"href":"https:\/\/modenafuturacreativa.it\/fr\/wp-json\/wp\/v2\/types\/post"}],"author":[{"embeddable":true,"href":"https:\/\/modenafuturacreativa.it\/fr\/wp-json\/wp\/v2\/users\/1"}],"replies":[{"embeddable":true,"href":"https:\/\/modenafuturacreativa.it\/fr\/wp-json\/wp\/v2\/comments?post=3806"}],"version-history":[{"count":1,"href":"https:\/\/modenafuturacreativa.it\/fr\/wp-json\/wp\/v2\/posts\/3806\/revisions"}],"predecessor-version":[{"id":3810,"href":"https:\/\/modenafuturacreativa.it\/fr\/wp-json\/wp\/v2\/posts\/3806\/revisions\/3810"}],"wp:featuredmedia":[{"embeddable":true,"href":"https:\/\/modenafuturacreativa.it\/fr\/wp-json\/wp\/v2\/media\/3808"}],"wp:attachment":[{"href":"https:\/\/modenafuturacreativa.it\/fr\/wp-json\/wp\/v2\/media?parent=3806"}],"wp:term":[{"taxonomy":"category","embeddable":true,"href":"https:\/\/modenafuturacreativa.it\/fr\/wp-json\/wp\/v2\/categories?post=3806"},{"taxonomy":"post_tag","embeddable":true,"href":"https:\/\/modenafuturacreativa.it\/fr\/wp-json\/wp\/v2\/tags?post=3806"}],"curies":[{"name":"wp","href":"https:\/\/api.w.org\/{rel}","templated":true}]}}