{"id":3699,"date":"2024-05-15T12:41:11","date_gmt":"2024-05-15T10:41:11","guid":{"rendered":"https:\/\/modenafuturacreativa.it\/?p=3699"},"modified":"2025-03-21T14:18:26","modified_gmt":"2025-03-21T13:18:26","slug":"al-centro-musica-linstallazione-di-media-art-drawdown","status":"publish","type":"post","link":"https:\/\/modenafuturacreativa.it\/fr\/al-centro-musica-linstallazione-di-media-art-drawdown\/","title":{"rendered":"INSTALLATION D'ART M\u00c9DIATIQUE \"DRAWDOWN\" AU CENTRE MUSICAL"},"content":{"rendered":"<div id=\"fws_6a9b7bf6dbcff\"  data-column-margin=\"60px\" data-midnight=\"dark\"  class=\"wpb_row vc_row-fluid vc_row\"  style=\"padding-top: 0px; padding-bottom: 0px; \"><div class=\"row-bg-wrap\" data-bg-animation=\"none\" data-bg-animation-delay=\"\" data-bg-overlay=\"false\"><div class=\"inner-wrap row-bg-layer\" ><div class=\"row-bg viewport-desktop\"  style=\"\"><\/div><\/div><\/div><div class=\"row_col_wrap_12 col span_12 dark left\">\n\t<div  class=\"vc_col-sm-12 wpb_column column_container vc_column_container col no-extra-padding inherit_tablet inherit_phone\"  data-padding-pos=\"all\" data-has-bg-color=\"false\" data-bg-color=\"\" data-bg-opacity=\"1\" data-animation=\"\" data-delay=\"0\" >\n\t\t<div class=\"vc_column-inner\" >\n\t\t\t<div class=\"wpb_wrapper\">\n\t\t\t\t\n\t<div class=\"wpb_gallery wpb_content_element clearfix\">\n\t\t<div class=\"wpb_wrapper\"><div class=\"wpb_gallery_slidesflickity_style\" data-onclick=\"link_image\" data-interval=\"5\"><div class=\"nectar-flickity not-initialized\" role=\"region\" aria-roledescription=\"carousel\" aria-label=\"Galerie d&#039;images\"  data-touch-icon-color=\"default\" data-stagger=\"\" data-drag-scale=\"\" data-overflow=\"hidden\" data-wrap=\"wrap\" data-spacing=\"default\" data-shadow=\"large_depth\" data-autoplay=\"true\" data-autoplay-dur=\"\" data-free-scroll=\"\" data-controls=\"material_pagination\" data-desktop-columns=\"1\" data-small-desktop-columns=\"1\" data-tablet-columns=\"1\" data-phone-columns=\"1\"><div class=\"flickity-viewport\"> <div class=\"flickity-slider\"><div class=\"cell\" data-lazy=\"false\"><img decoding=\"async\" class=\"skip-lazy nectar-lazy\" src=\"https:\/\/modenafuturacreativa.it\/wp-content\/uploads\/2024\/05\/irrigation-circle-1-600x450.png\" width=\"600\" height=\"450\" alt=\"irrigation-circle 1\" title=\"cercle d&#039;irrigation 1\" loading=\"lazy\" \/><a class=\"entire-slide-link\" aria-label=\"cercle d&#039;irrigation 1\"  href=\"https:\/\/modenafuturacreativa.it\/wp-content\/uploads\/2024\/05\/irrigation-circle-1.png\"><\/a><\/div><div class=\"cell\" data-lazy=\"false\"><img decoding=\"async\" class=\"skip-lazy nectar-lazy\" src=\"https:\/\/modenafuturacreativa.it\/wp-content\/uploads\/2024\/05\/drawdown-4-600x450.jpg\" width=\"600\" height=\"450\" alt=\"drawdown-4\" title=\"r\u00e9duction - 4\" loading=\"lazy\" \/><a class=\"entire-slide-link\" aria-label=\"r\u00e9duction - 4\"  href=\"https:\/\/modenafuturacreativa.it\/wp-content\/uploads\/2024\/05\/drawdown-4.jpg\"><\/a><\/div><div class=\"cell\" data-lazy=\"false\"><img decoding=\"async\" class=\"skip-lazy nectar-lazy\" src=\"https:\/\/modenafuturacreativa.it\/wp-content\/uploads\/2024\/05\/irrigation-circle-3-600x450.png\" width=\"600\" height=\"450\" alt=\"irrigation-circle 3\" title=\"cercle d&#039;irrigation 3\" loading=\"lazy\" \/><a class=\"entire-slide-link\" aria-label=\"cercle d&#039;irrigation 3\"  href=\"https:\/\/modenafuturacreativa.it\/wp-content\/uploads\/2024\/05\/irrigation-circle-3.png\"><\/a><\/div><\/div><\/div><\/div><\/div>\n\t\t<\/div> \n\t<\/div> \n<div class=\"wpb_text_column wpb_content_element\" >\n\t<p><strong>Samedi 11 mai, \u00e0 l'occasion de l'anniversaire du centre, d\u00e9voilement de l'\u0153uvre cr\u00e9\u00e9e par le compositeur Riccardo La Foresta et l'artiste m\u00e9diatique texane Lisa B Woods dans le cadre du projet \"City to City\".<\/strong><\/p>\n<p>Il s'agit de \"Drawdown\", l'installation d'art m\u00e9diatique \u00e0 th\u00e8me environnemental cr\u00e9\u00e9e par le compositeur mod\u00e9nais Riccardo La Foresta et l'artiste m\u00e9diatique texane Lisa B Woods et pr\u00e9sent\u00e9e pour la premi\u00e8re fois au public le samedi 11 mai \u00e0 l'occasion de la c\u00e9l\u00e9bration du 30e anniversaire du Centre musical de Mod\u00e8ne, au si\u00e8ge du Centre, via Morandi 71.<\/p>\n<p>L'\u0153uvre, r\u00e9alis\u00e9e dans le cadre du projet \"City to City\" promu par le r\u00e9seau des villes cr\u00e9atives de l'Unesco pour les arts m\u00e9diatiques, dont Mod\u00e8ne est membre, associe la vision des \"crop circles\" de l'artiste austinien aux compositions musicales de Riccardo La Foresta. \"Drawdown\" amplifie la beaut\u00e9 myst\u00e9rieuse des motifs circulaires des cultures, que la plupart des gens n'aper\u00e7oivent que bri\u00e8vement depuis le hublot d'un avion, en utilisant des images satellites de champs circulaires pour attirer l'attention sur la mani\u00e8re dont les syst\u00e8mes d'irrigation \u00e0 pivot central \u00e9puisent les r\u00e9serves d'eau fossile dans le monde entier. La composition de Riccardo La Foresta qui accompagne l'\u0153uvre est cin\u00e9matographique et dramatique, caract\u00e9ris\u00e9e par des \u00e9chos qui persistent dans la conscience de l'auditeur. Sombre et \u00e9vocatrice, elle conf\u00e8re un sentiment de gravit\u00e9 et d'urgence \u00e0 \"Drawdown\". Dans ce contexte sonore, une technique agricole ordinaire se transforme en une r\u00e9alit\u00e9 inqui\u00e9tante, les champs irrigu\u00e9s luxuriants devenant un fl\u00e9au pour le paysage. L'intention de l'\u0153uvre cr\u00e9\u00e9e par les deux artistes est d'impliquer \u00e9motionnellement les spectateurs, \u00e0 travers une forme en boucle qui masque le d\u00e9but et la fin de l'\u0153uvre, dans une \u00e9volution constante et obsessionnelle, une spirale qui les encourage \u00e0 prendre conscience de la crise de l'eau en cours.<\/p>\n<p>Apr\u00e8s le samedi, l'\u0153uvre sera \u00e0 nouveau expos\u00e9e lors de la f\u00eate de la musique en juin prochain, puis en septembre.<\/p>\n<p>Le projet City to City a \u00e9t\u00e9 mis en place pour favoriser les \u00e9changes culturels et la coop\u00e9ration entre les villes cr\u00e9atives de l'Unesco \u00e0 travers le monde qui font partie du cluster Media Arts en apportant \u00e9galement un soutien au secteur cr\u00e9atif, conform\u00e9ment \u00e0 l'Agenda 2030 de l'ONU. L'\u00e9dition 2023 du projet, sur le th\u00e8me \"Increased Humanity\", a choisi de faire travailler ensemble deux artistes de villes diff\u00e9rentes et, \u00e9ventuellement, de continents diff\u00e9rents. Dans ce contexte, Mod\u00e8ne a \u00e9t\u00e9 jumel\u00e9e avec la ville d'Austin au Texas. L'administration municipale a donc lanc\u00e9 un appel \u00e0 propositions pour s\u00e9lectionner un artiste actif dans le domaine du design sonore et de la musique \u00e9lectronique int\u00e9ress\u00e9 par le d\u00e9veloppement d'un projet en partenariat avec un artiste visuel d'Austin. L'appel \u00e0 propositions a permis de s\u00e9lectionner Riccardo La Foresta, percussionniste et artiste sonore qui a ax\u00e9 ses recherches sur le d\u00e9veloppement d'un syst\u00e8me appel\u00e9 Drummophone qui lui permet de traiter le tambour comme un instrument \u00e0 air comprim\u00e9. \u00c0 la fronti\u00e8re entre la musique de percussion, l'art sonore, l'improvisation et la musique de drone, l'approche de La Foresta r\u00e9v\u00e8le des architectures invisibles \u00e0 travers le son.<\/p>\n<\/div>\n\n\n\n\n\t\t\t<\/div> \n\t\t<\/div>\n\t<\/div> \n<\/div><\/div>","protected":false},"excerpt":{"rendered":"Le samedi 11 mai, \u00e0 l'occasion de l'anniversaire du centre, l'\u0153uvre cr\u00e9\u00e9e par le compositeur Riccardo La Foresta et l'artiste m\u00e9diatique texane Lisa B Woods dans le cadre du projet \"City to City\" sera d\u00e9voil\u00e9e Oui...","protected":false},"author":1,"featured_media":3703,"comment_status":"closed","ping_status":"closed","sticky":false,"template":"","format":"standard","meta":{"wpupg_custom_link":[],"wpupg_custom_link_behaviour":["default"],"wpupg_custom_link_nofollow":[],"wpupg_custom_image":[],"wpupg_custom_image_id":[],"footnotes":""},"categories":[475],"tags":[],"class_list":["post-3699","post","type-post","status-publish","format-standard","has-post-thumbnail","category-news"],"_links":{"self":[{"href":"https:\/\/modenafuturacreativa.it\/fr\/wp-json\/wp\/v2\/posts\/3699","targetHints":{"allow":["GET"]}}],"collection":[{"href":"https:\/\/modenafuturacreativa.it\/fr\/wp-json\/wp\/v2\/posts"}],"about":[{"href":"https:\/\/modenafuturacreativa.it\/fr\/wp-json\/wp\/v2\/types\/post"}],"author":[{"embeddable":true,"href":"https:\/\/modenafuturacreativa.it\/fr\/wp-json\/wp\/v2\/users\/1"}],"replies":[{"embeddable":true,"href":"https:\/\/modenafuturacreativa.it\/fr\/wp-json\/wp\/v2\/comments?post=3699"}],"version-history":[{"count":1,"href":"https:\/\/modenafuturacreativa.it\/fr\/wp-json\/wp\/v2\/posts\/3699\/revisions"}],"predecessor-version":[{"id":3704,"href":"https:\/\/modenafuturacreativa.it\/fr\/wp-json\/wp\/v2\/posts\/3699\/revisions\/3704"}],"wp:featuredmedia":[{"embeddable":true,"href":"https:\/\/modenafuturacreativa.it\/fr\/wp-json\/wp\/v2\/media\/3703"}],"wp:attachment":[{"href":"https:\/\/modenafuturacreativa.it\/fr\/wp-json\/wp\/v2\/media?parent=3699"}],"wp:term":[{"taxonomy":"category","embeddable":true,"href":"https:\/\/modenafuturacreativa.it\/fr\/wp-json\/wp\/v2\/categories?post=3699"},{"taxonomy":"post_tag","embeddable":true,"href":"https:\/\/modenafuturacreativa.it\/fr\/wp-json\/wp\/v2\/tags?post=3699"}],"curies":[{"name":"wp","href":"https:\/\/api.w.org\/{rel}","templated":true}]}}