{"id":3624,"date":"2024-04-08T12:35:00","date_gmt":"2024-04-08T10:35:00","guid":{"rendered":"https:\/\/modenafuturacreativa.it\/?p=3624"},"modified":"2025-03-21T14:18:26","modified_gmt":"2025-03-21T13:18:26","slug":"cultura-futuro-comune-esperienze-e-prospettive-della-cultura-a-modena","status":"publish","type":"post","link":"https:\/\/modenafuturacreativa.it\/fr\/cultura-futuro-comune-esperienze-e-prospettive-della-cultura-a-modena\/","title":{"rendered":"\"LA CULTURE, UN AVENIR COMMUN. Exp\u00e9riences et perspectives de la culture \u00e0 Mod\u00e8ne\"."},"content":{"rendered":"<div id=\"fws_6a9b7b9c9e989\"  data-column-margin=\"60px\" data-midnight=\"dark\"  class=\"wpb_row vc_row-fluid vc_row\"  style=\"padding-top: 0px; padding-bottom: 0px; \"><div class=\"row-bg-wrap\" data-bg-animation=\"none\" data-bg-animation-delay=\"\" data-bg-overlay=\"false\"><div class=\"inner-wrap row-bg-layer\" ><div class=\"row-bg viewport-desktop\"  style=\"\"><\/div><\/div><\/div><div class=\"row_col_wrap_12 col span_12 dark left\">\n\t<div  class=\"vc_col-sm-12 wpb_column column_container vc_column_container col no-extra-padding inherit_tablet inherit_phone\"  data-padding-pos=\"all\" data-has-bg-color=\"false\" data-bg-color=\"\" data-bg-opacity=\"1\" data-animation=\"\" data-delay=\"0\" >\n\t\t<div class=\"vc_column-inner\" >\n\t\t\t<div class=\"wpb_wrapper\">\n\t\t\t\t<div class=\"img-with-aniamtion-wrap center\" data-max-width=\"100%\" data-max-width-mobile=\"default\" data-shadow=\"none\" data-animation=\"none\" >\n      <div class=\"inner\">\n        <div class=\"hover-wrap\"> \n          <div class=\"hover-wrap-inner\">\n            <a href=\"https:\/\/modenafuturacreativa.it\/wp-content\/uploads\/2024\/04\/Cultura-Futuro-Comune.jpg\" class=\"pp center\">\n              <img loading=\"lazy\" decoding=\"async\" class=\"img-with-animation skip-lazy\" data-delay=\"0\" height=\"841\" width=\"1600\" data-animation=\"none\" src=\"https:\/\/modenafuturacreativa.it\/wp-content\/uploads\/2024\/04\/Cultura-Futuro-Comune.jpg\" alt=\"\" srcset=\"https:\/\/modenafuturacreativa.it\/wp-content\/uploads\/2024\/04\/Cultura-Futuro-Comune.jpg 1600w, https:\/\/modenafuturacreativa.it\/wp-content\/uploads\/2024\/04\/Cultura-Futuro-Comune-300x158.jpg 300w, https:\/\/modenafuturacreativa.it\/wp-content\/uploads\/2024\/04\/Cultura-Futuro-Comune-1024x538.jpg 1024w, https:\/\/modenafuturacreativa.it\/wp-content\/uploads\/2024\/04\/Cultura-Futuro-Comune-768x404.jpg 768w, https:\/\/modenafuturacreativa.it\/wp-content\/uploads\/2024\/04\/Cultura-Futuro-Comune-1536x807.jpg 1536w\" sizes=\"auto, (max-width: 1600px) 100vw, 1600px\" \/>\n            <\/a>\n          <\/div>\n        <\/div>\n         \n      <\/div>\n      <\/div>\n<div class=\"wpb_text_column wpb_content_element\" >\n\t<h3 style=\"margin: 0px;\">10.04.2024 - h.18.30<\/h3>\n<h3 style=\"margin: 0px;\">Cinema Arena - Viale Tassoni 8, Modena<\/h3>\n<p>&nbsp;<\/p>\n<p style=\"margin: 0px;\">Salutations<\/p>\n<p style=\"margin: 0px;\"><b>Gian Carlo Muzzarelli<\/b><\/p>\n<p style=\"margin: 0px;\">Maire Municipalit\u00e9 de Mod\u00e8ne<\/p>\n<p>&nbsp;<\/p>\n<p style=\"margin: 0px;\"><b>Andrea Bortolamasi<\/b>La ville universitaire, conseill\u00e8re pour la culture et la politique de la jeunesse, en dialogue avec des repr\u00e9sentants de la culture mod\u00e9naise et de la soci\u00e9t\u00e9 civile, est un lieu de rencontre et d'\u00e9change d'id\u00e9es. <b>Manuel Agnelli<\/b>.<\/p>\n<ul>\n<li>\n<p style=\"margin: 0px;\">Ces derni\u00e8res ann\u00e9es, les activit\u00e9s culturelles se sont multipli\u00e9es ;<\/p>\n<\/li>\n<li>\n<p style=\"margin: 0px;\">la ville des festivals ;<\/p>\n<\/li>\n<li>\n<p style=\"margin: 0px;\">des projets d'aide culturelle ;<\/p>\n<\/li>\n<li>\n<p style=\"margin: 0px;\">le leadership des jeunes et les possibilit\u00e9s d'emploi qui, gr\u00e2ce \u00e0 la formation \u00e9galement, peuvent se pr\u00e9senter dans le monde de la culture et du divertissement.<\/p>\n<\/li>\n<\/ul>\n<\/div>\n\n\n\n\n\t\t\t<\/div> \n\t\t<\/div>\n\t<\/div> \n<\/div><\/div>","protected":false},"excerpt":{"rendered":"10.04.2024 - h.18.30 Cinema Arena - Viale Tassoni 8, Modena Salutations Gian Carlo Muzzarelli Maire de la Municipalit\u00e9 de Modena Andrea Bortolamasi, Conseiller pour la Culture, les Politiques de la Jeunesse, la Ville Universitaire, en...","protected":false},"author":1,"featured_media":3625,"comment_status":"closed","ping_status":"closed","sticky":false,"template":"","format":"standard","meta":{"wpupg_custom_link":[],"wpupg_custom_link_behaviour":["default"],"wpupg_custom_link_nofollow":[],"wpupg_custom_image":[],"wpupg_custom_image_id":[],"footnotes":""},"categories":[475],"tags":[],"class_list":["post-3624","post","type-post","status-publish","format-standard","has-post-thumbnail","category-news"],"_links":{"self":[{"href":"https:\/\/modenafuturacreativa.it\/fr\/wp-json\/wp\/v2\/posts\/3624","targetHints":{"allow":["GET"]}}],"collection":[{"href":"https:\/\/modenafuturacreativa.it\/fr\/wp-json\/wp\/v2\/posts"}],"about":[{"href":"https:\/\/modenafuturacreativa.it\/fr\/wp-json\/wp\/v2\/types\/post"}],"author":[{"embeddable":true,"href":"https:\/\/modenafuturacreativa.it\/fr\/wp-json\/wp\/v2\/users\/1"}],"replies":[{"embeddable":true,"href":"https:\/\/modenafuturacreativa.it\/fr\/wp-json\/wp\/v2\/comments?post=3624"}],"version-history":[{"count":2,"href":"https:\/\/modenafuturacreativa.it\/fr\/wp-json\/wp\/v2\/posts\/3624\/revisions"}],"predecessor-version":[{"id":3627,"href":"https:\/\/modenafuturacreativa.it\/fr\/wp-json\/wp\/v2\/posts\/3624\/revisions\/3627"}],"wp:featuredmedia":[{"embeddable":true,"href":"https:\/\/modenafuturacreativa.it\/fr\/wp-json\/wp\/v2\/media\/3625"}],"wp:attachment":[{"href":"https:\/\/modenafuturacreativa.it\/fr\/wp-json\/wp\/v2\/media?parent=3624"}],"wp:term":[{"taxonomy":"category","embeddable":true,"href":"https:\/\/modenafuturacreativa.it\/fr\/wp-json\/wp\/v2\/categories?post=3624"},{"taxonomy":"post_tag","embeddable":true,"href":"https:\/\/modenafuturacreativa.it\/fr\/wp-json\/wp\/v2\/tags?post=3624"}],"curies":[{"name":"wp","href":"https:\/\/api.w.org\/{rel}","templated":true}]}}