{"id":3489,"date":"2024-02-21T11:16:13","date_gmt":"2024-02-21T10:16:13","guid":{"rendered":"https:\/\/modenafuturacreativa.it\/?p=3489"},"modified":"2025-03-21T14:18:26","modified_gmt":"2025-03-21T13:18:26","slug":"modena-unesco-nuova-campagna-di-promozione-della-citta","status":"publish","type":"post","link":"https:\/\/modenafuturacreativa.it\/fr\/modena-unesco-nuova-campagna-di-promozione-della-citta\/","title":{"rendered":"MODENA UNESCO\", UNE NOUVELLE CAMPAGNE DE PROMOTION DE LA VILLE"},"content":{"rendered":"<div id=\"fws_6a9b7bf6aefbc\"  data-column-margin=\"60px\" data-midnight=\"dark\"  class=\"wpb_row vc_row-fluid vc_row\"  style=\"padding-top: 0px; padding-bottom: 0px; \"><div class=\"row-bg-wrap\" data-bg-animation=\"none\" data-bg-animation-delay=\"\" data-bg-overlay=\"false\"><div class=\"inner-wrap row-bg-layer\" ><div class=\"row-bg viewport-desktop\"  style=\"\"><\/div><\/div><\/div><div class=\"row_col_wrap_12 col span_12 dark left\">\n\t<div  class=\"vc_col-sm-12 wpb_column column_container vc_column_container col no-extra-padding inherit_tablet inherit_phone\"  data-padding-pos=\"all\" data-has-bg-color=\"false\" data-bg-color=\"\" data-bg-opacity=\"1\" data-animation=\"\" data-delay=\"0\" >\n\t\t<div class=\"vc_column-inner\" >\n\t\t\t<div class=\"wpb_wrapper\">\n\t\t\t\t\n\t<div class=\"wpb_gallery wpb_content_element clearfix\">\n\t\t<div class=\"wpb_wrapper\"><div class=\"wpb_gallery_slidesflickity_style\" data-onclick=\"link_image\" data-interval=\"5\"><div class=\"nectar-flickity not-initialized\" role=\"region\" aria-roledescription=\"carousel\" aria-label=\"Galerie d&#039;images\"  data-touch-icon-color=\"default\" data-stagger=\"\" data-drag-scale=\"\" data-overflow=\"hidden\" data-wrap=\"wrap\" data-spacing=\"default\" data-shadow=\"large_depth\" data-autoplay=\"true\" data-autoplay-dur=\"\" data-free-scroll=\"\" data-controls=\"material_pagination\" data-desktop-columns=\"1\" data-small-desktop-columns=\"1\" data-tablet-columns=\"1\" data-phone-columns=\"1\"><div class=\"flickity-viewport\"> <div class=\"flickity-slider\"><div class=\"cell\" data-lazy=\"false\"><img decoding=\"async\" class=\"skip-lazy nectar-lazy\" src=\"https:\/\/modenafuturacreativa.it\/wp-content\/uploads\/2024\/02\/Modena-Unesco-3-600x450.jpg\" width=\"600\" height=\"450\" alt=\"Modena Unesco 3\" title=\"Mod\u00e8ne Unesco 3\" loading=\"lazy\" \/><a class=\"entire-slide-link\" aria-label=\"Mod\u00e8ne Unesco 3\"  href=\"https:\/\/modenafuturacreativa.it\/wp-content\/uploads\/2024\/02\/Modena-Unesco-3.jpg\"><\/a><\/div><div class=\"cell\" data-lazy=\"false\"><img decoding=\"async\" class=\"skip-lazy nectar-lazy\" src=\"https:\/\/modenafuturacreativa.it\/wp-content\/uploads\/2024\/02\/Modena-Unesco_Logo-600x450.jpg\" width=\"600\" height=\"450\" alt=\"Modena-Unesco_Logo\" title=\"Modena-Unesco_Logo\" loading=\"lazy\" \/><a class=\"entire-slide-link\" aria-label=\"Modena-Unesco_Logo\"  href=\"https:\/\/modenafuturacreativa.it\/wp-content\/uploads\/2024\/02\/Modena-Unesco_Logo.jpg\"><\/a><\/div><\/div><\/div><\/div><\/div>\n\t\t<\/div> \n\t<\/div> \n<div class=\"wpb_text_column wpb_content_element\" >\n\t<p><strong>Cath\u00e9drale, Ghirlandina et Piazza Grande dans la nouvelle marque touristique en partenariat avec Creative City pour les arts m\u00e9diatiques. Pour renforcer l'identit\u00e9 de la destination<br \/>\n<\/strong><\/p>\n<p>\"Mod\u00e8ne Unesco\" est la nouvelle marque touristique de la ville qui met l'accent sur le site Unesco avec la cath\u00e9drale, la Ghirlandina et la Piazza Grande, inscrit au patrimoine mondial depuis 1997, et sur la reconnaissance obtenue en 2021 en tant que ville cr\u00e9ative de l'Unesco pour les arts m\u00e9diatiques, unique en son genre parmi les villes italiennes.<\/p>\n<p>L'appartenance au patrimoine de l'Unesco repr\u00e9sente un \u00e9l\u00e9ment fort de l'identit\u00e9 de Mod\u00e8ne en tant que destination touristique et c'est l'objet de la nouvelle campagne de communication qui d\u00e9marre dans les prochains jours avec l'objectif de valoriser les deux reconnaissances et de renforcer le positionnement de la ville en tant que destination pour le tourisme artistique, culturel et de city break, en augmentant le nombre d'arriv\u00e9es et de pr\u00e9sences. En effet, le patrimoine de l'Unesco compl\u00e8te et enrichit les propositions d\u00e9j\u00e0 existantes dans les domaines de l'art et de la culture, de la gastronomie et du vin, des moteurs et des Apennins, et renforce l'offre qualitative et diversifi\u00e9e du territoire.<\/p>\n<p>Le projet \"Mod\u00e8ne Unesco\" a \u00e9t\u00e9 pr\u00e9sent\u00e9 ce matin, mardi 20 f\u00e9vrier, \u00e0 l'h\u00f4tel de ville lors d'une conf\u00e9rence de presse \u00e0 laquelle ont particip\u00e9 la conseill\u00e8re municipale charg\u00e9e du tourisme et de la promotion de la ville, Ludovica Carla Ferrari, le conseiller municipal charg\u00e9 de la culture, Andrea Bortolamasi, Francesca Piccinini, responsable de la coordination Unesco, Giovanni Bertugli, directeur du service du tourisme de la municipalit\u00e9 de Mod\u00e8ne, Federico Alberto, directeur cr\u00e9atif de Studiowiki, et Francesco Ferro, directeur g\u00e9n\u00e9ral d'Integra Solutions.<\/p>\n<p>Le projet de promotion du patrimoine de l'Unesco et des arts m\u00e9diatiques est divis\u00e9 en deux lignes d'action : la conception et la r\u00e9alisation d'une campagne de communication num\u00e9rique int\u00e9gr\u00e9e de la nouvelle identit\u00e9 de marque \"Mod\u00e8ne Unesco\", en tant que signe distinctif destin\u00e9 \u00e0 durer dans le temps et \u00e0 identifier de mani\u00e8re univoque les deux certifications, le site du patrimoine mondial et la ville cr\u00e9ative ; la conception et la r\u00e9alisation des \u00e9ditions 2024 et 2025 de l'\u00e9v\u00e9nement du patrimoine mondial de Mod\u00e8ne, qui se tiendra en octobre, et qui mettra l'accent sur le dialogue avec les arts m\u00e9diatiques. La campagne inclut \u00e9galement les mus\u00e9es du Duomo, qui sont situ\u00e9s dans la zone du site du patrimoine mondial de l'UNESCO et qui ont \u00e9t\u00e9 rouverts au public au printemps dernier apr\u00e8s un projet de r\u00e9novation et d'expansion avec un nouvel am\u00e9nagement enrichi par des installations multim\u00e9dias et interactives.<\/p>\n<p>La campagne cr\u00e9ative, mise en \u0153uvre par le biais d'un large \u00e9ventail de plateformes et de canaux num\u00e9riques, vise \u00e0 atteindre le march\u00e9 italien, en mettant l'accent sur les r\u00e9gions limitrophes, et le march\u00e9 \u00e9tranger, en particulier les pays germanophones et anglophones, auxquels des offres touristiques cibl\u00e9es avec des s\u00e9jours de diff\u00e9rentes dur\u00e9es seront d\u00e9di\u00e9es.<\/p>\n<p>Le portail visitmodena.it proposera le calendrier des \u00e9v\u00e9nements et des exp\u00e9riences li\u00e9s aux sites touristiques du patrimoine de l'Unesco, qui, comme c'est d\u00e9j\u00e0 le cas pour les propositions dans les autres domaines, seront tous r\u00e9servables en ligne : le site aura une section d\u00e9di\u00e9e \u00e0 la promotion et \u00e0 la commercialisation du produit touristique \"Mod\u00e8ne Unesco\", li\u00e9e au portail national italia.it, o\u00f9 seront \u00e9galement affich\u00e9s les exp\u00e9riences vid\u00e9o et les itin\u00e9raires des t\u00e9moignages et des influenceurs qui seront progressivement impliqu\u00e9s dans le projet. Une attention particuli\u00e8re est accord\u00e9e au public cible jeune, gr\u00e2ce \u00e0 l'utilisation d'outils innovants offerts par la technologie pour int\u00e9grer les composantes culturelles.<\/p>\n<p>Le projet de branding et de communication \"Mod\u00e8ne Unesco\" est promu par la municipalit\u00e9 de Mod\u00e8ne - Service de promotion et de tourisme de la ville et est enti\u00e8rement financ\u00e9 par le minist\u00e8re du Tourisme (par le biais du \"Fonds en faveur des municipalit\u00e9s \u00e0 vocation culturelle, historique, artistique et paysag\u00e8re sur le territoire desquelles se trouvent des sites reconnus par l'Unesco comme patrimoine mondial de l'humanit\u00e9\") avec une contribution de 664 499 euros. La campagne, qui durera deux ans et s'ach\u00e8vera en 2025, est mise en \u0153uvre par Studiowiki et Integra Solutions, unis \u00e0 Ati, qui ont remport\u00e9 l'appel d'offres de la municipalit\u00e9. Les deux agences de communication ont d\u00e9j\u00e0 d\u00e9velopp\u00e9 des campagnes promotionnelles pour la ville de Mod\u00e8ne avec leurs projets respectifs \"The Sound of Modena\" et \"Lost in Modena\". La nouvelle campagne \"Mod\u00e8ne Unesco\" s'inscrit de mani\u00e8re compl\u00e9mentaire et synergique dans la strat\u00e9gie pluriannuelle de promotion et de valorisation touristique et culturelle de la ville, en profitant des opportunit\u00e9s offertes par l'appel d'offres minist\u00e9riel dans une logique de renforcement de ce qui est d\u00e9j\u00e0 en place.<\/p>\n<\/div>\n\n\n\n\n\t\t\t<\/div> \n\t\t<\/div>\n\t<\/div> \n<\/div><\/div>","protected":false},"excerpt":{"rendered":"La cath\u00e9drale, la Ghirlandina et la Piazza Grande dans la nouvelle marque touristique en atout avec la ville cr\u00e9ative pour les arts m\u00e9diatiques. Pour renforcer l'identit\u00e9 de la destination \"Mod\u00e8ne Unesco\" est la nouvelle marque...","protected":false},"author":1,"featured_media":3485,"comment_status":"closed","ping_status":"closed","sticky":false,"template":"","format":"standard","meta":{"wpupg_custom_link":[],"wpupg_custom_link_behaviour":["default"],"wpupg_custom_link_nofollow":[],"wpupg_custom_image":[],"wpupg_custom_image_id":[],"footnotes":""},"categories":[475],"tags":[],"class_list":["post-3489","post","type-post","status-publish","format-standard","has-post-thumbnail","category-news"],"_links":{"self":[{"href":"https:\/\/modenafuturacreativa.it\/fr\/wp-json\/wp\/v2\/posts\/3489","targetHints":{"allow":["GET"]}}],"collection":[{"href":"https:\/\/modenafuturacreativa.it\/fr\/wp-json\/wp\/v2\/posts"}],"about":[{"href":"https:\/\/modenafuturacreativa.it\/fr\/wp-json\/wp\/v2\/types\/post"}],"author":[{"embeddable":true,"href":"https:\/\/modenafuturacreativa.it\/fr\/wp-json\/wp\/v2\/users\/1"}],"replies":[{"embeddable":true,"href":"https:\/\/modenafuturacreativa.it\/fr\/wp-json\/wp\/v2\/comments?post=3489"}],"version-history":[{"count":4,"href":"https:\/\/modenafuturacreativa.it\/fr\/wp-json\/wp\/v2\/posts\/3489\/revisions"}],"predecessor-version":[{"id":3493,"href":"https:\/\/modenafuturacreativa.it\/fr\/wp-json\/wp\/v2\/posts\/3489\/revisions\/3493"}],"wp:featuredmedia":[{"embeddable":true,"href":"https:\/\/modenafuturacreativa.it\/fr\/wp-json\/wp\/v2\/media\/3485"}],"wp:attachment":[{"href":"https:\/\/modenafuturacreativa.it\/fr\/wp-json\/wp\/v2\/media?parent=3489"}],"wp:term":[{"taxonomy":"category","embeddable":true,"href":"https:\/\/modenafuturacreativa.it\/fr\/wp-json\/wp\/v2\/categories?post=3489"},{"taxonomy":"post_tag","embeddable":true,"href":"https:\/\/modenafuturacreativa.it\/fr\/wp-json\/wp\/v2\/tags?post=3489"}],"curies":[{"name":"wp","href":"https:\/\/api.w.org\/{rel}","templated":true}]}}