{"id":3479,"date":"2024-02-05T17:57:35","date_gmt":"2024-02-05T16:57:35","guid":{"rendered":"https:\/\/modenafuturacreativa.it\/?p=3479"},"modified":"2024-02-05T17:57:35","modified_gmt":"2024-02-05T16:57:35","slug":"modena-citta-creativa-per-le-media-arts","status":"publish","type":"post","link":"https:\/\/modenafuturacreativa.it\/fr\/modena-citta-creativa-per-le-media-arts\/","title":{"rendered":"Mod\u00e8ne, ville cr\u00e9ative pour les arts m\u00e9diatiques"},"content":{"rendered":"<div id=\"fws_6a9b7b0f3d853\"  data-column-margin=\"default\" data-midnight=\"dark\"  class=\"wpb_row vc_row-fluid vc_row\"  style=\"padding-top: 0px; padding-bottom: 0px; \"><div class=\"row-bg-wrap\" data-bg-animation=\"none\" data-bg-animation-delay=\"\" data-bg-overlay=\"false\"><div class=\"inner-wrap row-bg-layer\" ><div class=\"row-bg viewport-desktop\"  style=\"\"><\/div><\/div><\/div><div class=\"row_col_wrap_12 col span_12 dark left\">\n\t<div  class=\"vc_col-sm-12 wpb_column column_container vc_column_container col no-extra-padding inherit_tablet inherit_phone\"  data-padding-pos=\"all\" data-has-bg-color=\"false\" data-bg-color=\"\" data-bg-opacity=\"1\" data-animation=\"\" data-delay=\"0\" >\n\t\t<div class=\"vc_column-inner\" >\n\t\t\t<div class=\"wpb_wrapper\">\n\t\t\t\t<div class=\"img-with-aniamtion-wrap center\" data-max-width=\"100%\" data-max-width-mobile=\"default\" data-shadow=\"none\" data-animation=\"none\" >\n      <div class=\"inner\">\n        <div class=\"hover-wrap\"> \n          <div class=\"hover-wrap-inner\">\n            <a href=\"https:\/\/modenafuturacreativa.it\/wp-content\/uploads\/2024\/02\/image-800-e5ea11d02877d43ec2aef3bc9c7b6ad5.jpeg\" class=\"pp center\">\n              <img loading=\"lazy\" decoding=\"async\" class=\"img-with-animation skip-lazy\" data-delay=\"0\" height=\"496\" width=\"800\" data-animation=\"none\" src=\"https:\/\/modenafuturacreativa.it\/wp-content\/uploads\/2024\/02\/image-800-e5ea11d02877d43ec2aef3bc9c7b6ad5.jpeg\" alt=\"\" srcset=\"https:\/\/modenafuturacreativa.it\/wp-content\/uploads\/2024\/02\/image-800-e5ea11d02877d43ec2aef3bc9c7b6ad5.jpeg 800w, https:\/\/modenafuturacreativa.it\/wp-content\/uploads\/2024\/02\/image-800-e5ea11d02877d43ec2aef3bc9c7b6ad5-300x186.jpeg 300w, https:\/\/modenafuturacreativa.it\/wp-content\/uploads\/2024\/02\/image-800-e5ea11d02877d43ec2aef3bc9c7b6ad5-768x476.jpeg 768w\" sizes=\"auto, (max-width: 800px) 100vw, 800px\" \/>\n            <\/a>\n          <\/div>\n        <\/div>\n         \n      <\/div>\n      <\/div>\n<div class=\"wpb_text_column wpb_content_element\" >\n\t<h3>Cr\u00e9ativit\u00e9, art, musique, \u00e9ducation, industries cr\u00e9atives, sciences humaines num\u00e9riques, arts num\u00e9riques, nouvelles technologies, innovation, durabilit\u00e9 et inclusion<\/h3>\n<p>Mod\u00e8ne, premi\u00e8re ville cr\u00e9ative italienne de l'Unesco pour les arts m\u00e9diatiques, est un centre d'excellence pour l'innovation et l'exp\u00e9rimentation, qui se concentre sur les sciences humaines num\u00e9riques, les arts num\u00e9riques, les nouvelles technologies et le d\u00e9veloppement des industries culturelles et cr\u00e9atives.<\/p>\n<p>Depuis 2021, la ville fait partie du r\u00e9seau international des villes cr\u00e9atives de l'Unesco, qui compte 350 villes, dont 14 sont italiennes et 25 font partie du p\u00f4le des arts m\u00e9diatiques.<\/p>\n<p>Ce prix prestigieux consolide la position de Mod\u00e8ne en tant que lieu o\u00f9 convergent les connaissances humanistes et scientifiques, donnant naissance \u00e0 un \u00e9cosyst\u00e8me culturel innovant bas\u00e9 sur la cr\u00e9ativit\u00e9, l'exp\u00e9rimentation et la recherche...<\/p>\n<\/div>\n\n\n\n<div class=\"divider-wrap\" data-alignment=\"default\"><div style=\"height: 3vh;\" class=\"divider\"><\/div><\/div><div class=\"nectar-cta freccia alignment_tablet_default alignment_phone_default display_tablet_inherit display_phone_inherit\" data-color=\"default\" data-using-bg=\"false\" data-display=\"block\" data-style=\"underline\" data-alignment=\"left\" data-text-color=\"custom\" style=\"--nectar-text-color: #000000; --nectar-button-color: var(--nectar-default); --nectar-icon-gap: 10px; \"><h6 style=\"color: #000000;\"> <span class=\"link_wrap\" ><a target=\"_blank\" class=\"link_text\" style=\"border-color: #000000;\" role=\"button\" href=\"https:\/\/www.comune.modena.it\/novita\/notizie\/2024\/modena-citta-creativa-per-le-media-arts\">LIRE L'ARTICLE COMPLET <\/a><\/span><\/h6><\/div>\n\t\t\t<\/div> \n\t\t<\/div>\n\t<\/div> \n<\/div><\/div>","protected":false},"excerpt":{"rendered":"Cr\u00e9ativit\u00e9, art, musique, \u00e9ducation, industries cr\u00e9atives, sciences humaines num\u00e9riques, arts num\u00e9riques, nouvelles technologies, innovation, durabilit\u00e9 et inclusion Mod\u00e8ne, premi\u00e8re ville cr\u00e9ative de l'Unesco pour les arts m\u00e9diatiques, est un centre...","protected":false},"author":1,"featured_media":3480,"comment_status":"closed","ping_status":"closed","sticky":false,"template":"","format":"standard","meta":{"wpupg_custom_link":[],"wpupg_custom_link_behaviour":["default"],"wpupg_custom_link_nofollow":[],"wpupg_custom_image":[],"wpupg_custom_image_id":[],"footnotes":""},"categories":[135],"tags":[],"class_list":["post-3479","post","type-post","status-publish","format-standard","has-post-thumbnail","category-dicono-di-noi"],"_links":{"self":[{"href":"https:\/\/modenafuturacreativa.it\/fr\/wp-json\/wp\/v2\/posts\/3479","targetHints":{"allow":["GET"]}}],"collection":[{"href":"https:\/\/modenafuturacreativa.it\/fr\/wp-json\/wp\/v2\/posts"}],"about":[{"href":"https:\/\/modenafuturacreativa.it\/fr\/wp-json\/wp\/v2\/types\/post"}],"author":[{"embeddable":true,"href":"https:\/\/modenafuturacreativa.it\/fr\/wp-json\/wp\/v2\/users\/1"}],"replies":[{"embeddable":true,"href":"https:\/\/modenafuturacreativa.it\/fr\/wp-json\/wp\/v2\/comments?post=3479"}],"version-history":[{"count":1,"href":"https:\/\/modenafuturacreativa.it\/fr\/wp-json\/wp\/v2\/posts\/3479\/revisions"}],"predecessor-version":[{"id":3481,"href":"https:\/\/modenafuturacreativa.it\/fr\/wp-json\/wp\/v2\/posts\/3479\/revisions\/3481"}],"wp:featuredmedia":[{"embeddable":true,"href":"https:\/\/modenafuturacreativa.it\/fr\/wp-json\/wp\/v2\/media\/3480"}],"wp:attachment":[{"href":"https:\/\/modenafuturacreativa.it\/fr\/wp-json\/wp\/v2\/media?parent=3479"}],"wp:term":[{"taxonomy":"category","embeddable":true,"href":"https:\/\/modenafuturacreativa.it\/fr\/wp-json\/wp\/v2\/categories?post=3479"},{"taxonomy":"post_tag","embeddable":true,"href":"https:\/\/modenafuturacreativa.it\/fr\/wp-json\/wp\/v2\/tags?post=3479"}],"curies":[{"name":"wp","href":"https:\/\/api.w.org\/{rel}","templated":true}]}}