{"id":3419,"date":"2023-12-29T17:39:24","date_gmt":"2023-12-29T16:39:24","guid":{"rendered":"https:\/\/modenafuturacreativa.it\/?p=3419"},"modified":"2023-12-29T17:40:40","modified_gmt":"2023-12-29T16:40:40","slug":"modena-citta-dellanno-per-artribune","status":"publish","type":"post","link":"https:\/\/modenafuturacreativa.it\/fr\/modena-citta-dellanno-per-artribune\/","title":{"rendered":"La ville de Mod\u00e8ne est la ville de l'ann\u00e9e selon ARTRIBUNE"},"content":{"rendered":"<div id=\"fws_6a9b7b0f2e2ab\"  data-column-margin=\"default\" data-midnight=\"dark\"  class=\"wpb_row vc_row-fluid vc_row\"  style=\"padding-top: 0px; padding-bottom: 0px; \"><div class=\"row-bg-wrap\" data-bg-animation=\"none\" data-bg-animation-delay=\"\" data-bg-overlay=\"false\"><div class=\"inner-wrap row-bg-layer\" ><div class=\"row-bg viewport-desktop\"  style=\"\"><\/div><\/div><\/div><div class=\"row_col_wrap_12 col span_12 dark left\">\n\t<div  class=\"vc_col-sm-12 wpb_column column_container vc_column_container col no-extra-padding inherit_tablet inherit_phone\"  data-padding-pos=\"all\" data-has-bg-color=\"false\" data-bg-color=\"\" data-bg-opacity=\"1\" data-animation=\"\" data-delay=\"0\" >\n\t\t<div class=\"vc_column-inner\" >\n\t\t\t<div class=\"wpb_wrapper\">\n\t\t\t\t<div class=\"img-with-aniamtion-wrap center\" data-max-width=\"100%\" data-max-width-mobile=\"default\" data-shadow=\"none\" data-animation=\"none\" >\n      <div class=\"inner\">\n        <div class=\"hover-wrap\"> \n          <div class=\"hover-wrap-inner\">\n            <a href=\"https:\/\/modenafuturacreativa.it\/wp-content\/uploads\/2023\/12\/Scuola-di-alta-formazione-Fondazione-Modena-Arti-Visive.jpg\" class=\"pp center\">\n              <img loading=\"lazy\" decoding=\"async\" class=\"img-with-animation skip-lazy\" data-delay=\"0\" height=\"630\" width=\"945\" data-animation=\"none\" src=\"https:\/\/modenafuturacreativa.it\/wp-content\/uploads\/2023\/12\/Scuola-di-alta-formazione-Fondazione-Modena-Arti-Visive.jpg\" alt=\"\" srcset=\"https:\/\/modenafuturacreativa.it\/wp-content\/uploads\/2023\/12\/Scuola-di-alta-formazione-Fondazione-Modena-Arti-Visive.jpg 945w, https:\/\/modenafuturacreativa.it\/wp-content\/uploads\/2023\/12\/Scuola-di-alta-formazione-Fondazione-Modena-Arti-Visive-300x200.jpg 300w, https:\/\/modenafuturacreativa.it\/wp-content\/uploads\/2023\/12\/Scuola-di-alta-formazione-Fondazione-Modena-Arti-Visive-768x512.jpg 768w, https:\/\/modenafuturacreativa.it\/wp-content\/uploads\/2023\/12\/Scuola-di-alta-formazione-Fondazione-Modena-Arti-Visive-900x600.jpg 900w\" sizes=\"auto, (max-width: 945px) 100vw, 945px\" \/>\n            <\/a>\n          <\/div>\n        <\/div>\n         \n      <\/div>\n      <\/div>\n<div class=\"wpb_text_column wpb_content_element\" >\n\t<h3>La croissance de la ville, sa dimension nationale et internationale d\u00e9pendent \u00e9galement de sa capacit\u00e9 \u00e0 garantir une \u00e9ducation, une production et une participation culturelles \u00e9tendues : une infrastructure mat\u00e9rielle et immat\u00e9rielle qui renforce notre communaut\u00e9 urbaine.<\/h3>\n<p>R\u00e9compens\u00e9e par le titre de Ville cr\u00e9ative de l'UNESCO pour les arts m\u00e9diatiques, la seule ville italienne, Mod\u00e8ne s'enorgueillit d'un riche programme culturel compos\u00e9 de festivals et d'expositions avec la programmation de la FMAV - Fondazione Modena Arti Visive (avec des artistes tels que Candice Breitz, Carsten Nicolai, Jordi Colomer entre autres) et les activit\u00e9s de son \u00e9cole d'enseignement sup\u00e9rieur, la pr\u00e9sence de galeries telles que METRONOM et l'historique Galleria D'arte Mazzoli, l'\u00e9panouissement d'espaces ind\u00e9pendants tels que Gate 26A, un calendrier d'\u00e9v\u00e9nements en 2024 d\u00e9di\u00e9 au photographe Franco Fontana, le projet \"free walls\" offert aux \u00e9crivains et aux artistes de la ville, tels qu'Andrea Chiesi\".<\/p>\n<\/div>\n\n\n\n<div class=\"divider-wrap\" data-alignment=\"default\"><div style=\"height: 3vh;\" class=\"divider\"><\/div><\/div><div class=\"nectar-cta freccia alignment_tablet_default alignment_phone_default display_tablet_inherit display_phone_inherit\" data-color=\"default\" data-using-bg=\"false\" data-display=\"block\" data-style=\"underline\" data-alignment=\"left\" data-text-color=\"custom\" style=\"--nectar-text-color: #000000; --nectar-button-color: var(--nectar-default); --nectar-icon-gap: 10px; \"><h6 style=\"color: #000000;\"> <span class=\"link_wrap\" ><a target=\"_blank\" class=\"link_text\" style=\"border-color: #000000;\" role=\"button\" href=\"https:\/\/www.artribune.com\/arti-visive\/2023\/12\/best-of-2023-artribune\/\">LIRE L'ARTICLE COMPLET SUR ARTRIBUNE<\/a><\/span><\/h6><\/div>\n\t\t\t<\/div> \n\t\t<\/div>\n\t<\/div> \n<\/div><\/div>","protected":false},"excerpt":{"rendered":"La croissance de la ville, sa dimension nationale et internationale d\u00e9pendent \u00e9galement de la capacit\u00e9 \u00e0 garantir une \u00e9ducation, une production et une participation culturelles \u00e9tendues : une infrastructure mat\u00e9rielle et immat\u00e9rielle qui renforce notre...","protected":false},"author":1,"featured_media":3420,"comment_status":"closed","ping_status":"closed","sticky":false,"template":"","format":"standard","meta":{"wpupg_custom_link":[],"wpupg_custom_link_behaviour":["default"],"wpupg_custom_link_nofollow":[],"wpupg_custom_image":[],"wpupg_custom_image_id":[],"footnotes":""},"categories":[135],"tags":[],"class_list":["post-3419","post","type-post","status-publish","format-standard","has-post-thumbnail","category-dicono-di-noi"],"_links":{"self":[{"href":"https:\/\/modenafuturacreativa.it\/fr\/wp-json\/wp\/v2\/posts\/3419","targetHints":{"allow":["GET"]}}],"collection":[{"href":"https:\/\/modenafuturacreativa.it\/fr\/wp-json\/wp\/v2\/posts"}],"about":[{"href":"https:\/\/modenafuturacreativa.it\/fr\/wp-json\/wp\/v2\/types\/post"}],"author":[{"embeddable":true,"href":"https:\/\/modenafuturacreativa.it\/fr\/wp-json\/wp\/v2\/users\/1"}],"replies":[{"embeddable":true,"href":"https:\/\/modenafuturacreativa.it\/fr\/wp-json\/wp\/v2\/comments?post=3419"}],"version-history":[{"count":2,"href":"https:\/\/modenafuturacreativa.it\/fr\/wp-json\/wp\/v2\/posts\/3419\/revisions"}],"predecessor-version":[{"id":3422,"href":"https:\/\/modenafuturacreativa.it\/fr\/wp-json\/wp\/v2\/posts\/3419\/revisions\/3422"}],"wp:featuredmedia":[{"embeddable":true,"href":"https:\/\/modenafuturacreativa.it\/fr\/wp-json\/wp\/v2\/media\/3420"}],"wp:attachment":[{"href":"https:\/\/modenafuturacreativa.it\/fr\/wp-json\/wp\/v2\/media?parent=3419"}],"wp:term":[{"taxonomy":"category","embeddable":true,"href":"https:\/\/modenafuturacreativa.it\/fr\/wp-json\/wp\/v2\/categories?post=3419"},{"taxonomy":"post_tag","embeddable":true,"href":"https:\/\/modenafuturacreativa.it\/fr\/wp-json\/wp\/v2\/tags?post=3419"}],"curies":[{"name":"wp","href":"https:\/\/api.w.org\/{rel}","templated":true}]}}