{"id":3334,"date":"2023-11-30T11:04:30","date_gmt":"2023-11-30T10:04:30","guid":{"rendered":"https:\/\/modenafuturacreativa.it\/?p=3334"},"modified":"2025-03-21T14:18:26","modified_gmt":"2025-03-21T13:18:26","slug":"capodanno2024-modena","status":"publish","type":"post","link":"https:\/\/modenafuturacreativa.it\/fr\/capodanno2024-modena\/","title":{"rendered":"LASERS ET NOTES \u00c0 LA F\u00caTE DU NOUVEL AN DANS LE CENTRE VILLE"},"content":{"rendered":"<div id=\"fws_6a9b7bf63aa7e\"  data-column-margin=\"60px\" data-midnight=\"dark\"  class=\"wpb_row vc_row-fluid vc_row\"  style=\"padding-top: 0px; padding-bottom: 0px; \"><div class=\"row-bg-wrap\" data-bg-animation=\"none\" data-bg-animation-delay=\"\" data-bg-overlay=\"false\"><div class=\"inner-wrap row-bg-layer\" ><div class=\"row-bg viewport-desktop\"  style=\"\"><\/div><\/div><\/div><div class=\"row_col_wrap_12 col span_12 dark left\">\n\t<div  class=\"vc_col-sm-12 wpb_column column_container vc_column_container col no-extra-padding inherit_tablet inherit_phone\"  data-padding-pos=\"all\" data-has-bg-color=\"false\" data-bg-color=\"\" data-bg-opacity=\"1\" data-animation=\"\" data-delay=\"0\" >\n\t\t<div class=\"vc_column-inner\" >\n\t\t\t<div class=\"wpb_wrapper\">\n\t\t\t\t<div class=\"img-with-aniamtion-wrap\" data-max-width=\"100%\" data-max-width-mobile=\"default\" data-shadow=\"none\" data-animation=\"fade-in\" >\n      <div class=\"inner\">\n        <div class=\"hover-wrap\"> \n          <div class=\"hover-wrap-inner\">\n            <img loading=\"lazy\" decoding=\"async\" class=\"img-with-animation skip-lazy\" data-delay=\"0\" height=\"560\" width=\"1680\" data-animation=\"fade-in\" src=\"https:\/\/modenafuturacreativa.it\/wp-content\/uploads\/2023\/10\/ago-modena-progetto.jpg\" alt=\"\" srcset=\"https:\/\/modenafuturacreativa.it\/wp-content\/uploads\/2023\/10\/ago-modena-progetto.jpg 1680w, https:\/\/modenafuturacreativa.it\/wp-content\/uploads\/2023\/10\/ago-modena-progetto-300x100.jpg 300w, https:\/\/modenafuturacreativa.it\/wp-content\/uploads\/2023\/10\/ago-modena-progetto-1024x341.jpg 1024w, https:\/\/modenafuturacreativa.it\/wp-content\/uploads\/2023\/10\/ago-modena-progetto-768x256.jpg 768w, https:\/\/modenafuturacreativa.it\/wp-content\/uploads\/2023\/10\/ago-modena-progetto-1536x512.jpg 1536w\" sizes=\"auto, (max-width: 1680px) 100vw, 1680px\" \/>\n          <\/div>\n        <\/div>\n        \n      <\/div>\n    <\/div>\n<div class=\"wpb_text_column wpb_content_element\" >\n\t<p><strong>Dans le spectacle multim\u00e9dia immersif de l'artiste Robert Henke, la musique est \"projet\u00e9e\" sur la fa\u00e7ade de l'ancien Sant'Agostino, l'unissant au Palazzo dei Musei.<\/strong><\/p>\n<p>Mod\u00e8ne c\u00e9l\u00e8bre le d\u00e9but de l'ann\u00e9e 2024 en illuminant la Piazzale Sant'Agostino avec la musique et les lasers du spectacle audiovisuel \"20232024\" de l'artiste allemand Robert Henke. Une performance multim\u00e9dia sans pr\u00e9c\u00e9dent, command\u00e9e par le Node Festival, dans laquelle chaque note est \u00e0 la fois son et lumi\u00e8re et est compos\u00e9e pour cr\u00e9er un spectacle en premi\u00e8re mondiale, \u00e9l\u00e9gant et raffin\u00e9, immersif et passionnant, en dialogue avec le lieu o\u00f9 il se d\u00e9roule et, pour cette raison, unique.<\/p>\n<p>Henke, \u00e9galement connu sous le nom de Monolake et consid\u00e9r\u00e9 comme l'un des plus grands innovateurs dans le domaine de la production musicale contemporaine, a depuis le d\u00e9but de sa carri\u00e8re entrelac\u00e9 l'exp\u00e9rimentation sonore et la programmation informatique, son travail d'artiste avec celui d'un ing\u00e9nieur du son construisant ses propres \"instruments\". La nouvelle \u0153uvre qu'il pr\u00e9sentera \u00e0 Mod\u00e8ne dans la soir\u00e9e du dimanche 31 d\u00e9cembre, intitul\u00e9e \"20232024\", est pr\u00e9cis\u00e9ment la suite id\u00e9ale de l'un de ses spectacles les plus populaires, \"Lumiere\", qui a fait ses d\u00e9buts au Centre Pompidou \u00e0 Paris en 2015 et qu'il a \u00e9galement pr\u00e9sent\u00e9 \u00e0 Mod\u00e8ne en 2016, en tant qu'invit\u00e9 de Node.<\/p>\n<p>Pour le conseiller pour la culture et les politiques de la jeunesse Andrea Bortolamasi, \"la musique et l'art \u00e9lectronique, ensemble, donneront vie \u00e0 un spectacle unique qui vient \u00e0 Mod\u00e8ne\", dit-il, \"avec l'objectif d'accompagner la ville dans la nouvelle ann\u00e9e\". Il s'agit d'un rendez-vous pr\u00e9cieux qui cl\u00f4turera l'ann\u00e9e 2023 : gr\u00e2ce \u00e0 Node, donc, qui se confirme comme l'un des acteurs les plus innovants de la sc\u00e8ne culturelle italienne : de nouveaux sons et de nouvelles images pour un spectacle qui est, en effet, innovant\". Le conseiller rappelle \u00e9galement que le Th\u00e9\u00e2tre municipal Pavarotti-Freni proposera le premier jour de 2024, comme il l'a fait cette ann\u00e9e, \"un \u00e9v\u00e9nement musical important\" tel que le \"Concert de la Saint-Sylvestre\" interpr\u00e9t\u00e9 par la Filarmonica del Comunale, et que le 31 au soir, le Th\u00e9\u00e2tre Storchi offrira \"un spectacle pertinent sur le th\u00e8me du rire\" tel que \"La macchina comica\" ; tandis que d'autres sujets compl\u00e8tent leurs propres propositions culturelles et artistiques \"pour un programme\", note Bortolamasi, \"qui, entre le 31 d\u00e9cembre et le 1er janvier, sera plus riche que jamais en initiatives dans la ville\".<\/p>\n<p>Le pr\u00e9sident de la Fondazione di Modena Matteo Tiezzi ajoute que \"la sph\u00e8re performative qui relie la cr\u00e9ativit\u00e9, le son et les arts m\u00e9diatiques repr\u00e9sente la caract\u00e9ristique stylistique de cette proposition tr\u00e8s innovante. Son succ\u00e8s, pr\u00e9cise Matteo Tiezzi, r\u00e9side dans la fascination et la pertinence de l'exploration artistique, dans sa capacit\u00e9 \u00e0 exciter et \u00e0 toucher l'imagination du public\".<\/p>\n<p>Si l'on entre dans les d\u00e9tails du spectacle audiovisuel de Henke \"20232024\", l'\u0153uvre repr\u00e9sente la derni\u00e8re \u00e9tape de l'exploration par Henke du laser en tant qu'outil d'expression artistique, exploitant les propri\u00e9t\u00e9s intrins\u00e8ques du m\u00e9dium et le poussant au-del\u00e0 de son potentiel le plus extr\u00eame. De la puret\u00e9 du blanc absolu \u00e0 l'obscurit\u00e9 presque totale, des couleurs impossibles \u00e0 obtenir au moyen des technologies vid\u00e9o traditionnelles aux formes et ph\u00e9nom\u00e8nes cin\u00e9tiques \u00e9l\u00e9gants et \u00e9labor\u00e9s, le tout en lien \u00e9troit avec l'\u00e9l\u00e9ment sonore pour r\u00e9aliser une exp\u00e9rience multim\u00e9dia captivante et passionnante.<\/p>\n<p>Pour l'\u00e9v\u00e9nement de Mod\u00e8ne, en particulier, dix lasers de haute pr\u00e9cision, man\u0153uvr\u00e9s par l'artiste lui-m\u00eame, qui s'occupe \u00e0 la fois de la partie sonore et visuelle, cr\u00e9eront des formes, des objets et des textures sur la toile recouvrant la fa\u00e7ade de l'ancien h\u00f4pital Sant'Agostino, l'unissant id\u00e9alement au Palazzo dei Musei et cr\u00e9ant une projection monumentale de plus de 80 m\u00e8tres de long. Le spectacle durera environ une heure.<\/p>\n<p>New Year's Eve 2024 fusionne donc \u00e9galement les nouveaux langages de la technologie avec l'art et la cr\u00e9ativit\u00e9 dans la sph\u00e8re de Mod\u00e8ne en tant que ville cr\u00e9ative de l'Unesco pour les arts m\u00e9diatiques. L'exposition est promue par la municipalit\u00e9 de Mod\u00e8ne et organis\u00e9e par Node avec le soutien de la Fondazione di Modena et en collaboration avec Ago Modena Fabbriche Culturali.<\/p>\n<\/div>\n\n\n\n<div class=\"divider-wrap\" data-alignment=\"default\"><div style=\"height: 5vh;\" class=\"divider\"><\/div><\/div>\n\t\t\t<\/div> \n\t\t<\/div>\n\t<\/div> \n<\/div><\/div>","protected":false},"excerpt":{"rendered":"Dans le spectacle multim\u00e9dia immersif de l'artiste Robert Henke, la musique est \"projet\u00e9e\" sur la fa\u00e7ade de l'ancien Sant'Agostino, l'unissant au Palazzo dei Musei. Mod\u00e8ne c\u00e9l\u00e8bre le d\u00e9but de l'ann\u00e9e 2024 en illuminant la Piazzale Sant'Agostino avec...","protected":false},"author":1,"featured_media":3335,"comment_status":"closed","ping_status":"closed","sticky":false,"template":"","format":"standard","meta":{"wpupg_custom_link":[],"wpupg_custom_link_behaviour":["default"],"wpupg_custom_link_nofollow":[],"wpupg_custom_image":[],"wpupg_custom_image_id":[],"footnotes":""},"categories":[475],"tags":[],"class_list":["post-3334","post","type-post","status-publish","format-standard","has-post-thumbnail","category-news"],"_links":{"self":[{"href":"https:\/\/modenafuturacreativa.it\/fr\/wp-json\/wp\/v2\/posts\/3334","targetHints":{"allow":["GET"]}}],"collection":[{"href":"https:\/\/modenafuturacreativa.it\/fr\/wp-json\/wp\/v2\/posts"}],"about":[{"href":"https:\/\/modenafuturacreativa.it\/fr\/wp-json\/wp\/v2\/types\/post"}],"author":[{"embeddable":true,"href":"https:\/\/modenafuturacreativa.it\/fr\/wp-json\/wp\/v2\/users\/1"}],"replies":[{"embeddable":true,"href":"https:\/\/modenafuturacreativa.it\/fr\/wp-json\/wp\/v2\/comments?post=3334"}],"version-history":[{"count":5,"href":"https:\/\/modenafuturacreativa.it\/fr\/wp-json\/wp\/v2\/posts\/3334\/revisions"}],"predecessor-version":[{"id":3340,"href":"https:\/\/modenafuturacreativa.it\/fr\/wp-json\/wp\/v2\/posts\/3334\/revisions\/3340"}],"wp:featuredmedia":[{"embeddable":true,"href":"https:\/\/modenafuturacreativa.it\/fr\/wp-json\/wp\/v2\/media\/3335"}],"wp:attachment":[{"href":"https:\/\/modenafuturacreativa.it\/fr\/wp-json\/wp\/v2\/media?parent=3334"}],"wp:term":[{"taxonomy":"category","embeddable":true,"href":"https:\/\/modenafuturacreativa.it\/fr\/wp-json\/wp\/v2\/categories?post=3334"},{"taxonomy":"post_tag","embeddable":true,"href":"https:\/\/modenafuturacreativa.it\/fr\/wp-json\/wp\/v2\/tags?post=3334"}],"curies":[{"name":"wp","href":"https:\/\/api.w.org\/{rel}","templated":true}]}}