{"id":3280,"date":"2023-10-31T18:34:53","date_gmt":"2023-10-31T17:34:53","guid":{"rendered":"https:\/\/modenafuturacreativa.it\/?p=3280"},"modified":"2023-10-31T18:34:53","modified_gmt":"2023-10-31T17:34:53","slug":"media-arts-unesco-modena-at-the-international-meeting","status":"publish","type":"post","link":"https:\/\/modenafuturacreativa.it\/fr\/media-arts-unesco-modena-at-the-international-meeting\/","title":{"rendered":"ARTS M\u00c9DIATIQUES UNESCO, MOD\u00c8NE \u00c0 LA RENCONTRE INTERNATIONALE"},"content":{"rendered":"<div id=\"fws_6a9b919a5303b\"  data-column-margin=\"60px\" data-midnight=\"dark\"  class=\"wpb_row vc_row-fluid vc_row\"  style=\"padding-top: 0px; padding-bottom: 0px; \"><div class=\"row-bg-wrap\" data-bg-animation=\"none\" data-bg-animation-delay=\"\" data-bg-overlay=\"false\"><div class=\"inner-wrap row-bg-layer\" ><div class=\"row-bg viewport-desktop\"  style=\"\"><\/div><\/div><\/div><div class=\"row_col_wrap_12 col span_12 dark left\">\n\t<div  class=\"vc_col-sm-12 wpb_column column_container vc_column_container col no-extra-padding inherit_tablet inherit_phone\"  data-padding-pos=\"all\" data-has-bg-color=\"false\" data-bg-color=\"\" data-bg-opacity=\"1\" data-animation=\"\" data-delay=\"0\" >\n\t\t<div class=\"vc_column-inner\" >\n\t\t\t<div class=\"wpb_wrapper\">\n\t\t\t\t<div class=\"img-with-aniamtion-wrap\" data-max-width=\"100%\" data-max-width-mobile=\"default\" data-shadow=\"none\" data-animation=\"fade-in\" >\n      <div class=\"inner\">\n        <div class=\"hover-wrap\"> \n          <div class=\"hover-wrap-inner\">\n            <img loading=\"lazy\" decoding=\"async\" class=\"img-with-animation skip-lazy\" data-delay=\"0\" height=\"1046\" width=\"1531\" data-animation=\"fade-in\" src=\"https:\/\/modenafuturacreativa.it\/wp-content\/uploads\/2023\/10\/KV_ANNUALMEETING_6OCTUBRE.ai_Mesa-de-trabajo-1.jpg\" alt=\"\" srcset=\"https:\/\/modenafuturacreativa.it\/wp-content\/uploads\/2023\/10\/KV_ANNUALMEETING_6OCTUBRE.ai_Mesa-de-trabajo-1.jpg 1531w, https:\/\/modenafuturacreativa.it\/wp-content\/uploads\/2023\/10\/KV_ANNUALMEETING_6OCTUBRE.ai_Mesa-de-trabajo-1-300x205.jpg 300w, https:\/\/modenafuturacreativa.it\/wp-content\/uploads\/2023\/10\/KV_ANNUALMEETING_6OCTUBRE.ai_Mesa-de-trabajo-1-1024x700.jpg 1024w, https:\/\/modenafuturacreativa.it\/wp-content\/uploads\/2023\/10\/KV_ANNUALMEETING_6OCTUBRE.ai_Mesa-de-trabajo-1-768x525.jpg 768w\" sizes=\"auto, (max-width: 1531px) 100vw, 1531px\" \/>\n          <\/div>\n        <\/div>\n        \n      <\/div>\n    <\/div>\n<div class=\"wpb_text_column wpb_content_element\" >\n\t<h3><strong>ARTS M\u00c9DIATIQUES UNESCO, MOD\u00c8NE \u00c0 LA RENCONTRE INTERNATIONALE<br \/>\n<\/strong><\/h3>\n<p><strong>A Cali, en Colombie, du 1er au 3 novembre, la rencontre des 16 villes cr\u00e9atives qui composent le r\u00e9seau. Opportunit\u00e9 de promouvoir et de partager des projets<\/strong><\/p>\n<p>Mod\u00e8ne fait son entr\u00e9e \u00e0 la rencontre internationale des villes cr\u00e9atives de l'UNESCO pour les arts m\u00e9diatiques qui se tient \u00e0 Cali, en Colombie, du 1er au 3 novembre et qui r\u00e9unit les composantes du r\u00e9seau fond\u00e9 en 2004 pour promouvoir la coop\u00e9ration entre les villes qui font de la cr\u00e9ativit\u00e9 un facteur strat\u00e9gique pour le d\u00e9veloppement urbain durable.<\/p>\n<p>16 des 21 villes cr\u00e9atives de l'UNESCO dans le monde participent \u00e0 cet \u00e9v\u00e9nement, organis\u00e9 pour la premi\u00e8re fois en Am\u00e9rique latine, dans le but de partager des exp\u00e9riences et des connaissances, de discuter de projets et de d\u00e9fis futurs, mais aussi de se promouvoir \u00e0 l'\u00e9chelle internationale.<\/p>\n<p>Comme l'a soulign\u00e9 le conseiller pour la culture de la municipalit\u00e9 de Mod\u00e8ne, Andrea Bortolamasi, la r\u00e9union constitue une nouvelle \u00e9tape dans le d\u00e9veloppement de Mod\u00e8ne en tant que ville cr\u00e9ative de l'UNESCO : \"La pr\u00e9sence \u00e0 Cali est une occasion importante de promouvoir notre ville en tant que lieu de culture, de cr\u00e9ativit\u00e9 et d'innovation et de jeter les bases d'autres projets de r\u00e9seau avec d'autres villes, en nous ouvrant \u00e0 de nouvelles r\u00e9alit\u00e9s et en confirmant la vocation \u00e0 l'internationalisation des protagonistes de la sc\u00e8ne culturelle de la ville\".<\/p>\n<p>Mod\u00e8ne, ville cr\u00e9ative de l'UNESCO pour les arts m\u00e9diatiques depuis le 8 novembre 2021 et seule parmi les villes cr\u00e9atives italiennes \u00e0 faire partie du cluster des arts m\u00e9diatiques, se pr\u00e9sente avec une vid\u00e9o (visible sur le site modenafuturacreativa.it et sur le site www.comune.modena.it) qui retrace les principales activit\u00e9s, festivals et \u00e9v\u00e9nements culturels et artistiques que la ville accueille, propose et organise dans le domaine des arts m\u00e9diatiques : de la maison d'\u00e9dition num\u00e9rique Il Dondolo \u00e0 DhMoRe, le centre UniMoRe qui s'occupe de la num\u00e9risation du mat\u00e9riel documentaire des mus\u00e9es, des biblioth\u00e8ques et des archives du patrimoine de Mod\u00e8ne et du patrimoine national ; de \"Node\" aux spectacles multim\u00e9dias propos\u00e9s par le th\u00e9\u00e2tre municipal Pavarotti-Freni ; du FestivalFilosofia \u00e0 la r\u00e9alit\u00e9 virtuelle de l'Open Laboratory jusqu'aux projets qui m\u00ealent plus \u00e9troitement les arts \"classiques\" aux langages technologiques et num\u00e9riques propos\u00e9s, par exemple, par Fem-Future education Modena, par Ago Fabbriche cultural et par Fmav-Fondazione Modena visual arts, ainsi que ceux qui impliquent le syst\u00e8me des biblioth\u00e8ques et le Mus\u00e9e Civique de Mod\u00e8ne. Tous les projets, activit\u00e9s et profils des entit\u00e9s participant \u00e0 Mod\u00e8ne, ville cr\u00e9ative de l'UNESCO pour les arts m\u00e9diatiques, sont visibles sur le site web d\u00e9di\u00e9 (modenafuturacreativa.it).<\/p>\n<p>La ville de Mod\u00e8ne est repr\u00e9sent\u00e9e \u00e0 Cali par Silvia Sitton, de la municipalit\u00e9 de Mod\u00e8ne et point focal Ville cr\u00e9ative de l'Unesco, et par Lorenzo Respi, directeur des expositions et des collections de la Fmav-Fondazione Modena Arti Visive. Des repr\u00e9sentants des villes danoises de Copenhague et Viborg participent \u00e0 la r\u00e9union ; Paris et Enghien les Bains (France) ; Namur en Belgique ; Tbilisi en G\u00e9orgie ; Toronto (Canada) ; Gwanju (Cor\u00e9e du Sud) ; Karlsruhe (Allemagne) ; Sapporo (Japon) ; Hamar (Norv\u00e8ge) ; Campina Grande (Br\u00e9sil) ; Austin (Texas, \u00c9tats-Unis).<\/p>\n<p>Le programme de la r\u00e9union comprend la pr\u00e9sentation des villes participantes et des activit\u00e9s d'arts m\u00e9diatiques qu'elles m\u00e8nent, ainsi que des r\u00e9unions individuelles de connaissance et d'\u00e9change entre les villes en vue du d\u00e9veloppement futur de projets communs, en interceptant \u00e9galement, dans la mesure du possible, des financements europ\u00e9ens.<\/p>\n<\/div>\n\n\n\n<div class=\"divider-wrap\" data-alignment=\"default\"><div style=\"height: 5vh;\" class=\"divider\"><\/div><\/div>\n\t\t\t<\/div> \n\t\t<\/div>\n\t<\/div> \n<\/div><\/div>","protected":false},"excerpt":{"rendered":"MEDIA ARTS UNESCO, MODENA A LA RENCONTRE INTERNATIONALE A Cali, en Colombie, du 1er au 3 novembre, la rencontre des 16 villes cr\u00e9atives qui composent le r\u00e9seau. L'occasion de promouvoir...","protected":false},"author":1,"featured_media":3260,"comment_status":"closed","ping_status":"closed","sticky":false,"template":"","format":"standard","meta":{"wpupg_custom_link":[],"wpupg_custom_link_behaviour":["default"],"wpupg_custom_link_nofollow":[],"wpupg_custom_image":[],"wpupg_custom_image_id":[],"footnotes":""},"categories":[39],"tags":[],"class_list":["post-3280","post","type-post","status-publish","format-standard","has-post-thumbnail","category-senza-categoria-en"],"_links":{"self":[{"href":"https:\/\/modenafuturacreativa.it\/fr\/wp-json\/wp\/v2\/posts\/3280","targetHints":{"allow":["GET"]}}],"collection":[{"href":"https:\/\/modenafuturacreativa.it\/fr\/wp-json\/wp\/v2\/posts"}],"about":[{"href":"https:\/\/modenafuturacreativa.it\/fr\/wp-json\/wp\/v2\/types\/post"}],"author":[{"embeddable":true,"href":"https:\/\/modenafuturacreativa.it\/fr\/wp-json\/wp\/v2\/users\/1"}],"replies":[{"embeddable":true,"href":"https:\/\/modenafuturacreativa.it\/fr\/wp-json\/wp\/v2\/comments?post=3280"}],"version-history":[{"count":1,"href":"https:\/\/modenafuturacreativa.it\/fr\/wp-json\/wp\/v2\/posts\/3280\/revisions"}],"predecessor-version":[{"id":3281,"href":"https:\/\/modenafuturacreativa.it\/fr\/wp-json\/wp\/v2\/posts\/3280\/revisions\/3281"}],"wp:featuredmedia":[{"embeddable":true,"href":"https:\/\/modenafuturacreativa.it\/fr\/wp-json\/wp\/v2\/media\/3260"}],"wp:attachment":[{"href":"https:\/\/modenafuturacreativa.it\/fr\/wp-json\/wp\/v2\/media?parent=3280"}],"wp:term":[{"taxonomy":"category","embeddable":true,"href":"https:\/\/modenafuturacreativa.it\/fr\/wp-json\/wp\/v2\/categories?post=3280"},{"taxonomy":"post_tag","embeddable":true,"href":"https:\/\/modenafuturacreativa.it\/fr\/wp-json\/wp\/v2\/tags?post=3280"}],"curies":[{"name":"wp","href":"https:\/\/api.w.org\/{rel}","templated":true}]}}