{"id":2747,"date":"2023-08-03T17:23:55","date_gmt":"2023-08-03T15:23:55","guid":{"rendered":"https:\/\/modenafuturacreativa.it\/?p=2747"},"modified":"2025-03-21T14:18:26","modified_gmt":"2025-03-21T13:18:26","slug":"online-la-mappa-delle-media-arts","status":"publish","type":"post","link":"https:\/\/modenafuturacreativa.it\/fr\/online-la-mappa-delle-media-arts\/","title":{"rendered":"Carte des arts m\u00e9diatiques en ligne"},"content":{"rendered":"<div id=\"fws_6a9b7b9c9416b\"  data-column-margin=\"60px\" data-midnight=\"dark\"  class=\"wpb_row vc_row-fluid vc_row\"  style=\"padding-top: 0px; padding-bottom: 0px; \"><div class=\"row-bg-wrap\" data-bg-animation=\"none\" data-bg-animation-delay=\"\" data-bg-overlay=\"false\"><div class=\"inner-wrap row-bg-layer\" ><div class=\"row-bg viewport-desktop\"  style=\"\"><\/div><\/div><\/div><div class=\"row_col_wrap_12 col span_12 dark left\">\n\t<div  class=\"vc_col-sm-12 wpb_column column_container vc_column_container col no-extra-padding inherit_tablet inherit_phone\"  data-padding-pos=\"all\" data-has-bg-color=\"false\" data-bg-color=\"\" data-bg-opacity=\"1\" data-animation=\"\" data-delay=\"0\" >\n\t\t<div class=\"vc_column-inner\" >\n\t\t\t<div class=\"wpb_wrapper\">\n\t\t\t\t<div class=\"divider-wrap\" data-alignment=\"default\"><div style=\"height: 5vh;\" class=\"divider\"><\/div><\/div><div id=\"fws_6a9b7b9c947c8\" data-midnight=\"\" data-column-margin=\"default\" class=\"wpb_row vc_row-fluid vc_row inner_row\"  style=\"\"><div class=\"row-bg-wrap\"> <div class=\"row-bg\" ><\/div> <\/div><div class=\"row_col_wrap_12_inner col span_12  left\">\n\t<div  class=\"vc_col-sm-12 wpb_column column_container vc_column_container col child_column no-extra-padding inherit_tablet inherit_phone\"   data-padding-pos=\"all\" data-has-bg-color=\"false\" data-bg-color=\"\" data-bg-opacity=\"1\" data-animation=\"\" data-delay=\"0\" >\n\t\t<div class=\"vc_column-inner\" >\n\t\t<div class=\"wpb_wrapper\">\n\t\t\t\n<div class=\"wpb_text_column wpb_content_element\" >\n\t<h3 id=\"parent-fieldname-description\">Un voyage pour conna\u00eetre tous les partenaires entre les festivals, les parcours d'exposition innovants, la formation continue, les ateliers, les r\u00e9sidences artistiques et les projets de num\u00e9risation.<\/h3>\n<div id=\"viewlet-above-content-body\">\n<p>Un gymnase num\u00e9rique, une maison d'\u00e9dition num\u00e9rique, un festival consacr\u00e9 \u00e0 la rencontre entre la musique et les nouvelles technologies, un centre de production culturelle et de recherche sur les arts num\u00e9riques. Ce ne sont l\u00e0 que quelques-unes des activit\u00e9s qui donnent vie au projet de Mod\u00e8ne en tant que ville cr\u00e9ative de l'Unesco pour les arts m\u00e9diatiques, comme l'indique la nouvelle carte de la cr\u00e9ativit\u00e9 qui vient d'\u00eatre publi\u00e9e sur le site web de Mod\u00e8ne avenir cr\u00e9atif (<a href=\"https:\/\/modenafuturacreativa.it\/fr\/mappa-della-creativita\/\">https:\/\/modenafuturacreativa.it\/mappa-della-creativita<\/a>) et \u00e9galement accessible \u00e0 partir du site web de la municipalit\u00e9 (<a href=\"http:\/\/www.comune.modena.it\/\">www.comune.modena.it<\/a>). La carte est accompagn\u00e9e d'une courte pr\u00e9sentation vid\u00e9o.<\/p>\n<p>La carte, qui contient actuellement 23 profils, permet au visiteur de se rep\u00e9rer parmi toutes les entit\u00e9s et organisations publiques et priv\u00e9es qui r\u00e9alisent des projets dans le domaine des arts m\u00e9diatiques et de se tenir au courant des activit\u00e9s et des \u00e9v\u00e9nements : festivals, parcours d'exposition innovants, formation continue, ateliers cr\u00e9atifs, r\u00e9sidences artistiques, projets de num\u00e9risation du patrimoine historique et artistique, installations interactives et bien d'autres choses encore.<\/p>\n<p>Une occasion, comme le souligne Andrea Bortolamasi, conseiller en charge de la culture, de d\u00e9couvrir les \u00e9v\u00e9nements en cours et \u00e0 venir qui ont pour axes de r\u00e9f\u00e9rence la culture, la cr\u00e9ativit\u00e9 et l'innovation. Mais aussi une fa\u00e7on de raconter, visuellement et avec imm\u00e9diatet\u00e9, les transformations du pr\u00e9sent et d'imaginer l'avenir. La carte cr\u00e9e une relation et une synergie entre tous ceux qui travaillent pour l'innovation dans l'art et la culture et nous permet - poursuit le conseiller - d'avoir une image exhaustive de tout ce que la ville a propos\u00e9 et propose dans le domaine des arts m\u00e9diatiques\".<\/p>\n<p>La carte propose un profil pour chaque organisation qui met en \u00e9vidence le segment des arts m\u00e9diatiques de l'organisation et les initiatives et projets men\u00e9s dans ce domaine. Toutes les activit\u00e9s sont regroup\u00e9es en cinq cat\u00e9gories, chacune identifi\u00e9e par une couleur diff\u00e9rente : arts visuels, arts du spectacle, \u00e9ducation, musique, num\u00e9risation. Et, toujours dans la fiche de pr\u00e9sentation de chaque sujet, des vid\u00e9os et des interviews sont \u00e9galement collect\u00e9es pour mieux \"entrer\" dans les projets individuels tels que les festivals, les expositions, les formations avanc\u00e9es, les ateliers, les vid\u00e9os, les r\u00e9sidences artistiques, les lectures, les installations interactives.<\/p>\n<\/div>\n<\/div>\n\n\n\n\n\t\t<\/div> \n\t<\/div>\n\t<\/div> \n<\/div><\/div><div class=\"divider-wrap\" data-alignment=\"default\"><div style=\"height: 5vh;\" class=\"divider\"><\/div><\/div>\n\t<div class=\"wpb_video_widget wpb_content_element vc_clearfix   vc_video-aspect-ratio-169 vc_video-el-width-100 vc_video-align-center\" >\n\t\t<div class=\"wpb_wrapper\">\n\t\t\t\n\t\t\t<div class=\"wpb_video_wrapper\"><iframe loading=\"lazy\" title=\"MODENA CREATIVE CITY, ONLINE MEDIA ARTS MAP\" width=\"500\" height=\"281\" src=\"https:\/\/www.youtube.com\/embed\/VZMH_kBEobc?feature=oembed\" frameborder=\"0\" allow=\"accelerometer; autoplay; clipboard-write; encrypted-media; gyroscope; picture-in-picture; web-share\" referrerpolicy=\"strict-origin-when-cross-origin\" allowfullscreen><\/iframe><\/div>\n\t\t<\/div>\n\t<\/div>\n\n\t\t\t<\/div> \n\t\t<\/div>\n\t<\/div> \n<\/div><\/div>","protected":false},"excerpt":{"rendered":"Un voyage pour conna\u00eetre tous les partenaires parmi les festivals, les parcours d'exposition innovants, les formations avanc\u00e9es, les ateliers, les r\u00e9sidences artistiques et les projets de num\u00e9risation Une salle de sport num\u00e9rique, une maison d'\u00e9dition num\u00e9rique, un festival d\u00e9di\u00e9...","protected":false},"author":1,"featured_media":2748,"comment_status":"closed","ping_status":"closed","sticky":false,"template":"","format":"standard","meta":{"wpupg_custom_link":[],"wpupg_custom_link_behaviour":["default"],"wpupg_custom_link_nofollow":[],"wpupg_custom_image":[],"wpupg_custom_image_id":[],"footnotes":""},"categories":[475],"tags":[],"class_list":["post-2747","post","type-post","status-publish","format-standard","has-post-thumbnail","category-news"],"_links":{"self":[{"href":"https:\/\/modenafuturacreativa.it\/fr\/wp-json\/wp\/v2\/posts\/2747","targetHints":{"allow":["GET"]}}],"collection":[{"href":"https:\/\/modenafuturacreativa.it\/fr\/wp-json\/wp\/v2\/posts"}],"about":[{"href":"https:\/\/modenafuturacreativa.it\/fr\/wp-json\/wp\/v2\/types\/post"}],"author":[{"embeddable":true,"href":"https:\/\/modenafuturacreativa.it\/fr\/wp-json\/wp\/v2\/users\/1"}],"replies":[{"embeddable":true,"href":"https:\/\/modenafuturacreativa.it\/fr\/wp-json\/wp\/v2\/comments?post=2747"}],"version-history":[{"count":1,"href":"https:\/\/modenafuturacreativa.it\/fr\/wp-json\/wp\/v2\/posts\/2747\/revisions"}],"predecessor-version":[{"id":2749,"href":"https:\/\/modenafuturacreativa.it\/fr\/wp-json\/wp\/v2\/posts\/2747\/revisions\/2749"}],"wp:featuredmedia":[{"embeddable":true,"href":"https:\/\/modenafuturacreativa.it\/fr\/wp-json\/wp\/v2\/media\/2748"}],"wp:attachment":[{"href":"https:\/\/modenafuturacreativa.it\/fr\/wp-json\/wp\/v2\/media?parent=2747"}],"wp:term":[{"taxonomy":"category","embeddable":true,"href":"https:\/\/modenafuturacreativa.it\/fr\/wp-json\/wp\/v2\/categories?post=2747"},{"taxonomy":"post_tag","embeddable":true,"href":"https:\/\/modenafuturacreativa.it\/fr\/wp-json\/wp\/v2\/tags?post=2747"}],"curies":[{"name":"wp","href":"https:\/\/api.w.org\/{rel}","templated":true}]}}