{"id":253,"date":"2021-09-14T11:17:02","date_gmt":"2021-09-14T09:17:02","guid":{"rendered":"https:\/\/modenafutura.com\/?p=253"},"modified":"2025-03-21T14:18:27","modified_gmt":"2025-03-21T13:18:27","slug":"modena-percorso-di-candidatura-citta-creativa-unesco-appuntamento-ai-giardini","status":"publish","type":"post","link":"https:\/\/modenafuturacreativa.it\/fr\/modena-percorso-di-candidatura-citta-creativa-unesco-appuntamento-ai-giardini\/","title":{"rendered":"PARCOURS DE CANDIDATURE DE MOD\u00c8NE VILLE CR\u00c9ATIVE DE L'UNESCO, RENDEZ-VOUS AUX JARDINS"},"content":{"rendered":"<div id=\"fws_6a9b7bec37e8f\"  data-column-margin=\"60px\" data-midnight=\"dark\"  class=\"wpb_row vc_row-fluid vc_row\"  style=\"padding-top: 0px; padding-bottom: 0px; \"><div class=\"row-bg-wrap\" data-bg-animation=\"none\" data-bg-animation-delay=\"\" data-bg-overlay=\"false\"><div class=\"inner-wrap row-bg-layer\" ><div class=\"row-bg viewport-desktop\"  style=\"\"><\/div><\/div><\/div><div class=\"row_col_wrap_12 col span_12 dark left\">\n\t<div  class=\"vc_col-sm-6 wpb_column column_container vc_column_container col no-extra-padding inherit_tablet inherit_phone\"  data-padding-pos=\"all\" data-has-bg-color=\"false\" data-bg-color=\"\" data-bg-opacity=\"1\" data-animation=\"\" data-delay=\"0\" >\n\t\t<div class=\"vc_column-inner\" >\n\t\t\t<div class=\"wpb_wrapper\">\n\t\t\t\t\n<div class=\"wpb_text_column wpb_content_element\" >\n\t<div id=\"parent-fieldname-description\">\n<div id=\"parent-fieldname-description\">\n<div id=\"parent-fieldname-description\">\n<div id=\"parent-fieldname-description\"><strong>Le mercredi 15 septembre, \u00e0 18h30, au Parc Ducal, la r\u00e9union 'Futura creativa\u00b2' pr\u00e9sentera \u00e0 la ville le projet que la municipalit\u00e9 a nomin\u00e9 pour Media arts in Paris.<\/strong><\/div>\n<div id=\"viewlet-above-content-body\"><\/div>\n<div id=\"content-core\">\n<div id=\"parent-fieldname-text\">\n<p>Innovation num\u00e9rique, intelligence artificielle, nouveaux produits culturels et projets technologiquement avanc\u00e9s appliqu\u00e9s \u00e0 la musique, aux arts figuratifs, au th\u00e9\u00e2tre et \u00e0 l'\u00e9ducation. Tels sont les th\u00e8mes au centre de \"Futura creativa\u00b2\", la rencontre pr\u00e9vue le mercredi 15 septembre, \u00e0 18h30, dans les jardins ducaux, pour pr\u00e9senter au public la candidature de Mod\u00e8ne comme ville cr\u00e9ative de l'Unesco pour les arts m\u00e9diatiques.<\/p>\n<p>Apr\u00e8s avoir pass\u00e9 la s\u00e9lection nationale, avec la ville de C\u00f4me nomin\u00e9e pour l'artisanat et les arts populaires, Mod\u00e8ne repr\u00e9sentera en effet l'Italie lors de la s\u00e9lection finale pour l'entr\u00e9e dans le r\u00e9seau des villes cr\u00e9atives de l'Unesco qui aura lieu \u00e0 Paris \u00e0 la fin du mois d'octobre. Le r\u00e9seau des villes cr\u00e9atives compte actuellement 246 villes r\u00e9parties dans environ quatre-vingts pays sur les cinq continents. L'Italie compte onze villes cr\u00e9atives et Mod\u00e8ne serait la seule s\u00e9lectionn\u00e9e pour les arts m\u00e9diatiques. Avant d'arriver \u00e0 Paris, la candidature de Mod\u00e8ne sera \u00e9galement pr\u00e9sent\u00e9e \u00e0 Carrara du 24 au 26 septembre et \u00e0 Biella les 2 et 3 octobre, dans le cadre des forums du r\u00e9seau des villes cr\u00e9atives.<\/p>\n<p>\"Futura creativa\u00b2\", le deuxi\u00e8me \u00e9v\u00e9nement de pr\u00e9sentation de la candidature, est une opportunit\u00e9 de dialogue avec les nombreuses entit\u00e9s publiques et priv\u00e9es qui contribuent au d\u00e9veloppement du projet et se concentrera sur le d\u00e9fi de l'innovation num\u00e9rique dans le domaine culturel et artistique. L'entr\u00e9e doit \u00eatre r\u00e9serv\u00e9e \u00e0 l'avance, en ligne (<a href=\"mailto:biglietteria@emiliaromagnateatro.com\">biglietteria@emiliaromagnateatro.com<\/a>), par t\u00e9l\u00e9phone au 059 213 6021, \u00e0 la billetterie du Th\u00e9\u00e2tre Storchi ou directement au Jardin ducal \u00e0 partir d'une heure avant le d\u00e9but. Le laissez-passer vert doit \u00eatre pr\u00e9sent\u00e9 pour acc\u00e9der \u00e0 l'\u00e9v\u00e9nement. L'\u00e9v\u00e9nement sera retransmis en direct sur la page fb de la ville de Mod\u00e8ne (<a href=\"http:\/\/www.facebook.com\/cittadimodena\">www.facebook.com\/cittadimodena<\/a>).<\/p>\n<p>Apr\u00e8s les salutations du maire Gian Carlo Muzzarelli, de Mauro Felicori, conseiller r\u00e9gional pour la culture (pr\u00e9sent avec un message vid\u00e9o), et de Paolo Cavicchioli, pr\u00e9sident de la Fondation Mod\u00e8ne, le conseiller pour la culture Andrea Bortolamasi pr\u00e9sentera en avant-premi\u00e8re la vid\u00e9o de la candidature.<\/p>\n<p>De nombreux th\u00e8mes seront abord\u00e9s dans les discours : \"Next generation city : how to valorise young talents through media arts\" est le discours de Lara Oliveti, fondatrice de la soci\u00e9t\u00e9 de jeux Melazeta ; l'innovation dans la formation et l'\u00e9ducation est le th\u00e8me de Donatella Solda, directrice de Fem-Future education Modena, tandis que le d\u00e9veloppement des technologies num\u00e9riques dans les activit\u00e9s th\u00e9\u00e2trales sera expliqu\u00e9 par Patrizia Ghedini, pr\u00e9sidente d'Ater Fondazione.<\/p>\n<p>Rita Cucchiara, professeur de vision artificielle \u00e0 l'Unimore, pr\u00e9sentera au public le monde de l'intelligence artificielle appliqu\u00e9e \u00e0 la cr\u00e9ativit\u00e9 et \u00e0 la culture. L'intelligence artificielle du point de vue de l'impact culturel est \u00e9galement le sujet de Luca Baraldi (responsable de l'identit\u00e9 d'entreprise chez Ammagamma), tandis que \"L'intelligence naturelle comme nourriture pour l'intelligence artificielle\" est le titre de l'intervention de Maurizio Ferraris, professeur de philosophie th\u00e9orique \u00e0 l'Universit\u00e9 de Turin (\u00e0 distance). Enfin, \"Villes cr\u00e9atives et r\u00e9silientes\" est le th\u00e8me de l'intervention de Costanza Ferrarini, du Bureau des projets Unesco de la Fondation Alessandro Volta \u00e0 C\u00f4me.<\/p>\n<p>La r\u00e9union se terminera par une performance audiovisuelle de l'artiste multim\u00e9dia JesterN, intitul\u00e9e \"Laser drawing\".<\/p>\n<p>En cas de mauvais temps, la r\u00e9union se tiendra dans l'\u00e9glise de San Carlo (Mod\u00e8ne - via San Carlo, 7).\n<\/p><\/div>\n<\/div>\n<\/div>\n<\/div>\n<\/div>\n<\/div>\n\n\n\n\n\t\t\t<\/div> \n\t\t<\/div>\n\t<\/div> \n\n\t<div  class=\"vc_col-sm-6 wpb_column column_container vc_column_container col no-extra-padding inherit_tablet inherit_phone\"  data-padding-pos=\"all\" data-has-bg-color=\"false\" data-bg-color=\"\" data-bg-opacity=\"1\" data-animation=\"\" data-delay=\"0\" >\n\t\t<div class=\"vc_column-inner\" >\n\t\t\t<div class=\"wpb_wrapper\">\n\t\t\t\t\n<div class=\"wpb_text_column wpb_content_element\" >\n\t<h6><strong>GALERIE D'IMAGES<\/strong><\/h6>\n<\/div>\n\n\n\n\n\t<div class=\"wpb_gallery wpb_content_element clearfix\">\n\t\t<div class=\"wpb_wrapper\"><div class=\"wpb_gallery_slidesimage_grid\" data-onclick=\"link_image\" data-interval=\"5\">\n\n\t<div class=\"portfolio-wrap\">\n\n\t\t\t<span class=\"portfolio-loading\"><\/span>\n\n\t\t\t<div class=\"row portfolio-items no-masonry\" data-starting-filter=\"\" data-gutter=\"default\" data-masonry-type=\"default\" data-bypass-cropping=\"\"  data-ps=\"7\" data-loading=\"default\" data-categories-to-show=\"\" data-col-num=\"cols-2\">\n\n\n\n\t\n\t\t\t\t\t\t\t<div class=\"col span_6  element\" data-project-cat=\"\" data-default-color=\"true\" data-title-color=\"\" data-subtitle-color=\"\">\n\n\t\t\t\t\t\t\t<div class=\"inner-wrap animated\" data-animation=\"none\">\n\n\t\t\t\t\t\t\t\n\t\t\t\t\t\t\t<div class=\"work-item style-2\">\n\n\t\t\t\t\t\t\t\t<img decoding=\"async\" class=\"skip-lazy top-level-image\" src=\"https:\/\/modenafuturacreativa.it\/wp-content\/uploads\/2021\/09\/futura-creativa-552x400.jpg\" width=\"552\" height=\"400\" alt=\"futura-creativa\" title=\"futur-cr\u00e9atif\" loading=\"lazy\" \/>\n\t\t\t\t\t\t\t\t<div class=\"work-info-bg\"><\/div>\n\t\t\t\t\t\t\t\t<div class=\"work-info\">\n\n\n\t\t\t\t\t\t\t\t\t\t\t\t\t\t\t\t\t   \t\t\t <a href=\"https:\/\/modenafuturacreativa.it\/wp-content\/uploads\/2021\/09\/futura-creativa.jpg\" class=\"pretty_photo\"><span class=\"screen-reader-text\">futur-cr\u00e9atif<\/span><\/a>\n\t\t\t\t\t\t\t\t   \t\t\n\t\t\t\t\t\t\t\t\t\t<div class=\"vert-center\">\n\t\t\t\t\t\t\t\t\t\t\t\t\t\t\t\t\t\t\t\t\t<\/div><!--\/vert-center-->\n\n\t\t\t\t\t\t\t\t\t\n\n\t\t\t\t\t\t\t\t<\/div>\n\t\t\t\t\t\t\t<\/div><!--work-item-->\n\n\t\t\t\t\t\t\n\n\t\t\t\t\t\t<\/div><\/div> \n\t\t\t\t\t\t\n\t\t\t\t\t\t\t<div class=\"col span_6  element\" data-project-cat=\"\" data-default-color=\"true\" data-title-color=\"\" data-subtitle-color=\"\">\n\n\t\t\t\t\t\t\t<div class=\"inner-wrap animated\" data-animation=\"none\">\n\n\t\t\t\t\t\t\t\n\t\t\t\t\t\t\t<div class=\"work-item style-2\">\n\n\t\t\t\t\t\t\t\t<img decoding=\"async\" class=\"skip-lazy top-level-image\" src=\"https:\/\/modenafuturacreativa.it\/wp-content\/uploads\/2021\/09\/futura-creativa2-552x400.jpg\" width=\"552\" height=\"400\" alt=\"futura-creativa2\" title=\"futur-cr\u00e9atif2\" loading=\"lazy\" \/>\n\t\t\t\t\t\t\t\t<div class=\"work-info-bg\"><\/div>\n\t\t\t\t\t\t\t\t<div class=\"work-info\">\n\n\n\t\t\t\t\t\t\t\t\t\t\t\t\t\t\t\t\t   \t\t\t <a href=\"https:\/\/modenafuturacreativa.it\/wp-content\/uploads\/2021\/09\/futura-creativa2.jpg\" class=\"pretty_photo\"><span class=\"screen-reader-text\">futur-cr\u00e9atif2<\/span><\/a>\n\t\t\t\t\t\t\t\t   \t\t\n\t\t\t\t\t\t\t\t\t\t<div class=\"vert-center\">\n\t\t\t\t\t\t\t\t\t\t\t\t\t\t\t\t\t\t\t\t\t<\/div><!--\/vert-center-->\n\n\t\t\t\t\t\t\t\t\t\n\n\t\t\t\t\t\t\t\t<\/div>\n\t\t\t\t\t\t\t<\/div><!--work-item-->\n\n\t\t\t\t\t\t\n\n\t\t\t\t\t\t<\/div><\/div> \n\t\t\t\t\t\t<\/div><\/div><\/div>\n\t\t<\/div> \n\t<\/div> \n\t\t\t<\/div> \n\t\t<\/div>\n\t<\/div> \n<\/div><\/div>","protected":false},"excerpt":{"rendered":"<p>Le mercredi 15 septembre, \u00e0 18h30, au Parc Ducal, la r\u00e9union 'Futura creativa\u00b2' pr\u00e9sentera \u00e0 la ville le projet que la municipalit\u00e9 a nomin\u00e9 pour Media arts in Paris.<\/p>","protected":false},"author":1,"featured_media":288,"comment_status":"closed","ping_status":"closed","sticky":false,"template":"","format":"standard","meta":{"wpupg_custom_link":[],"wpupg_custom_link_behaviour":[],"wpupg_custom_link_nofollow":[],"wpupg_custom_image":[],"wpupg_custom_image_id":[],"footnotes":""},"categories":[475],"tags":[],"class_list":["post-253","post","type-post","status-publish","format-standard","has-post-thumbnail","category-news"],"_links":{"self":[{"href":"https:\/\/modenafuturacreativa.it\/fr\/wp-json\/wp\/v2\/posts\/253","targetHints":{"allow":["GET"]}}],"collection":[{"href":"https:\/\/modenafuturacreativa.it\/fr\/wp-json\/wp\/v2\/posts"}],"about":[{"href":"https:\/\/modenafuturacreativa.it\/fr\/wp-json\/wp\/v2\/types\/post"}],"author":[{"embeddable":true,"href":"https:\/\/modenafuturacreativa.it\/fr\/wp-json\/wp\/v2\/users\/1"}],"replies":[{"embeddable":true,"href":"https:\/\/modenafuturacreativa.it\/fr\/wp-json\/wp\/v2\/comments?post=253"}],"version-history":[{"count":5,"href":"https:\/\/modenafuturacreativa.it\/fr\/wp-json\/wp\/v2\/posts\/253\/revisions"}],"predecessor-version":[{"id":425,"href":"https:\/\/modenafuturacreativa.it\/fr\/wp-json\/wp\/v2\/posts\/253\/revisions\/425"}],"wp:featuredmedia":[{"embeddable":true,"href":"https:\/\/modenafuturacreativa.it\/fr\/wp-json\/wp\/v2\/media\/288"}],"wp:attachment":[{"href":"https:\/\/modenafuturacreativa.it\/fr\/wp-json\/wp\/v2\/media?parent=253"}],"wp:term":[{"taxonomy":"category","embeddable":true,"href":"https:\/\/modenafuturacreativa.it\/fr\/wp-json\/wp\/v2\/categories?post=253"},{"taxonomy":"post_tag","embeddable":true,"href":"https:\/\/modenafuturacreativa.it\/fr\/wp-json\/wp\/v2\/tags?post=253"}],"curies":[{"name":"wp","href":"https:\/\/api.w.org\/{rel}","templated":true}]}}