{"id":251,"date":"2021-09-14T11:09:34","date_gmt":"2021-09-14T09:09:34","guid":{"rendered":"https:\/\/modenafutura.com\/?p=251"},"modified":"2025-03-21T14:18:27","modified_gmt":"2025-03-21T13:18:27","slug":"la-nuova-porta-multimediale-per-la-cultura-della-citta","status":"publish","type":"post","link":"https:\/\/modenafuturacreativa.it\/fr\/la-nuova-porta-multimediale-per-la-cultura-della-citta\/","title":{"rendered":"LE NOUVEAU PORTAIL MULTIM\u00c9DIA DE LA CULTURE DE LA VILLE"},"content":{"rendered":"<div id=\"fws_6a9b7c0312577\"  data-column-margin=\"60px\" data-midnight=\"dark\"  class=\"wpb_row vc_row-fluid vc_row\"  style=\"padding-top: 0px; padding-bottom: 0px; \"><div class=\"row-bg-wrap\" data-bg-animation=\"none\" data-bg-animation-delay=\"\" data-bg-overlay=\"false\"><div class=\"inner-wrap row-bg-layer\" ><div class=\"row-bg viewport-desktop\"  style=\"\"><\/div><\/div><\/div><div class=\"row_col_wrap_12 col span_12 dark left\">\n\t<div  class=\"vc_col-sm-12 wpb_column column_container vc_column_container col no-extra-padding inherit_tablet inherit_phone\"  data-padding-pos=\"all\" data-has-bg-color=\"false\" data-bg-color=\"\" data-bg-opacity=\"1\" data-animation=\"\" data-delay=\"0\" >\n\t\t<div class=\"vc_column-inner\" >\n\t\t\t<div class=\"wpb_wrapper\">\n\t\t\t\t\n<div class=\"wpb_text_column wpb_content_element\" >\n\t<div id=\"parent-fieldname-description\">\n<div id=\"parent-fieldname-description\">\n<div id=\"parent-fieldname-description\">\n<div id=\"parent-fieldname-description\">\n<div id=\"parent-fieldname-description\">\n<div id=\"parent-fieldname-description\"><strong>Le projet \"Open Gate\", qui sera r\u00e9alis\u00e9 au rez-de-chauss\u00e9e de l'ancien Ospedale Estense avec le mus\u00e9e et les archives civiques, a \u00e9t\u00e9 soumis \u00e0 l'appel \u00e0 propositions du minist\u00e8re.<\/strong><\/div>\n<div id=\"viewlet-above-content-body\"><\/div>\n<div id=\"content-core\">\n<div id=\"parent-fieldname-text\">\n<p>Cr\u00e9er une v\u00e9ritable porte d'entr\u00e9e, physique et virtuelle, au syst\u00e8me culturel et mus\u00e9al de la ville qui se d\u00e9veloppe dans le Palazzo dei Musei di Modena avec les projets de Sant'Agostino et le chantier d\u00e9j\u00e0 en cours de l'ancien Ospedale Estense. Plus de 2 500 m\u00e8tres carr\u00e9s du rez-de-chauss\u00e9e de ce b\u00e2timent, qui sera bient\u00f4t accessible \u00e9galement depuis l'entr\u00e9e du palais sur la place Sant'Agostino, seront r\u00e9am\u00e9nag\u00e9s, dont pr\u00e8s de 1 500 seront consacr\u00e9s \u00e0 de nouveaux espaces d'exposition, d'accueil et de laboratoire, avec la cr\u00e9ation d'une zone multim\u00e9dia et interactive, \u00e9galement \u00e0 caract\u00e8re immersif, pour valoriser le patrimoine du mus\u00e9e civique, des archives historiques municipales et de la biblioth\u00e8que Poletti. Parall\u00e8lement, un processus de num\u00e9risation de milliers d'\u0153uvres du mus\u00e9e et des archives est en cours afin de faciliter leur conservation, leur acc\u00e8s et leur valorisation.<\/p>\n<p>Telles sont les principales caract\u00e9ristiques du projet \"Open Gate, la nouvelle porte de la ville\" approuv\u00e9 par le conseil municipal, sur proposition de la conseill\u00e8re \u00e0 la culture Andrea Bortolamasi, en vue de l'obtention de l'avis du Fonds pour la culture du minist\u00e8re de la Culture et du Tourisme. Le projet a une valeur totale d'un million 390 mille euros et compte sur un financement minist\u00e9riel d'un million d'euros, qui est le maximum possible, avec un cofinancement qui d\u00e9passe largement les 20 pour cent requis par les crit\u00e8res de l'appel.<\/p>\n<p>Le projet a \u00e9t\u00e9 d\u00e9velopp\u00e9 par la municipalit\u00e9 de Mod\u00e8ne (mus\u00e9e civique, archives historiques et service des b\u00e2timents historiques) avec la collaboration du d\u00e9partement d'architecture de l'universit\u00e9 de Bologne, dans le cadre des initiatives qui d\u00e9veloppent le dialogue entre les innovations technologiques et les outils num\u00e9riques appliqu\u00e9s \u00e0 la conservation, \u00e0 la protection et \u00e0 la fructification culturelle, artistique et architecturale. Ces th\u00e8mes se r\u00e9f\u00e8rent \u00e0 la num\u00e9risation comme un moyen n\u00e9cessaire pour contribuer aux politiques de d\u00e9veloppement durable \u00e9nonc\u00e9es dans l'Agenda 2030 des Nations unies et rappellent explicitement le travail en cours pour la candidature dans le r\u00e9seau des villes cr\u00e9atives de l'Unesco. Le cadre de r\u00e9f\u00e9rence du projet est donc celui qui, outre les instituts culturels, implique l'Open Laboratory, le Fem, le projet de valorisation des Ex-Fonderies avec la Dast, le Data Centre et l'utilisation du big data pour la formation.<\/p>\n<p>La r\u00e9solution indique \u00e9galement parmi les objectifs le d\u00e9veloppement de la capacit\u00e9 d'intercepter et d'engager le public par l'utilisation de ressources num\u00e9riques dans une perspective multim\u00e9dia et la possibilit\u00e9 d'am\u00e9liorer l'accessibilit\u00e9 et la facilit\u00e9 d'utilisation des \u0153uvres et des documents gr\u00e2ce aux nouvelles technologies et \u00e0 l'interop\u00e9rabilit\u00e9 des donn\u00e9es.<\/p>\n<p>&nbsp;<\/p>\n<\/div>\n<\/div>\n<\/div>\n<\/div>\n<\/div>\n<\/div>\n<\/div>\n<\/div>\n\n\n\n\n\t\t\t<\/div> \n\t\t<\/div>\n\t<\/div> \n<\/div><\/div>","protected":false},"excerpt":{"rendered":"Le projet \"Open Gate\", qui sera r\u00e9alis\u00e9 au rez-de-chauss\u00e9e de l'ancien h\u00f4pital d'Estense avec le mus\u00e9e et les archives civiques, a r\u00e9pondu \u00e0 l'appel d'offres du minist\u00e8re pour le financement...","protected":false},"author":1,"featured_media":186,"comment_status":"closed","ping_status":"closed","sticky":false,"template":"","format":"standard","meta":{"wpupg_custom_link":[],"wpupg_custom_link_behaviour":[],"wpupg_custom_link_nofollow":[],"wpupg_custom_image":[],"wpupg_custom_image_id":[],"footnotes":""},"categories":[475],"tags":[],"class_list":["post-251","post","type-post","status-publish","format-standard","has-post-thumbnail","category-news"],"_links":{"self":[{"href":"https:\/\/modenafuturacreativa.it\/fr\/wp-json\/wp\/v2\/posts\/251","targetHints":{"allow":["GET"]}}],"collection":[{"href":"https:\/\/modenafuturacreativa.it\/fr\/wp-json\/wp\/v2\/posts"}],"about":[{"href":"https:\/\/modenafuturacreativa.it\/fr\/wp-json\/wp\/v2\/types\/post"}],"author":[{"embeddable":true,"href":"https:\/\/modenafuturacreativa.it\/fr\/wp-json\/wp\/v2\/users\/1"}],"replies":[{"embeddable":true,"href":"https:\/\/modenafuturacreativa.it\/fr\/wp-json\/wp\/v2\/comments?post=251"}],"version-history":[{"count":1,"href":"https:\/\/modenafuturacreativa.it\/fr\/wp-json\/wp\/v2\/posts\/251\/revisions"}],"predecessor-version":[{"id":252,"href":"https:\/\/modenafuturacreativa.it\/fr\/wp-json\/wp\/v2\/posts\/251\/revisions\/252"}],"wp:featuredmedia":[{"embeddable":true,"href":"https:\/\/modenafuturacreativa.it\/fr\/wp-json\/wp\/v2\/media\/186"}],"wp:attachment":[{"href":"https:\/\/modenafuturacreativa.it\/fr\/wp-json\/wp\/v2\/media?parent=251"}],"wp:term":[{"taxonomy":"category","embeddable":true,"href":"https:\/\/modenafuturacreativa.it\/fr\/wp-json\/wp\/v2\/categories?post=251"},{"taxonomy":"post_tag","embeddable":true,"href":"https:\/\/modenafuturacreativa.it\/fr\/wp-json\/wp\/v2\/tags?post=251"}],"curies":[{"name":"wp","href":"https:\/\/api.w.org\/{rel}","templated":true}]}}