{"id":249,"date":"2021-09-14T11:08:27","date_gmt":"2021-09-14T09:08:27","guid":{"rendered":"https:\/\/modenafutura.com\/?p=249"},"modified":"2025-03-21T14:18:27","modified_gmt":"2025-03-21T13:18:27","slug":"citta-creative-unesco-modena-in-finale-a-parigi","status":"publish","type":"post","link":"https:\/\/modenafuturacreativa.it\/fr\/citta-creative-unesco-modena-in-finale-a-parigi\/","title":{"rendered":"VILLES CR\u00c9ATIVES DE L'UNESCO, MOD\u00c8NE EN FINALE \u00c0 PARIS"},"content":{"rendered":"<div id=\"fws_6a9b7b89dc6ce\"  data-column-margin=\"60px\" data-midnight=\"dark\"  class=\"wpb_row vc_row-fluid vc_row\"  style=\"padding-top: 0px; padding-bottom: 0px; \"><div class=\"row-bg-wrap\" data-bg-animation=\"none\" data-bg-animation-delay=\"\" data-bg-overlay=\"false\"><div class=\"inner-wrap row-bg-layer\" ><div class=\"row-bg viewport-desktop\"  style=\"\"><\/div><\/div><\/div><div class=\"row_col_wrap_12 col span_12 dark left\">\n\t<div  class=\"vc_col-sm-12 wpb_column column_container vc_column_container col no-extra-padding inherit_tablet inherit_phone\"  data-padding-pos=\"all\" data-has-bg-color=\"false\" data-bg-color=\"\" data-bg-opacity=\"1\" data-animation=\"\" data-delay=\"0\" >\n\t\t<div class=\"vc_column-inner\" >\n\t\t\t<div class=\"wpb_wrapper\">\n\t\t\t\t\n<div class=\"wpb_text_column wpb_content_element\" >\n\t<div id=\"parent-fieldname-description\">\n<div id=\"parent-fieldname-description\">\n<div id=\"parent-fieldname-description\">\n<div id=\"parent-fieldname-description\">\n<div id=\"parent-fieldname-description\"><strong>La commission nationale a accept\u00e9 la candidature de la municipalit\u00e9 pour les arts m\u00e9diatiques. La d\u00e9cision sera prise en octobre. Le maire et Bortolamasi : \"Des opportunit\u00e9s pour la ville\".<\/strong><\/div>\n<div id=\"viewlet-above-content-body\"><\/div>\n<div id=\"content-core\">\n<div id=\"parent-fieldname-text\">\n<p>Mod\u00e8ne repr\u00e9sentera l'Italie \u00e0 l'Unesco, \u00e0 Paris, lors de la s\u00e9lection finale pour la reconnaissance en tant que ville cr\u00e9ative de l'Unesco dans le domaine des arts m\u00e9diatiques.<\/p>\n<p>En effet, dans une lettre envoy\u00e9e au maire Gian Carlo Muzzarelli le jeudi 24 juin, la commission nationale de l'Unesco a annonc\u00e9 avoir approuv\u00e9 la candidature pr\u00e9sent\u00e9e par la municipalit\u00e9 de Mod\u00e8ne, soulignant que le projet pr\u00e9sent\u00e9 \"r\u00e9v\u00e8le le fort engagement de la ville \u00e0 contribuer \u00e0 la r\u00e9alisation des objectifs du R\u00e9seau et l'existence de strat\u00e9gies de d\u00e9veloppement visant \u00e0 renforcer le r\u00f4le de la cr\u00e9ativit\u00e9 dans le d\u00e9veloppement socio-\u00e9conomique de la ville, conform\u00e9ment aux objectifs de d\u00e9veloppement durable de l'Agenda 2030 des Nations unies\".<\/p>\n<p>\"Nous avons pass\u00e9 la premi\u00e8re s\u00e9lection et nous pouvons dire avec une grande fiert\u00e9 que nous sommes maintenant en finale\", commente le maire Muzzarelli, qui rappelle que \"l'adh\u00e9sion au R\u00e9seau des villes cr\u00e9atives de l'UNESCO est une grande opportunit\u00e9 en laquelle l'administration municipale croit depuis le d\u00e9but de ce parcours : la culture est un secteur d\u00e9cisif pour la renaissance de notre communaut\u00e9 apr\u00e8s Covid, en termes d'emploi, de valorisation des lieux et des ressources, et d'\u00e9panouissement personnel et collectif des citoyens.<\/p>\n<p>Neuf villes italiennes ont pr\u00e9sent\u00e9 leur candidature \u00e0 la Commission nationale de l'Unesco, qui n'a pu en retenir que deux. Outre Mod\u00e8ne pour les arts m\u00e9diatiques, C\u00f4me a \u00e9t\u00e9 choisie pour l'artisanat et les arts populaires : toutes deux concourront pour la s\u00e9lection finale de l'Unesco, qui se tiendra \u00e0 Paris en octobre, afin d'entrer dans le r\u00e9seau qui est actuellement compos\u00e9 de 246 villes r\u00e9parties dans environ quatre-vingts pays sur les cinq continents. L'Italie compte actuellement onze villes cr\u00e9atives.<\/p>\n<p>Nous sommes tr\u00e8s heureux\", d\u00e9clare Andrea Bortolamasi, conseiller municipal charg\u00e9 de la culture, \"de ce premier r\u00e9sultat qui est d\u00e9j\u00e0 une reconnaissance de l'excellent travail qui a commenc\u00e9 en avril dernier, au milieu du blocage. Maintenant que nous sommes en finale, nous voulons nous y pr\u00e9parer et donner le meilleur de nous-m\u00eames pour \u00eatre la premi\u00e8re ville italienne dans le domaine des arts m\u00e9diatiques\". Bortolamasi souligne donc que la candidature est le r\u00e9sultat d'un projet de r\u00e9seau \"qui a rassembl\u00e9 le tissu culturel de la ville. Un effort commun qui a \u00e9t\u00e9 reconnu et appr\u00e9ci\u00e9 par le pr\u00e9sident de la commission italienne, Franco Bernab\u00e9, qui a accept\u00e9 notre candidature\".<\/p>\n<p>La communication approuvant la candidature mettait \u00e9galement l'accent sur le renforcement de la coop\u00e9ration internationale par le biais de coproductions artistiques, la num\u00e9risation et l'utilisation des m\u00e9dias pour une plus grande diffusion de l'art et un acc\u00e8s plus large \u00e0 la culture pour tous, ainsi que l'ach\u00e8vement de la transformation de lieux d\u00e9saffect\u00e9s en \"usines culturelles\". Dans le plan d'action pr\u00e9sent\u00e9, l'utilisation innovante des technologies de r\u00e9alit\u00e9 immersive et l'\u00e9ducation du public \u00e0 l'avant-garde de l'art contemporain impr\u00e9gn\u00e9 de contaminations entre l'art, la culture et le monde num\u00e9rique ont \u00e9galement \u00e9t\u00e9 consid\u00e9r\u00e9es comme particuli\u00e8rement int\u00e9ressantes.<\/p>\n<p>Bortolamasi commente : \"L'intention de r\u00e9am\u00e9nager les espaces industriels et post-industriels en les transformant en conteneurs culturels et la d\u00e9clinaison mod\u00e9naise des arts m\u00e9diatiques ont \u00e9t\u00e9 pleinement saisies : une ville o\u00f9 un acteur et un ing\u00e9nieur, un philosophe et un programmeur informatique dialoguent et collaborent pour donner vie \u00e0 de nouveaux produits culturels, et o\u00f9 les innovations num\u00e9riques et les nouvelles applications informatiques sont au service de la culture et de la connaissance humaniste, et vice-versa. Cela a conduit notre ville \u00e0 devenir un territoire fertile pour les industries culturelles et cr\u00e9atives, o\u00f9 l'\u00e9ducation passe par les nouveaux m\u00e9dias et les langages informatiques et o\u00f9 l'art trouve des expressions num\u00e9riques et innovantes\", ajoute le conseiller.<\/p>\n<p>Le projet propos\u00e9 par la municipalit\u00e9 de Mod\u00e8ne, envoy\u00e9 \u00e0 la Commission nationale de l'Unesco le 31 mai, a \u00e9t\u00e9 \u00e9labor\u00e9 dans le cadre d'un processus auquel ont particip\u00e9 la Fondazione di Modena, la Fondazione Brodolini - Laboratorio Aperto, la Fmav, la Gallerie Estensi, Unimore, Fem, Ert, la Fondazione Teatro Comunale, Art-ER, la Fondazione Collegio S. Carlo, en devenant membres du comit\u00e9 de promotion.<\/p>\n<p>Les lignes directrices de la candidature sont la contamination de diff\u00e9rents genres et langages, avec des projets traitant de la relation entre les innovations et les transformations num\u00e9riques et la musique, la danse, les arts figuratifs et visuels, et le th\u00e9\u00e2tre ; les transformations urbaines de la ville, avec la cr\u00e9ation de nouveaux conteneurs culturels ; et l'accent mis sur la culture num\u00e9rique en tant qu'outil utile pour une plus grande appr\u00e9ciation des activit\u00e9s culturelles.<\/p>\n<p>Le R\u00e9seau des villes cr\u00e9atives de l'Unesco a pour objectif de promouvoir la connaissance, la coop\u00e9ration et les projets entre les villes qui ont identifi\u00e9 la culture et la cr\u00e9ativit\u00e9 comme moteurs de leur d\u00e9veloppement. Les mots d'ordre sont collaboration, partage de connaissances et de bonnes pratiques, confrontation, planification, valorisation du patrimoine culturel immat\u00e9riel.<\/p>\n<\/div>\n<\/div>\n<\/div>\n<\/div>\n<\/div>\n<\/div>\n<\/div>\n\n\n\n\n\t\t\t<\/div> \n\t\t<\/div>\n\t<\/div> \n<\/div><\/div>","protected":false},"excerpt":{"rendered":"La commission nationale a accept\u00e9 la candidature de la municipalit\u00e9 pour les arts m\u00e9diatiques. La d\u00e9cision a \u00e9t\u00e9 prise en octobre. Maire et Bortolamasi : \"Des opportunit\u00e9s pour la ville\" Mod\u00e8ne repr\u00e9sentera l'Italie \u00e0 l'Unesco, \u00e0 Paris,...","protected":false},"author":1,"featured_media":43,"comment_status":"closed","ping_status":"closed","sticky":false,"template":"","format":"standard","meta":{"wpupg_custom_link":[],"wpupg_custom_link_behaviour":[],"wpupg_custom_link_nofollow":[],"wpupg_custom_image":[],"wpupg_custom_image_id":[],"footnotes":""},"categories":[475],"tags":[],"class_list":["post-249","post","type-post","status-publish","format-standard","has-post-thumbnail","category-news"],"_links":{"self":[{"href":"https:\/\/modenafuturacreativa.it\/fr\/wp-json\/wp\/v2\/posts\/249","targetHints":{"allow":["GET"]}}],"collection":[{"href":"https:\/\/modenafuturacreativa.it\/fr\/wp-json\/wp\/v2\/posts"}],"about":[{"href":"https:\/\/modenafuturacreativa.it\/fr\/wp-json\/wp\/v2\/types\/post"}],"author":[{"embeddable":true,"href":"https:\/\/modenafuturacreativa.it\/fr\/wp-json\/wp\/v2\/users\/1"}],"replies":[{"embeddable":true,"href":"https:\/\/modenafuturacreativa.it\/fr\/wp-json\/wp\/v2\/comments?post=249"}],"version-history":[{"count":1,"href":"https:\/\/modenafuturacreativa.it\/fr\/wp-json\/wp\/v2\/posts\/249\/revisions"}],"predecessor-version":[{"id":250,"href":"https:\/\/modenafuturacreativa.it\/fr\/wp-json\/wp\/v2\/posts\/249\/revisions\/250"}],"wp:featuredmedia":[{"embeddable":true,"href":"https:\/\/modenafuturacreativa.it\/fr\/wp-json\/wp\/v2\/media\/43"}],"wp:attachment":[{"href":"https:\/\/modenafuturacreativa.it\/fr\/wp-json\/wp\/v2\/media?parent=249"}],"wp:term":[{"taxonomy":"category","embeddable":true,"href":"https:\/\/modenafuturacreativa.it\/fr\/wp-json\/wp\/v2\/categories?post=249"},{"taxonomy":"post_tag","embeddable":true,"href":"https:\/\/modenafuturacreativa.it\/fr\/wp-json\/wp\/v2\/tags?post=249"}],"curies":[{"name":"wp","href":"https:\/\/api.w.org\/{rel}","templated":true}]}}