{"id":246,"date":"2021-09-14T11:07:39","date_gmt":"2021-09-14T09:07:39","guid":{"rendered":"https:\/\/modenafutura.com\/?p=246"},"modified":"2025-03-21T14:18:27","modified_gmt":"2025-03-21T13:18:27","slug":"modena-citta-creative-unesco-inviata-la-candidatura","status":"publish","type":"post","link":"https:\/\/modenafuturacreativa.it\/fr\/modena-citta-creative-unesco-inviata-la-candidatura\/","title":{"rendered":"MOD\u00c8NE VILLE CR\u00c9ATIVE DE L'UNESCO, CANDIDATURE D\u00c9POS\u00c9E"},"content":{"rendered":"<div id=\"fws_6a9b7b8acc190\"  data-column-margin=\"60px\" data-midnight=\"dark\"  class=\"wpb_row vc_row-fluid vc_row\"  style=\"padding-top: 0px; padding-bottom: 0px; \"><div class=\"row-bg-wrap\" data-bg-animation=\"none\" data-bg-animation-delay=\"\" data-bg-overlay=\"false\"><div class=\"inner-wrap row-bg-layer\" ><div class=\"row-bg viewport-desktop\"  style=\"\"><\/div><\/div><\/div><div class=\"row_col_wrap_12 col span_12 dark left\">\n\t<div  class=\"vc_col-sm-6 wpb_column column_container vc_column_container col no-extra-padding inherit_tablet inherit_phone\"  data-padding-pos=\"all\" data-has-bg-color=\"false\" data-bg-color=\"\" data-bg-opacity=\"1\" data-animation=\"\" data-delay=\"0\" >\n\t\t<div class=\"vc_column-inner\" >\n\t\t\t<div class=\"wpb_wrapper\">\n\t\t\t\t\n<div class=\"wpb_text_column wpb_content_element\" >\n\t<div id=\"parent-fieldname-description\">\n<div id=\"parent-fieldname-description\">\n<div id=\"parent-fieldname-description\">\n<div id=\"parent-fieldname-description\"><strong>La municipalit\u00e9 a formalis\u00e9 sa proposition de participer au r\u00e9seau m\u00e9dia-arts. Bortolamasi : \"Un projet choral. La culture et la cr\u00e9ativit\u00e9 au c\u0153ur de la future ville<\/strong><\/div>\n<div id=\"viewlet-above-content-body\"><\/div>\n<div id=\"content-core\">\n<div id=\"parent-fieldname-text\">\n<p>La municipalit\u00e9 de Mod\u00e8ne a formellement demand\u00e9 \u00e0 devenir une ville cr\u00e9ative de l'Unesco pour les arts m\u00e9diatiques, en envoyant aujourd'hui, lundi 31 mai, au minist\u00e8re des Affaires \u00e9trang\u00e8res et \u00e0 la commission nationale de l'Unesco le projet \u00e9labor\u00e9 dans le cadre d'un processus qui a d\u00e9but\u00e9 en d\u00e9cembre dernier.<\/p>\n<p>Cr\u00e9er de nouvelles opportunit\u00e9s pour notre communaut\u00e9 apr\u00e8s la pand\u00e9mie signifie investir fortement dans l'avenir\", commente le maire Gian Carlo Muzzarelli, \"et la candidature au r\u00e9seau des villes cr\u00e9atives de l'Unesco est un grand investissement pour Mod\u00e8ne. La culture fait partie int\u00e9grante de la strat\u00e9gie de red\u00e9marrage : ce n'est pas seulement le secteur priv\u00e9 qui red\u00e9marre, mais le secteur public a un r\u00f4le fondamental \u00e0 jouer dans ce d\u00e9fi, car la cr\u00e9ativit\u00e9, le talent et les arts font partie int\u00e9grante de la Mod\u00e8ne que nous voulons. Et Mod\u00e8ne est pr\u00eate\".<\/p>\n<p>Comme le souligne Andrea Bortolamasi, conseiller \u00e0 la culture, \"l'intelligence artificielle, les humanit\u00e9s num\u00e9riques, les arts num\u00e9riques, la num\u00e9risation du patrimoine culturel de la ville, le d\u00e9veloppement des industries culturelles et cr\u00e9atives sont autant de pistes qui entrent dans le projet de Mod\u00e8ne ville cr\u00e9ative pour les arts m\u00e9diatiques\". Beaucoup d'aspects diff\u00e9rents pour un projet choral et syst\u00e9mique, qui implique tous les acteurs culturels de la ville mais aussi les sujets participant \u00e0 la Table pour la croissance, et qui se concentre sur le renforcement du r\u00e9seau existant et les d\u00e9veloppements futurs. La culture et la cr\u00e9ativit\u00e9, poursuit la conseill\u00e8re, sont au c\u0153ur de notre id\u00e9e de la ville future : une ville ouverte, fertile en cr\u00e9ativit\u00e9, qui conserve ses racines manufacturi\u00e8res tout en se tournant vers l'avenir en tant que ville cr\u00e9ative.<\/p>\n<p>Les lignes directrices de la candidature sont la contamination de diff\u00e9rents genres et langages, avec des projets traitant de la relation entre les innovations et les transformations num\u00e9riques et la musique, la danse, les arts figuratifs et visuels, et le th\u00e9\u00e2tre ; les transformations urbaines de la ville, avec la cr\u00e9ation de nouveaux conteneurs culturels ; et l'accent mis sur la culture num\u00e9rique en tant qu'outil utile pour une plus grande appr\u00e9ciation des activit\u00e9s culturelles.<\/p>\n<p>Le comit\u00e9 de promotion de la candidature r\u00e9unit, avec la municipalit\u00e9, la Fondazione di Modena, la Fondazione Brodolini - Laboratorio Aperto, la Fmav, la Gallerie Estensi, Unimore, Fem, Ert, la Fondazione Teatro Comunale, Art-ER, la Fondazione Collegio S. Carlo.<\/p>\n<p>L'\u00e9valuation de la commission nationale de l'Unesco sur les projets pr\u00e9sent\u00e9s en Italie est attendue dans les prochaines semaines. Il s'agit de la premi\u00e8re \u00e9tape pour arriver, en cas de succ\u00e8s, \u00e0 la pr\u00e9sentation internationale \u00e0 Paris.<\/p>\n<p>Le R\u00e9seau des villes cr\u00e9atives est en fait un programme de l'Unesco actif depuis 2004, impliquant un r\u00e9seau de 246 villes dans 72 pays sur les cinq continents. L'objectif est de promouvoir la connaissance, la coop\u00e9ration et les projets entre les villes qui ont identifi\u00e9 la culture et la cr\u00e9ativit\u00e9 comme les moteurs de leur d\u00e9veloppement. Les mots d'ordre sont collaboration, partage de connaissances et de bonnes pratiques, confrontation, planification, valorisation du patrimoine culturel immat\u00e9riel.<\/p>\n<\/div>\n<\/div>\n<\/div>\n<\/div>\n<\/div>\n<\/div>\n\n\n\n\n\t\t\t<\/div> \n\t\t<\/div>\n\t<\/div> \n\n\t<div  class=\"vc_col-sm-6 wpb_column column_container vc_column_container col no-extra-padding inherit_tablet inherit_phone\"  data-padding-pos=\"all\" data-has-bg-color=\"false\" data-bg-color=\"\" data-bg-opacity=\"1\" data-animation=\"\" data-delay=\"0\" >\n\t\t<div class=\"vc_column-inner\" >\n\t\t\t<div class=\"wpb_wrapper\">\n\t\t\t\t\n<div class=\"wpb_text_column wpb_content_element\" >\n\t<h6><strong>GALERIE D'IMAGES<\/strong><\/h6>\n<\/div>\n\n\n\n\n\t<div class=\"wpb_gallery wpb_content_element clearfix\">\n\t\t<div class=\"wpb_wrapper\"><div class=\"wpb_gallery_slidesimage_grid\" data-onclick=\"link_image\" data-interval=\"5\">\n\n\t<div class=\"portfolio-wrap\">\n\n\t\t\t<span class=\"portfolio-loading\"><\/span>\n\n\t\t\t<div class=\"row portfolio-items no-masonry\" data-starting-filter=\"\" data-gutter=\"default\" data-masonry-type=\"default\" data-bypass-cropping=\"\"  data-ps=\"7\" data-loading=\"default\" data-categories-to-show=\"\" data-col-num=\"cols-2\">\n\n\n\n\t\n\t\t\t\t\t\t\t<div class=\"col span_6  element\" data-project-cat=\"\" data-default-color=\"true\" data-title-color=\"\" data-subtitle-color=\"\">\n\n\t\t\t\t\t\t\t<div class=\"inner-wrap animated\" data-animation=\"none\">\n\n\t\t\t\t\t\t\t\n\t\t\t\t\t\t\t<div class=\"work-item style-2\">\n\n\t\t\t\t\t\t\t\t<img decoding=\"async\" class=\"skip-lazy top-level-image\" src=\"https:\/\/modenafuturacreativa.it\/wp-content\/uploads\/2021\/09\/cittacreativeunesco-sindaco-bortolamasi-31mag2021-600x400.jpg\" width=\"600\" height=\"400\" alt=\"cittacreativeunesco-sindaco bortolamasi-31mag2021\" title=\"citycreativeunesco-maire bortolamasi-31mag2021\" loading=\"lazy\" \/>\n\t\t\t\t\t\t\t\t<div class=\"work-info-bg\"><\/div>\n\t\t\t\t\t\t\t\t<div class=\"work-info\">\n\n\n\t\t\t\t\t\t\t\t\t\t\t\t\t\t\t\t\t   \t\t\t <a href=\"https:\/\/modenafuturacreativa.it\/wp-content\/uploads\/2021\/09\/cittacreativeunesco-sindaco-bortolamasi-31mag2021.jpg\" class=\"pretty_photo\"><span class=\"screen-reader-text\">citycreativeunesco-maire bortolamasi-31mag2021<\/span><\/a>\n\t\t\t\t\t\t\t\t   \t\t\n\t\t\t\t\t\t\t\t\t\t<div class=\"vert-center\">\n\t\t\t\t\t\t\t\t\t\t\t\t\t\t\t\t\t\t\t\t\t<\/div><!--\/vert-center-->\n\n\t\t\t\t\t\t\t\t\t\n\n\t\t\t\t\t\t\t\t<\/div>\n\t\t\t\t\t\t\t<\/div><!--work-item-->\n\n\t\t\t\t\t\t\n\n\t\t\t\t\t\t<\/div><\/div> \n\t\t\t\t\t\t<\/div><\/div><\/div>\n\t\t<\/div> \n\t<\/div> \n\t\t\t<\/div> \n\t\t<\/div>\n\t<\/div> \n<\/div><\/div>","protected":false},"excerpt":{"rendered":"La municipalit\u00e9 a formalis\u00e9 sa proposition de participer au r\u00e9seau m\u00e9dia-arts. Bortolamasi : \"Un projet choral. La culture et la cr\u00e9ativit\u00e9 au centre de la ville future\" La municipalit\u00e9 de Mod\u00e8ne...","protected":false},"author":1,"featured_media":247,"comment_status":"closed","ping_status":"closed","sticky":false,"template":"","format":"standard","meta":{"wpupg_custom_link":[],"wpupg_custom_link_behaviour":[],"wpupg_custom_link_nofollow":[],"wpupg_custom_image":[],"wpupg_custom_image_id":[],"footnotes":""},"categories":[475],"tags":[],"class_list":["post-246","post","type-post","status-publish","format-standard","has-post-thumbnail","category-news"],"_links":{"self":[{"href":"https:\/\/modenafuturacreativa.it\/fr\/wp-json\/wp\/v2\/posts\/246","targetHints":{"allow":["GET"]}}],"collection":[{"href":"https:\/\/modenafuturacreativa.it\/fr\/wp-json\/wp\/v2\/posts"}],"about":[{"href":"https:\/\/modenafuturacreativa.it\/fr\/wp-json\/wp\/v2\/types\/post"}],"author":[{"embeddable":true,"href":"https:\/\/modenafuturacreativa.it\/fr\/wp-json\/wp\/v2\/users\/1"}],"replies":[{"embeddable":true,"href":"https:\/\/modenafuturacreativa.it\/fr\/wp-json\/wp\/v2\/comments?post=246"}],"version-history":[{"count":1,"href":"https:\/\/modenafuturacreativa.it\/fr\/wp-json\/wp\/v2\/posts\/246\/revisions"}],"predecessor-version":[{"id":248,"href":"https:\/\/modenafuturacreativa.it\/fr\/wp-json\/wp\/v2\/posts\/246\/revisions\/248"}],"wp:featuredmedia":[{"embeddable":true,"href":"https:\/\/modenafuturacreativa.it\/fr\/wp-json\/wp\/v2\/media\/247"}],"wp:attachment":[{"href":"https:\/\/modenafuturacreativa.it\/fr\/wp-json\/wp\/v2\/media?parent=246"}],"wp:term":[{"taxonomy":"category","embeddable":true,"href":"https:\/\/modenafuturacreativa.it\/fr\/wp-json\/wp\/v2\/categories?post=246"},{"taxonomy":"post_tag","embeddable":true,"href":"https:\/\/modenafuturacreativa.it\/fr\/wp-json\/wp\/v2\/tags?post=246"}],"curies":[{"name":"wp","href":"https:\/\/api.w.org\/{rel}","templated":true}]}}