{"id":242,"date":"2021-09-14T11:05:57","date_gmt":"2021-09-14T09:05:57","guid":{"rendered":"https:\/\/modenafutura.com\/?p=242"},"modified":"2025-03-21T14:18:27","modified_gmt":"2025-03-21T13:18:27","slug":"modena-citta-creative-unesco-in-rete-verso-la-candidatura","status":"publish","type":"post","link":"https:\/\/modenafuturacreativa.it\/fr\/modena-citta-creative-unesco-in-rete-verso-la-candidatura\/","title":{"rendered":"MOD\u00c8NE, VILLE CR\u00c9ATIVE DE L'UNESCO, MISE EN R\u00c9SEAU EN VUE D'UNE CANDIDATURE"},"content":{"rendered":"<div id=\"fws_6a9b7b9b80c8f\"  data-column-margin=\"60px\" data-midnight=\"dark\"  class=\"wpb_row vc_row-fluid vc_row\"  style=\"padding-top: 0px; padding-bottom: 0px; \"><div class=\"row-bg-wrap\" data-bg-animation=\"none\" data-bg-animation-delay=\"\" data-bg-overlay=\"false\"><div class=\"inner-wrap row-bg-layer\" ><div class=\"row-bg viewport-desktop\"  style=\"\"><\/div><\/div><\/div><div class=\"row_col_wrap_12 col span_12 dark left\">\n\t<div  class=\"vc_col-sm-6 wpb_column column_container vc_column_container col no-extra-padding inherit_tablet inherit_phone\"  data-padding-pos=\"all\" data-has-bg-color=\"false\" data-bg-color=\"\" data-bg-opacity=\"1\" data-animation=\"\" data-delay=\"0\" >\n\t\t<div class=\"vc_column-inner\" >\n\t\t\t<div class=\"wpb_wrapper\">\n\t\t\t\t\n<div class=\"wpb_text_column wpb_content_element\" >\n\t<div id=\"parent-fieldname-description\">\n<div id=\"parent-fieldname-description\">\n<div id=\"parent-fieldname-description\"><strong>En lien avec le laboratoire ouvert, les r\u00e9alit\u00e9s du comit\u00e9 de promotion et les nouveaux membres, tels que Ammagamma et Gruppo Giovani Confindustria, ont pr\u00e9sent\u00e9 leurs projets en direct sur Facebook.<\/strong><\/div>\n<div id=\"viewlet-above-content-body\"><\/div>\n<div id=\"content-core\">\n<div id=\"parent-fieldname-text\">\n<p>\"L'avenir doit continuer \u00e0 vivre ici, dans une ville qui anticipe le red\u00e9marrage de l'apr\u00e8s-Covid en mettant la culture au centre. Une culture qui, comme nous le savons si bien \u00e0 Mod\u00e8ne, est source d'emploi et de croissance \u00e9conomique et renforce l'identit\u00e9 de la communaut\u00e9 \u00e0 travers des valeurs, des id\u00e9aux, des id\u00e9es et des projets\". C'est ce qu'a d\u00e9clar\u00e9 le maire de Mod\u00e8ne, Gian Carlo Muzzarelli, en introduisant la r\u00e9union en ligne \"Futura Creativa\", qui s'est tenue le lundi 19 avril en direct sur Facebook, sur le canal social \"Ville de Mod\u00e8ne\". Il s'agit d'une nouvelle r\u00e9union sur la pr\u00e9sentation de la candidature de Mod\u00e8ne en tant que ville cr\u00e9ative de l'Unesco pour le p\u00f4le des arts m\u00e9diatiques, \u00e0 laquelle ont particip\u00e9 les acteurs de la sc\u00e8ne culturelle de Mod\u00e8ne qui font partie du comit\u00e9 de promotion coordonn\u00e9 par la mairie, mais aussi de nouvelles entreprises priv\u00e9es qui se joignent au processus avec de nouveaux projets, comme le groupe des jeunes de la Confindustria Emilia et \"Ammagamma\", une entreprise de science des donn\u00e9es qui propose des solutions d'intelligence artificielle aux entreprises. Un pas de plus vers la d\u00e9finition du projet avec lequel Mod\u00e8ne se portera candidate.<\/p>\n<p>\"L'int\u00e9r\u00eat et l'implication des entit\u00e9s priv\u00e9es, souligne Andrea Bortolamasi, conseiller pour la culture, donnent de la force et de la coh\u00e9rence \u00e0 nos propositions, qui commenceront bient\u00f4t \u00e0 s'ouvrir \u00e9galement \u00e0 la sph\u00e8re internationale\". D\u00e9j\u00e0 lors de la r\u00e9union de lundi, avec d'autres villes du R\u00e9seau des villes cr\u00e9atives de l'Unesco, Linz, ville autrichienne jumel\u00e9e avec Mod\u00e8ne, qui fait partie des villes cr\u00e9atives de l'Unesco dans le cluster des arts m\u00e9diatiques depuis 2014, a \u00e9galement \u00e9t\u00e9 connect\u00e9e. \"La coordination sur la candidature r\u00e9alis\u00e9e par le Conseil municipal, ajoute Bortolamasi, est un travail de couture et de renforcement d'un r\u00e9seau qui implique notre \u00e9cosyst\u00e8me culturel pour une Mod\u00e8ne qui se propose comme une ville pensante et innovante, attentive aux objectifs de l'Agenda 2030 de l'ONU, et o\u00f9 d'anciennes usines de production et de fabrication sont d\u00e9j\u00e0 repens\u00e9es comme des espaces de cr\u00e9ativit\u00e9\".<\/p>\n<p>Mauro Felicori, conseiller r\u00e9gional pour la culture et le paysage, a d\u00e9clar\u00e9 \u00e0 l'ouverture des travaux que le soutien de la R\u00e9gion est total et que Mod\u00e8ne a tout int\u00e9r\u00eat \u00e0 s'engager dans un d\u00e9fi qui poussera son image dans un contexte mondial et pas seulement europ\u00e9en. Fabio Sgaragli pour le Laboratorio Aperto Modena - Fondazione Brodolini ; Vittorio Salmoni, coordinateur des villes cr\u00e9atives italiennes de l'Unesco ; Donatella Solda, directrice de Fem Future Education Modena ; Matteo Al Kalak, directeur du centre de recherche interd\u00e9partemental DhMoRe sur les humanit\u00e9s num\u00e9riques ; Martina Bagnoli, directrice de la Gallerie Estensi ; Silvia Tagliazucchi, de CivicWise Italia ; Lorenzo Respi, directeur de production de la Fondazione Modena Arti Visive ; Francesca Garagnani, directrice culturelle du Centre musical 71 MusicHub de Mod\u00e8ne ; Luca Baraldi, responsable de l'identit\u00e9 d'entreprise d'Ammagamma ; Michele Poggipolini, pr\u00e9sident du Gruppo Giovani Imprenditori di Confindustria Emilia ; et Daniele Francesconi, directeur de festivalfilosofia et responsable d'Ago.<\/p>\n<p>La r\u00e9union en ligne reste disponible pour tous sur la page Facebook de la ville de Mod\u00e8ne.<\/p>\n<p>Informations en ligne sur le lien\u00a0<a href=\"http:\/\/www.comune.modena.it\/cittacandidataunescomediaarts\">www.comune.modena.it\/cittacandidataunescomediaarts<\/a>.<\/p>\n<\/div>\n<\/div>\n<\/div>\n<\/div>\n<\/div>\n\n\n\n\n\t\t\t<\/div> \n\t\t<\/div>\n\t<\/div> \n\n\t<div  class=\"vc_col-sm-6 wpb_column column_container vc_column_container col no-extra-padding inherit_tablet inherit_phone\"  data-padding-pos=\"all\" data-has-bg-color=\"false\" data-bg-color=\"\" data-bg-opacity=\"1\" data-animation=\"\" data-delay=\"0\" >\n\t\t<div class=\"vc_column-inner\" >\n\t\t\t<div class=\"wpb_wrapper\">\n\t\t\t\t\n<div class=\"wpb_text_column wpb_content_element\" >\n\t<h6><strong>GALERIE D'IMAGES<\/strong><\/h6>\n<\/div>\n\n\n\n\n\t<div class=\"wpb_gallery wpb_content_element clearfix\">\n\t\t<div class=\"wpb_wrapper\"><div class=\"wpb_gallery_slidesimage_grid\" data-onclick=\"link_image\" data-interval=\"5\">\n\n\t<div class=\"portfolio-wrap\">\n\n\t\t\t<span class=\"portfolio-loading\"><\/span>\n\n\t\t\t<div class=\"row portfolio-items no-masonry\" data-starting-filter=\"\" data-gutter=\"default\" data-masonry-type=\"default\" data-bypass-cropping=\"\"  data-ps=\"7\" data-loading=\"default\" data-categories-to-show=\"\" data-col-num=\"cols-2\">\n\n\n\n\t\n\t\t\t\t\t\t\t<div class=\"col span_6  element\" data-project-cat=\"\" data-default-color=\"true\" data-title-color=\"\" data-subtitle-color=\"\">\n\n\t\t\t\t\t\t\t<div class=\"inner-wrap animated\" data-animation=\"none\">\n\n\t\t\t\t\t\t\t\n\t\t\t\t\t\t\t<div class=\"work-item style-2\">\n\n\t\t\t\t\t\t\t\t<img decoding=\"async\" class=\"skip-lazy top-level-image\" src=\"https:\/\/modenafuturacreativa.it\/wp-content\/uploads\/2021\/09\/PRESEN-2-600x400.jpg\" width=\"600\" height=\"400\" alt=\"PRESEN-2\" title=\"PRESEN-2\" loading=\"lazy\" \/>\n\t\t\t\t\t\t\t\t<div class=\"work-info-bg\"><\/div>\n\t\t\t\t\t\t\t\t<div class=\"work-info\">\n\n\n\t\t\t\t\t\t\t\t\t\t\t\t\t\t\t\t\t   \t\t\t <a href=\"https:\/\/modenafuturacreativa.it\/wp-content\/uploads\/2021\/09\/PRESEN-2.jpg\" class=\"pretty_photo\"><span class=\"screen-reader-text\">PRESEN-2<\/span><\/a>\n\t\t\t\t\t\t\t\t   \t\t\n\t\t\t\t\t\t\t\t\t\t<div class=\"vert-center\">\n\t\t\t\t\t\t\t\t\t\t\t\t\t\t\t\t\t\t\t\t\t<\/div><!--\/vert-center-->\n\n\t\t\t\t\t\t\t\t\t\n\n\t\t\t\t\t\t\t\t<\/div>\n\t\t\t\t\t\t\t<\/div><!--work-item-->\n\n\t\t\t\t\t\t\n\n\t\t\t\t\t\t<\/div><\/div> \n\t\t\t\t\t\t\n\t\t\t\t\t\t\t<div class=\"col span_6  element\" data-project-cat=\"\" data-default-color=\"true\" data-title-color=\"\" data-subtitle-color=\"\">\n\n\t\t\t\t\t\t\t<div class=\"inner-wrap animated\" data-animation=\"none\">\n\n\t\t\t\t\t\t\t\n\t\t\t\t\t\t\t<div class=\"work-item style-2\">\n\n\t\t\t\t\t\t\t\t<img decoding=\"async\" class=\"skip-lazy top-level-image\" src=\"https:\/\/modenafuturacreativa.it\/wp-content\/uploads\/2021\/09\/Presentazione-citta-creative-unesco-Respi-Borto-190421-600x400.jpg\" width=\"600\" height=\"400\" alt=\"Presentazione citta creative unesco Respi- Borto 190421\" title=\"Pr\u00e9sentation de la ville cr\u00e9ative de l&#039;Unesco Respi- Borto 190421\" loading=\"lazy\" \/>\n\t\t\t\t\t\t\t\t<div class=\"work-info-bg\"><\/div>\n\t\t\t\t\t\t\t\t<div class=\"work-info\">\n\n\n\t\t\t\t\t\t\t\t\t\t\t\t\t\t\t\t\t   \t\t\t <a href=\"https:\/\/modenafuturacreativa.it\/wp-content\/uploads\/2021\/09\/Presentazione-citta-creative-unesco-Respi-Borto-190421.jpg\" class=\"pretty_photo\"><span class=\"screen-reader-text\">Pr\u00e9sentation de la ville cr\u00e9ative de l'Unesco Respi- Borto 190421<\/span><\/a>\n\t\t\t\t\t\t\t\t   \t\t\n\t\t\t\t\t\t\t\t\t\t<div class=\"vert-center\">\n\t\t\t\t\t\t\t\t\t\t\t\t\t\t\t\t\t\t\t\t\t<\/div><!--\/vert-center-->\n\n\t\t\t\t\t\t\t\t\t\n\n\t\t\t\t\t\t\t\t<\/div>\n\t\t\t\t\t\t\t<\/div><!--work-item-->\n\n\t\t\t\t\t\t\n\n\t\t\t\t\t\t<\/div><\/div> \n\t\t\t\t\t\t<\/div><\/div><\/div>\n\t\t<\/div> \n\t<\/div> \n\t\t\t<\/div> \n\t\t<\/div>\n\t<\/div> \n<\/div><\/div>","protected":false},"excerpt":{"rendered":"En lien avec l'Open Laboratory, les r\u00e9alit\u00e9s du comit\u00e9 de promotion et les nouveaux membres tels qu'Ammagamma et Gruppo Giovani Confindustria ont pr\u00e9sent\u00e9 leurs projets en direct sur Facebook....","protected":false},"author":1,"featured_media":243,"comment_status":"closed","ping_status":"closed","sticky":false,"template":"","format":"standard","meta":{"wpupg_custom_link":[],"wpupg_custom_link_behaviour":[],"wpupg_custom_link_nofollow":[],"wpupg_custom_image":[],"wpupg_custom_image_id":[],"footnotes":""},"categories":[475],"tags":[],"class_list":["post-242","post","type-post","status-publish","format-standard","has-post-thumbnail","category-news"],"_links":{"self":[{"href":"https:\/\/modenafuturacreativa.it\/fr\/wp-json\/wp\/v2\/posts\/242","targetHints":{"allow":["GET"]}}],"collection":[{"href":"https:\/\/modenafuturacreativa.it\/fr\/wp-json\/wp\/v2\/posts"}],"about":[{"href":"https:\/\/modenafuturacreativa.it\/fr\/wp-json\/wp\/v2\/types\/post"}],"author":[{"embeddable":true,"href":"https:\/\/modenafuturacreativa.it\/fr\/wp-json\/wp\/v2\/users\/1"}],"replies":[{"embeddable":true,"href":"https:\/\/modenafuturacreativa.it\/fr\/wp-json\/wp\/v2\/comments?post=242"}],"version-history":[{"count":1,"href":"https:\/\/modenafuturacreativa.it\/fr\/wp-json\/wp\/v2\/posts\/242\/revisions"}],"predecessor-version":[{"id":245,"href":"https:\/\/modenafuturacreativa.it\/fr\/wp-json\/wp\/v2\/posts\/242\/revisions\/245"}],"wp:featuredmedia":[{"embeddable":true,"href":"https:\/\/modenafuturacreativa.it\/fr\/wp-json\/wp\/v2\/media\/243"}],"wp:attachment":[{"href":"https:\/\/modenafuturacreativa.it\/fr\/wp-json\/wp\/v2\/media?parent=242"}],"wp:term":[{"taxonomy":"category","embeddable":true,"href":"https:\/\/modenafuturacreativa.it\/fr\/wp-json\/wp\/v2\/categories?post=242"},{"taxonomy":"post_tag","embeddable":true,"href":"https:\/\/modenafuturacreativa.it\/fr\/wp-json\/wp\/v2\/tags?post=242"}],"curies":[{"name":"wp","href":"https:\/\/api.w.org\/{rel}","templated":true}]}}