{"id":240,"date":"2021-09-14T11:01:56","date_gmt":"2021-09-14T09:01:56","guid":{"rendered":"https:\/\/modenafutura.com\/?p=240"},"modified":"2025-03-21T14:18:27","modified_gmt":"2025-03-21T13:18:27","slug":"citta-creative-unesco-lunedi-incontro-online-per-tutti","status":"publish","type":"post","link":"https:\/\/modenafuturacreativa.it\/fr\/citta-creative-unesco-lunedi-incontro-online-per-tutti\/","title":{"rendered":"VILLES CR\u00c9ATIVES DE L'UNESCO, LUNDI R\u00c9UNION EN LIGNE POUR TOUS"},"content":{"rendered":"<div id=\"fws_6a9b7b8b20c34\"  data-column-margin=\"60px\" data-midnight=\"dark\"  class=\"wpb_row vc_row-fluid vc_row\"  style=\"padding-top: 0px; padding-bottom: 0px; \"><div class=\"row-bg-wrap\" data-bg-animation=\"none\" data-bg-animation-delay=\"\" data-bg-overlay=\"false\"><div class=\"inner-wrap row-bg-layer\" ><div class=\"row-bg viewport-desktop\"  style=\"\"><\/div><\/div><\/div><div class=\"row_col_wrap_12 col span_12 dark left\">\n\t<div  class=\"vc_col-sm-6 wpb_column column_container vc_column_container col no-extra-padding inherit_tablet inherit_phone\"  data-padding-pos=\"all\" data-has-bg-color=\"false\" data-bg-color=\"\" data-bg-opacity=\"1\" data-animation=\"\" data-delay=\"0\" >\n\t\t<div class=\"vc_column-inner\" >\n\t\t\t<div class=\"wpb_wrapper\">\n\t\t\t\t\n<div class=\"wpb_text_column wpb_content_element\" >\n\t<div id=\"parent-fieldname-description\">\n<div id=\"parent-fieldname-description\"><strong>Le 19 avril \u00e0 partir de 9h30, dans le cadre de l'Open Laboratory, les r\u00e9alit\u00e9s du comit\u00e9 de candidature coordonn\u00e9 par la municipalit\u00e9 et les nouveaux membres pr\u00e9sentent les projets en direct sur Facebook.<\/strong><\/div>\n<div id=\"viewlet-above-content-body\"><\/div>\n<div id=\"content-core\">\n<div id=\"parent-fieldname-text\">\n<p>Lundi 19 avril \u00e0 9h30, une nouvelle r\u00e9union sur la pr\u00e9sentation de la candidature de Mod\u00e8ne comme Ville cr\u00e9ative de l'Unesco pour le p\u00f4le Arts m\u00e9diatiques aura lieu en direct sur Facebook, sur le canal social municipal \"Ville de Mod\u00e8ne\". La r\u00e9union, intitul\u00e9e \"Futura Creativa\", r\u00e9unira les acteurs de la sc\u00e8ne culturelle de Mod\u00e8ne qui font partie du comit\u00e9 de promotion coordonn\u00e9 par la municipalit\u00e9, mais aussi de nouvelles entreprises priv\u00e9es qui se joignent au processus avec de nouveaux projets, comme le Young Group de Confindustria Emilia et \"Ammagamma\", une entreprise de science des donn\u00e9es qui propose des solutions d'intelligence artificielle aux entreprises.<\/p>\n<p>Notre candidature, souligne Andrea Bortolamasi, conseill\u00e8re municipale charg\u00e9e de la culture, se veut un processus, ax\u00e9 sur le renforcement du r\u00e9seau existant et sur les d\u00e9veloppements et transformations \u00e0 venir. Un r\u00e9seau sur lequel la ville peut compter de mani\u00e8re stable et structur\u00e9e et qui s'ouvre d\u00e9j\u00e0 \u00e0 de nouvelles entit\u00e9s, y compris priv\u00e9es, qui sont int\u00e9ress\u00e9es\". Dans une perspective europ\u00e9enne et internationale, le processus de candidature pourra \u00e9galement compter sur l'exp\u00e9rience d\u00e9j\u00e0 d\u00e9velopp\u00e9e par Linz, une ville autrichienne jumel\u00e9e avec Mod\u00e8ne, depuis 2014 parmi les villes cr\u00e9atives de l'Unesco dans le cluster des arts m\u00e9diatiques. D'autres villes faisant partie du R\u00e9seau des villes cr\u00e9atives de l'Unesco se connecteront, en tant qu'\"auditeurs\", \u00e0 l'initiative en ligne de lundi.<\/p>\n<p>Le programme de la r\u00e9union s'ouvre sur les salutations institutionnelles de Gian Carlo Muzzarelli, maire de Mod\u00e8ne, et de Mauro Felicori, conseiller r\u00e9gional pour la culture et le paysage, tandis que le conseiller Bortolamasi pr\u00e9sentera le processus de candidature. Ensuite, Diego Teloni, du Laboratorio Aperto de Mod\u00e8ne, parlera du \"r\u00f4le des espaces de collaboration pour l'industrie culturelle et cr\u00e9ative\", avant l'intervention de Vittorio Salmoni, coordinateur des Villes cr\u00e9atives italiennes de l'Unesco, sur le th\u00e8me \"Le r\u00f4le du R\u00e9seau des villes cr\u00e9atives de l'Unesco pour le r\u00e9tablissement apr\u00e8s la pand\u00e9mie mondiale\".<\/p>\n<p>Feu vert donc \u00e0 la pr\u00e9sentation des projets, \u00e0 commencer par la sph\u00e8re \"Education\", avec Donatella Solda, directrice de Fem Future Education Modena, qui parlera des \"Arts m\u00e9diatiques : apprentissage et intelligence collective\". \"Lib\u00e9rer la cr\u00e9ativit\u00e9 : les voies de la num\u00e9risation\" est le th\u00e8me qui sera abord\u00e9 par Matteo Al Kalak, directeur du centre de recherche interd\u00e9partemental DhMoRe sur les humanit\u00e9s num\u00e9riques. Suivront deux interventions dans le domaine de la \"num\u00e9risation\" : la premi\u00e8re, \"La biblioth\u00e8que num\u00e9rique pour ouvrir les portes des mus\u00e9es : la biblioth\u00e8que num\u00e9rique d'Estense et les galeries d'Estense\", sera prononc\u00e9e par Martina Bagnoli, directrice des galeries d'Estense ; la seconde, \"AFOr : valoriser les m\u00e9moires et les connaissances, le patrimoine immat\u00e9riel du territoire\", sera prononc\u00e9e par Silvia Tagliazucchi, pr\u00e9sidente de l'association CivicWise Italia. Nous entrons ensuite dans le chapitre \"Contamination\", qui comprend l'intervention de Lorenzo Respi, directeur de production de la Fondazione Modena Arti Visive, sur \"Alphab\u00e9tisation et arts num\u00e9riques\", et celle de Francesca Garagnani, responsable culturelle du centre musical 71 MusicHub de Mod\u00e8ne, sur \"71Musichub : la musique dans les arts m\u00e9diatiques. Actions de cr\u00e9ativit\u00e9 int\u00e9gr\u00e9e\". Pour la section \"L'entreprise cr\u00e9atrice de culture\", Luca Baraldi, responsable de l'identit\u00e9 d'entreprise chez Ammagamma, parle du \"Manifeste de la rationalit\u00e9 sensible : la profondeur humaniste de l'intelligence artificielle\", tandis que Michele Poggipolini, pr\u00e9sident du Gruppo Giovani Imprenditori di Confindustria Emilia (Groupe des jeunes entrepreneurs de Confindustria Emilia) pr\u00e9sente le projet \"Archives de l'avenir\". Les \"Conclusions\" sont confi\u00e9es au discours \"Usines de la culture num\u00e9rique\" de Daniele Francesconi, directeur de festivalfilosofia et responsable d'Ago.<\/p>\n<p>Le streaming de l'initiative, ainsi que la page Facebook de la ville de Mod\u00e8ne, peuvent \u00e9galement \u00eatre suivis en direct sur les pages Facebook de plusieurs des participants : \"fondazione dimodena\".\u00a0<a href=\"http:\/\/www.facebook.com\/AGOModenaFaCultura\">-<\/a>\u00a0\"AGOModenaFaCultura\" - \"laboratorioapertomodena\" \"GGIConfindustriaEmilia\/live\".<\/p>\n<p>Informations en ligne sur le lien\u00a0<a href=\"http:\/\/www.comune.modena.it\/cittacandidataunescomediaarts\">www.comune.modena.it\/cittacandidataunescomediaarts<\/a>.<\/p>\n<\/div>\n<\/div>\n<\/div>\n<\/div>\n\n\n\n\n\t\t\t<\/div> \n\t\t<\/div>\n\t<\/div> \n\n\t<div  class=\"vc_col-sm-6 wpb_column column_container vc_column_container col no-extra-padding inherit_tablet inherit_phone\"  data-padding-pos=\"all\" data-has-bg-color=\"false\" data-bg-color=\"\" data-bg-opacity=\"1\" data-animation=\"\" data-delay=\"0\" >\n\t\t<div class=\"vc_column-inner\" >\n\t\t\t<div class=\"wpb_wrapper\">\n\t\t\t\t\n<div class=\"wpb_text_column wpb_content_element\" >\n\t<h6><strong>GALERIE D'IMAGES<\/strong><\/h6>\n<\/div>\n\n\n\n\n\t<div class=\"wpb_gallery wpb_content_element clearfix\">\n\t\t<div class=\"wpb_wrapper\"><div class=\"wpb_gallery_slidesimage_grid\" data-onclick=\"link_image\" data-interval=\"5\">\n\n\t<div class=\"portfolio-wrap\">\n\n\t\t\t<span class=\"portfolio-loading\"><\/span>\n\n\t\t\t<div class=\"row portfolio-items no-masonry\" data-starting-filter=\"\" data-gutter=\"default\" data-masonry-type=\"default\" data-bypass-cropping=\"\"  data-ps=\"7\" data-loading=\"default\" data-categories-to-show=\"\" data-col-num=\"cols-2\">\n\n\n\n\t\n\t\t\t\t\t\t\t<div class=\"col span_6  element\" data-project-cat=\"\" data-default-color=\"true\" data-title-color=\"\" data-subtitle-color=\"\">\n\n\t\t\t\t\t\t\t<div class=\"inner-wrap animated\" data-animation=\"none\">\n\n\t\t\t\t\t\t\t\n\t\t\t\t\t\t\t<div class=\"work-item style-2\">\n\n\t\t\t\t\t\t\t\t<img decoding=\"async\" class=\"skip-lazy top-level-image\" src=\"https:\/\/modenafuturacreativa.it\/wp-content\/uploads\/2021\/09\/logo-finale-candidata-colori-600x400.png\" width=\"600\" height=\"400\" alt=\"logo finale candidata colori\" title=\"couleurs du logo du candidat final\" loading=\"lazy\" \/>\n\t\t\t\t\t\t\t\t<div class=\"work-info-bg\"><\/div>\n\t\t\t\t\t\t\t\t<div class=\"work-info\">\n\n\n\t\t\t\t\t\t\t\t\t\t\t\t\t\t\t\t\t   \t\t\t <a href=\"https:\/\/modenafuturacreativa.it\/wp-content\/uploads\/2021\/09\/logo-finale-candidata-colori.png\" class=\"pretty_photo\"><span class=\"screen-reader-text\">couleurs du logo du candidat final<\/span><\/a>\n\t\t\t\t\t\t\t\t   \t\t\n\t\t\t\t\t\t\t\t\t\t<div class=\"vert-center\">\n\t\t\t\t\t\t\t\t\t\t\t\t\t\t\t\t\t\t\t\t\t<\/div><!--\/vert-center-->\n\n\t\t\t\t\t\t\t\t\t\n\n\t\t\t\t\t\t\t\t<\/div>\n\t\t\t\t\t\t\t<\/div><!--work-item-->\n\n\t\t\t\t\t\t\n\n\t\t\t\t\t\t<\/div><\/div> \n\t\t\t\t\t\t<\/div><\/div><\/div>\n\t\t<\/div> \n\t<\/div> \n\t\t\t<\/div> \n\t\t<\/div>\n\t<\/div> \n<\/div><\/div>","protected":false},"excerpt":{"rendered":"Le 19 avril \u00e0 partir de 9h30, dans le cadre de l'Open Laboratory, les r\u00e9alit\u00e9s du comit\u00e9 de candidature coordonn\u00e9 par la municipalit\u00e9 et les nouveaux membres pr\u00e9sentent des projets en direct sur Facebook lundi 19 avril...","protected":false},"author":1,"featured_media":230,"comment_status":"closed","ping_status":"closed","sticky":false,"template":"","format":"standard","meta":{"wpupg_custom_link":[],"wpupg_custom_link_behaviour":[],"wpupg_custom_link_nofollow":[],"wpupg_custom_image":[],"wpupg_custom_image_id":[],"footnotes":""},"categories":[475],"tags":[],"class_list":["post-240","post","type-post","status-publish","format-standard","has-post-thumbnail","category-news"],"_links":{"self":[{"href":"https:\/\/modenafuturacreativa.it\/fr\/wp-json\/wp\/v2\/posts\/240","targetHints":{"allow":["GET"]}}],"collection":[{"href":"https:\/\/modenafuturacreativa.it\/fr\/wp-json\/wp\/v2\/posts"}],"about":[{"href":"https:\/\/modenafuturacreativa.it\/fr\/wp-json\/wp\/v2\/types\/post"}],"author":[{"embeddable":true,"href":"https:\/\/modenafuturacreativa.it\/fr\/wp-json\/wp\/v2\/users\/1"}],"replies":[{"embeddable":true,"href":"https:\/\/modenafuturacreativa.it\/fr\/wp-json\/wp\/v2\/comments?post=240"}],"version-history":[{"count":1,"href":"https:\/\/modenafuturacreativa.it\/fr\/wp-json\/wp\/v2\/posts\/240\/revisions"}],"predecessor-version":[{"id":241,"href":"https:\/\/modenafuturacreativa.it\/fr\/wp-json\/wp\/v2\/posts\/240\/revisions\/241"}],"wp:featuredmedia":[{"embeddable":true,"href":"https:\/\/modenafuturacreativa.it\/fr\/wp-json\/wp\/v2\/media\/230"}],"wp:attachment":[{"href":"https:\/\/modenafuturacreativa.it\/fr\/wp-json\/wp\/v2\/media?parent=240"}],"wp:term":[{"taxonomy":"category","embeddable":true,"href":"https:\/\/modenafuturacreativa.it\/fr\/wp-json\/wp\/v2\/categories?post=240"},{"taxonomy":"post_tag","embeddable":true,"href":"https:\/\/modenafuturacreativa.it\/fr\/wp-json\/wp\/v2\/tags?post=240"}],"curies":[{"name":"wp","href":"https:\/\/api.w.org\/{rel}","templated":true}]}}