{"id":238,"date":"2021-09-14T11:00:57","date_gmt":"2021-09-14T09:00:57","guid":{"rendered":"https:\/\/modenafutura.com\/?p=238"},"modified":"2025-03-21T14:18:27","modified_gmt":"2025-03-21T13:18:27","slug":"citta-creative-unesco-mappa-online-sul-sito-del-comune","status":"publish","type":"post","link":"https:\/\/modenafuturacreativa.it\/fr\/citta-creative-unesco-mappa-online-sul-sito-del-comune\/","title":{"rendered":"VILLES CR\u00c9ATIVES DE L'UNESCO, CARTE EN LIGNE SUR LE SITE WEB DE LA MUNICIPALIT\u00c9"},"content":{"rendered":"<div id=\"fws_6a9b7bf5ac37c\"  data-column-margin=\"60px\" data-midnight=\"dark\"  class=\"wpb_row vc_row-fluid vc_row\"  style=\"padding-top: 0px; padding-bottom: 0px; \"><div class=\"row-bg-wrap\" data-bg-animation=\"none\" data-bg-animation-delay=\"\" data-bg-overlay=\"false\"><div class=\"inner-wrap row-bg-layer\" ><div class=\"row-bg viewport-desktop\"  style=\"\"><\/div><\/div><\/div><div class=\"row_col_wrap_12 col span_12 dark left\">\n\t<div  class=\"vc_col-sm-6 wpb_column column_container vc_column_container col no-extra-padding inherit_tablet inherit_phone\"  data-padding-pos=\"all\" data-has-bg-color=\"false\" data-bg-color=\"\" data-bg-opacity=\"1\" data-animation=\"\" data-delay=\"0\" >\n\t\t<div class=\"vc_column-inner\" >\n\t\t\t<div class=\"wpb_wrapper\">\n\t\t\t\t\n<div class=\"wpb_text_column wpb_content_element\" >\n\t<div id=\"parent-fieldname-description\"><strong>Une section du portail Internet municipal est consacr\u00e9e au processus de candidature de Mod\u00e8ne, dans laquelle sont \u00e9galement pr\u00e9sent\u00e9s les espaces et les activit\u00e9s de la ville li\u00e9s au th\u00e8me des \"arts m\u00e9diatiques\".<\/strong><\/div>\n<div id=\"viewlet-above-content-body\"><\/div>\n<div id=\"content-core\">\n<div id=\"parent-fieldname-text\">\n<p>Dix, quatorze et trente et un. Ce sont les premiers chiffres li\u00e9s au parcours en cours pour la candidature de Mod\u00e8ne comme Ville cr\u00e9ative 2021 de l'Unesco pour les \"Arts m\u00e9diatiques\". Ils sont tir\u00e9s d'une carte en ligne des sujets et des initiatives de la ville en rapport avec le \"cluster\" pour lequel la ville postule, sous la banni\u00e8re du dialogue entre les sciences humaines, les sciences et les nouvelles technologies, d\u00e9clin\u00e9 par des productions cr\u00e9atives. La carte, qui suivra dynamiquement les \u00e9tapes du parcours, peut \u00eatre consult\u00e9e dans une nouvelle section du portail Internet municipal (<a href=\"http:\/\/www.comune.modena.it\/cittacandidataunescomediaarts\">www.comune.modena.it\/cittacandidataunescomediaarts<\/a>).<\/p>\n<p>Dix sont les membres actuels, en r\u00e9seau entre eux et avec la municipalit\u00e9, du comit\u00e9 de promotion qui reste ouvert \u00e0 d'autres adh\u00e9sions. Il s'agit de la Fondazione di Modena ; Unimore ; Gallerie Estensi - Mibact ; Fondazione Brodolini ; Fmav ; Fem ; Ert ; Fondazione Teatro Comunale ; Art-ER ; Fondazione San Carlo.<\/p>\n<p>En revanche, 14 espaces proposent ou accueillent des initiatives mises en \u00e9vidence sur la carte de Mod\u00e8ne, dont une est multiple (initiatives ind\u00e9pendantes). Il s'agit des lieux suivants : Ago Modena fabbriche culturali, Fem, Gallerie Estensi et Musei Civici, Ert, DhMore, Laboratorio Aperto, San Carlo, For Modena, Biblioteche comunali, Fmav - MuFi (Museo figurina), Teatro Comunale Pavarotti, 71 Music Hub - Centro Musica.<\/p>\n<p>Les 31 projets mod\u00e9nais en cours ou en pr\u00e9paration dans le domaine des arts m\u00e9diatiques sont r\u00e9partis en cinq cat\u00e9gories identifi\u00e9es par des couleurs diff\u00e9rentes : \u00e9ducation, num\u00e9risation, arts de la formation, arts visuels, musique. Ils vont d'une s\u00e9rie de festivals pr\u00e9vus (Cinedanza, Dig, Viaemili@docfest, Node, Virtual reality movie, Vie) \u00e0 la biblioth\u00e8que num\u00e9rique Estense et \u00e0 la base de donn\u00e9es Lodovico ; des ateliers de formation sur les arts m\u00e9diatiques et visuels \u00e0 la formation pour les entreprises cr\u00e9atives dans le domaine de l'audiovisuel ; de la formation de haut niveau \u00e0 la sc\u00e9nographie num\u00e9rique \"Atelier num\u00e9rique\" \u00e0 la programmation en ligne d'ErtonAir et au streaming de l'op\u00e9ra ; de la num\u00e9risation du Museo della Figurina au cours de formation de haut niveau \u00e0 la communication vid\u00e9o dans les arts du spectacle ; de la maison d'\u00e9dition num\u00e9rique civique \"Il Dondolo\" aux cours de vid\u00e9o urbaine du Centre de la musique. La page web d\u00e9di\u00e9e contient \u00e9galement des nouvelles et des informations sur le processus de candidature.<\/p>\n<\/div>\n<\/div>\n<\/div>\n\n\n\n\n\t\t\t<\/div> \n\t\t<\/div>\n\t<\/div> \n\n\t<div  class=\"vc_col-sm-6 wpb_column column_container vc_column_container col no-extra-padding inherit_tablet inherit_phone\"  data-padding-pos=\"all\" data-has-bg-color=\"false\" data-bg-color=\"\" data-bg-opacity=\"1\" data-animation=\"\" data-delay=\"0\" >\n\t\t<div class=\"vc_column-inner\" >\n\t\t\t<div class=\"wpb_wrapper\">\n\t\t\t\t\n<div class=\"wpb_text_column wpb_content_element\" >\n\t<h6><strong>GALERIE D'IMAGES<\/strong><\/h6>\n<\/div>\n\n\n\n\n\t<div class=\"wpb_gallery wpb_content_element clearfix\">\n\t\t<div class=\"wpb_wrapper\"><div class=\"wpb_gallery_slidesimage_grid\" data-onclick=\"link_image\" data-interval=\"5\">\n\n\t<div class=\"portfolio-wrap\">\n\n\t\t\t<span class=\"portfolio-loading\"><\/span>\n\n\t\t\t<div class=\"row portfolio-items no-masonry\" data-starting-filter=\"\" data-gutter=\"default\" data-masonry-type=\"default\" data-bypass-cropping=\"\"  data-ps=\"7\" data-loading=\"default\" data-categories-to-show=\"\" data-col-num=\"cols-2\">\n\n\n\n\t\n\t\t\t\t\t\t\t<div class=\"col span_6  element\" data-project-cat=\"\" data-default-color=\"true\" data-title-color=\"\" data-subtitle-color=\"\">\n\n\t\t\t\t\t\t\t<div class=\"inner-wrap animated\" data-animation=\"none\">\n\n\t\t\t\t\t\t\t\n\t\t\t\t\t\t\t<div class=\"work-item style-2\">\n\n\t\t\t\t\t\t\t\t<img decoding=\"async\" class=\"skip-lazy top-level-image\" src=\"https:\/\/modenafuturacreativa.it\/wp-content\/uploads\/2021\/09\/call-media-arts-120221-600x400.jpg\" width=\"600\" height=\"400\" alt=\"call-media-arts 120221\" title=\"call-media-arts 120221\" loading=\"lazy\" \/>\n\t\t\t\t\t\t\t\t<div class=\"work-info-bg\"><\/div>\n\t\t\t\t\t\t\t\t<div class=\"work-info\">\n\n\n\t\t\t\t\t\t\t\t\t\t\t\t\t\t\t\t\t   \t\t\t <a href=\"https:\/\/modenafuturacreativa.it\/wp-content\/uploads\/2021\/09\/call-media-arts-120221.jpg\" class=\"pretty_photo\"><span class=\"screen-reader-text\">call-media-arts 120221<\/span><\/a>\n\t\t\t\t\t\t\t\t   \t\t\n\t\t\t\t\t\t\t\t\t\t<div class=\"vert-center\">\n\t\t\t\t\t\t\t\t\t\t\t\t\t\t\t\t\t\t\t\t\t<\/div><!--\/vert-center-->\n\n\t\t\t\t\t\t\t\t\t\n\n\t\t\t\t\t\t\t\t<\/div>\n\t\t\t\t\t\t\t<\/div><!--work-item-->\n\n\t\t\t\t\t\t\n\n\t\t\t\t\t\t<\/div><\/div> \n\t\t\t\t\t\t\n\t\t\t\t\t\t\t<div class=\"col span_6  element\" data-project-cat=\"\" data-default-color=\"true\" data-title-color=\"\" data-subtitle-color=\"\">\n\n\t\t\t\t\t\t\t<div class=\"inner-wrap animated\" data-animation=\"none\">\n\n\t\t\t\t\t\t\t\n\t\t\t\t\t\t\t<div class=\"work-item style-2\">\n\n\t\t\t\t\t\t\t\t<img decoding=\"async\" class=\"skip-lazy top-level-image\" src=\"https:\/\/modenafuturacreativa.it\/wp-content\/uploads\/2021\/09\/logo-finale-candidata-colori-600x400.png\" width=\"600\" height=\"400\" alt=\"logo finale candidata colori\" title=\"couleurs du logo du candidat final\" loading=\"lazy\" \/>\n\t\t\t\t\t\t\t\t<div class=\"work-info-bg\"><\/div>\n\t\t\t\t\t\t\t\t<div class=\"work-info\">\n\n\n\t\t\t\t\t\t\t\t\t\t\t\t\t\t\t\t\t   \t\t\t <a href=\"https:\/\/modenafuturacreativa.it\/wp-content\/uploads\/2021\/09\/logo-finale-candidata-colori.png\" class=\"pretty_photo\"><span class=\"screen-reader-text\">couleurs du logo du candidat final<\/span><\/a>\n\t\t\t\t\t\t\t\t   \t\t\n\t\t\t\t\t\t\t\t\t\t<div class=\"vert-center\">\n\t\t\t\t\t\t\t\t\t\t\t\t\t\t\t\t\t\t\t\t\t<\/div><!--\/vert-center-->\n\n\t\t\t\t\t\t\t\t\t\n\n\t\t\t\t\t\t\t\t<\/div>\n\t\t\t\t\t\t\t<\/div><!--work-item-->\n\n\t\t\t\t\t\t\n\n\t\t\t\t\t\t<\/div><\/div> \n\t\t\t\t\t\t<\/div><\/div><\/div>\n\t\t<\/div> \n\t<\/div> \n\t\t\t<\/div> \n\t\t<\/div>\n\t<\/div> \n<\/div><\/div>","protected":false},"excerpt":{"rendered":"Une section du portail Internet municipal est consacr\u00e9e au processus de candidature de Mod\u00e8ne, dans laquelle sont \u00e9galement pr\u00e9sent\u00e9s les espaces et les activit\u00e9s de la ville li\u00e9s au th\u00e8me des \"arts m\u00e9diatiques\"...","protected":false},"author":1,"featured_media":231,"comment_status":"closed","ping_status":"closed","sticky":false,"template":"","format":"standard","meta":{"wpupg_custom_link":[],"wpupg_custom_link_behaviour":[],"wpupg_custom_link_nofollow":[],"wpupg_custom_image":[],"wpupg_custom_image_id":[],"footnotes":""},"categories":[475],"tags":[],"class_list":["post-238","post","type-post","status-publish","format-standard","has-post-thumbnail","category-news"],"_links":{"self":[{"href":"https:\/\/modenafuturacreativa.it\/fr\/wp-json\/wp\/v2\/posts\/238","targetHints":{"allow":["GET"]}}],"collection":[{"href":"https:\/\/modenafuturacreativa.it\/fr\/wp-json\/wp\/v2\/posts"}],"about":[{"href":"https:\/\/modenafuturacreativa.it\/fr\/wp-json\/wp\/v2\/types\/post"}],"author":[{"embeddable":true,"href":"https:\/\/modenafuturacreativa.it\/fr\/wp-json\/wp\/v2\/users\/1"}],"replies":[{"embeddable":true,"href":"https:\/\/modenafuturacreativa.it\/fr\/wp-json\/wp\/v2\/comments?post=238"}],"version-history":[{"count":1,"href":"https:\/\/modenafuturacreativa.it\/fr\/wp-json\/wp\/v2\/posts\/238\/revisions"}],"predecessor-version":[{"id":239,"href":"https:\/\/modenafuturacreativa.it\/fr\/wp-json\/wp\/v2\/posts\/238\/revisions\/239"}],"wp:featuredmedia":[{"embeddable":true,"href":"https:\/\/modenafuturacreativa.it\/fr\/wp-json\/wp\/v2\/media\/231"}],"wp:attachment":[{"href":"https:\/\/modenafuturacreativa.it\/fr\/wp-json\/wp\/v2\/media?parent=238"}],"wp:term":[{"taxonomy":"category","embeddable":true,"href":"https:\/\/modenafuturacreativa.it\/fr\/wp-json\/wp\/v2\/categories?post=238"},{"taxonomy":"post_tag","embeddable":true,"href":"https:\/\/modenafuturacreativa.it\/fr\/wp-json\/wp\/v2\/tags?post=238"}],"curies":[{"name":"wp","href":"https:\/\/api.w.org\/{rel}","templated":true}]}}