{"id":233,"date":"2021-09-14T10:55:47","date_gmt":"2021-09-14T08:55:47","guid":{"rendered":"https:\/\/modenafutura.com\/?p=233"},"modified":"2025-03-21T14:18:27","modified_gmt":"2025-03-21T13:18:27","slug":"citta-creative-unesco-per-modena-candidatura-di-rete","status":"publish","type":"post","link":"https:\/\/modenafuturacreativa.it\/fr\/citta-creative-unesco-per-modena-candidatura-di-rete\/","title":{"rendered":"VILLES CR\u00c9ATIVES DE L'UNESCO, POUR LA CANDIDATURE DU R\u00c9SEAU DE MOD\u00c8NE"},"content":{"rendered":"<div id=\"fws_6a9b7b89bb0ca\"  data-column-margin=\"60px\" data-midnight=\"dark\"  class=\"wpb_row vc_row-fluid vc_row\"  style=\"padding-top: 0px; padding-bottom: 0px; \"><div class=\"row-bg-wrap\" data-bg-animation=\"none\" data-bg-animation-delay=\"\" data-bg-overlay=\"false\"><div class=\"inner-wrap row-bg-layer\" ><div class=\"row-bg viewport-desktop\"  style=\"\"><\/div><\/div><\/div><div class=\"row_col_wrap_12 col span_12 dark left\">\n\t<div  class=\"vc_col-sm-6 wpb_column column_container vc_column_container col no-extra-padding inherit_tablet inherit_phone\"  data-padding-pos=\"all\" data-has-bg-color=\"false\" data-bg-color=\"\" data-bg-opacity=\"1\" data-animation=\"\" data-delay=\"0\" >\n\t\t<div class=\"vc_column-inner\" >\n\t\t\t<div class=\"wpb_wrapper\">\n\t\t\t\t\n<div class=\"wpb_text_column wpb_content_element\" >\n\t<p><strong>Dix sujets culturels de la ville sont coordonn\u00e9s par le conseil municipal au sein du comit\u00e9 de promotion pr\u00e9sent\u00e9 en direct sur Facebook. Bortolamasi : \"Dialogue entre culture et technologie dans les arts m\u00e9diatiques\".<\/strong><\/p>\n<p>\"Nous avons choisi d'axer notre candidature non pas sur le d\u00e9veloppement d'un seul grand projet, mais sur le renforcement du r\u00e9seau existant et sur les d\u00e9veloppements et transformations futurs\". C'est ce qu'a d\u00e9clar\u00e9 Andrea Bortolamasi, conseiller municipal charg\u00e9 de la culture, lors de l'introduction de la r\u00e9union en ligne qui s'est tenue aujourd'hui, vendredi 12 f\u00e9vrier, et au cours de laquelle a \u00e9t\u00e9 pr\u00e9sent\u00e9 le \"Comit\u00e9 de promotion\" de la candidature de Mod\u00e8ne au titre de Ville cr\u00e9ative 2021 de l'Unesco pour les arts m\u00e9diatiques. Un r\u00e9seau, a d\u00e9fini le conseiller, sur lequel la ville peut compter de mani\u00e8re stable et structur\u00e9e. Dix protagonistes de la sc\u00e8ne culturelle de la ville, reli\u00e9s par leurs repr\u00e9sentants par t\u00e9l\u00e9conf\u00e9rence et partageant un protocole, ont rejoint le comit\u00e9 de promotion. En effet, outre le conseiller Bortolamasi et Vittorio Salmoni, coordinateur national des Villes cr\u00e9atives italiennes appartenant au r\u00e9seau de l'Unesco, Donatella Pieri pour la Fondazione di Modena et Diego Teloni pour la Fondazione Brodolini - Laboratorio Aperto ont particip\u00e9 \u00e0 la r\u00e9union en direct sur Facebook ; Gino Lugli et Lorenzo Respi pour Fmav ; Maria Chiara Montecchi pour Gallerie Estensi ; Matteo Al Kalak pour Unimore ; Donatella Solda pour Fem ; Silvia Cassanelli et Chiara Pellacani pour Ert ; Aldo Sisillo pour Fondazione Teatro Comunale ; Sveva Ruggiero pour Art-ER ; Giuliano Albarani pour Fondazione Collegio S. Carlo. Carlo ; Daniele Francesconi, directeur d'Ago, a \u00e9galement particip\u00e9.<\/p>\n<p>La candidature de Mod\u00e8ne, a soulign\u00e9 M. Bortolamasi, se veut une candidature syst\u00e8me, de la ville, dans la perspective d'un red\u00e9marrage post-Covid avec la culture comme facteur de croissance et de d\u00e9veloppement. Une candidature de processus, parce que la transformation de la ville est un processus continu, avec des lieux et des espaces r\u00e9g\u00e9n\u00e9r\u00e9s o\u00f9 dialoguent la culture et la technologie, les connaissances humanistes et scientifiques. Et les sujets, en r\u00e9seau entre eux et avec la municipalit\u00e9, qui ont rejoint le Comit\u00e9 (qui est encore ouvert \u00e0 d'autres r\u00e9alit\u00e9s), sont les points de d\u00e9part d'un processus de transformation vers une ville pensante et cr\u00e9ative, o\u00f9 dialoguent des comp\u00e9tences diff\u00e9rentes\".<\/p>\n<p>Dans son discours, Vittorio Salmoni a expliqu\u00e9 pourquoi et comment Mod\u00e8ne peut pr\u00e9tendre au titre de ville cr\u00e9ative de l'Unesco pour les arts m\u00e9diatiques.<\/p>\n<p>Le R\u00e9seau des villes cr\u00e9atives est en fait un programme de l'Unesco actif depuis 2004, impliquant un r\u00e9seau de 246 villes dans 72 pays sur les cinq continents. L'objectif est de promouvoir la connaissance, la coop\u00e9ration et les projets entre les villes qui ont identifi\u00e9 la culture et la cr\u00e9ativit\u00e9 comme les moteurs de leur d\u00e9veloppement. Les mots d'ordre sont collaboration, partage de connaissances et de bonnes pratiques, confrontation, planification, valorisation du patrimoine culturel immat\u00e9riel.<\/p>\n<p>La r\u00e9union en ligne a vu la pr\u00e9sentation du logo qui accompagnera la candidature, qui a entre-temps \u00e9t\u00e9 s\u00e9lectionn\u00e9e parmi 34 propositions re\u00e7ues dans le cadre d'un \"appel \u00e0 id\u00e9es\" destin\u00e9 aux jeunes \u00e2g\u00e9s de 18 \u00e0 30 ans. Le processus va maintenant se poursuivre avec des initiatives organis\u00e9es et promues par les diff\u00e9rents sujets mis en r\u00e9seau dans le Comit\u00e9, li\u00e9es au th\u00e8me des arts m\u00e9diatiques et pertinentes pour le domaine pour lequel Mod\u00e8ne veut \u00eatre candidate au titre de Ville cr\u00e9ative de l'Unesco 2021. Un site web d\u00e9di\u00e9 est en cours de cr\u00e9ation et fournira des informations sur les sujets culturels impliqu\u00e9s, les actions et les \u00e9v\u00e9nements \u00e0 Mod\u00e8ne li\u00e9s aux arts m\u00e9diatiques.<\/p>\n<\/div>\n\n\n\n\n\t\t\t<\/div> \n\t\t<\/div>\n\t<\/div> \n\n\t<div  class=\"vc_col-sm-6 wpb_column column_container vc_column_container col no-extra-padding inherit_tablet inherit_phone\"  data-padding-pos=\"all\" data-has-bg-color=\"false\" data-bg-color=\"\" data-bg-opacity=\"1\" data-animation=\"\" data-delay=\"0\" >\n\t\t<div class=\"vc_column-inner\" >\n\t\t\t<div class=\"wpb_wrapper\">\n\t\t\t\t\n<div class=\"wpb_text_column wpb_content_element\" >\n\t<h6><strong>GALERIE D'IMAGES<\/strong><\/h6>\n<\/div>\n\n\n\n\n\t<div class=\"wpb_gallery wpb_content_element clearfix\">\n\t\t<div class=\"wpb_wrapper\"><div class=\"wpb_gallery_slidesimage_grid\" data-onclick=\"link_image\" data-interval=\"5\">\n\n\t<div class=\"portfolio-wrap\">\n\n\t\t\t<span class=\"portfolio-loading\"><\/span>\n\n\t\t\t<div class=\"row portfolio-items no-masonry\" data-starting-filter=\"\" data-gutter=\"default\" data-masonry-type=\"default\" data-bypass-cropping=\"\"  data-ps=\"7\" data-loading=\"default\" data-categories-to-show=\"\" data-col-num=\"cols-2\">\n\n\n\n\t\n\t\t\t\t\t\t\t<div class=\"col span_6  element\" data-project-cat=\"\" data-default-color=\"true\" data-title-color=\"\" data-subtitle-color=\"\">\n\n\t\t\t\t\t\t\t<div class=\"inner-wrap animated\" data-animation=\"none\">\n\n\t\t\t\t\t\t\t\n\t\t\t\t\t\t\t<div class=\"work-item style-2\">\n\n\t\t\t\t\t\t\t\t<img decoding=\"async\" class=\"skip-lazy top-level-image\" src=\"https:\/\/modenafuturacreativa.it\/wp-content\/uploads\/2021\/09\/call-media-arts-120221-600x400.jpg\" width=\"600\" height=\"400\" alt=\"call-media-arts 120221\" title=\"call-media-arts 120221\" loading=\"lazy\" \/>\n\t\t\t\t\t\t\t\t<div class=\"work-info-bg\"><\/div>\n\t\t\t\t\t\t\t\t<div class=\"work-info\">\n\n\n\t\t\t\t\t\t\t\t\t\t\t\t\t\t\t\t\t   \t\t\t <a href=\"https:\/\/modenafuturacreativa.it\/wp-content\/uploads\/2021\/09\/call-media-arts-120221.jpg\" class=\"pretty_photo\"><span class=\"screen-reader-text\">call-media-arts 120221<\/span><\/a>\n\t\t\t\t\t\t\t\t   \t\t\n\t\t\t\t\t\t\t\t\t\t<div class=\"vert-center\">\n\t\t\t\t\t\t\t\t\t\t\t\t\t\t\t\t\t\t\t\t\t<\/div><!--\/vert-center-->\n\n\t\t\t\t\t\t\t\t\t\n\n\t\t\t\t\t\t\t\t<\/div>\n\t\t\t\t\t\t\t<\/div><!--work-item-->\n\n\t\t\t\t\t\t\n\n\t\t\t\t\t\t<\/div><\/div> \n\t\t\t\t\t\t\n\t\t\t\t\t\t\t<div class=\"col span_6  element\" data-project-cat=\"\" data-default-color=\"true\" data-title-color=\"\" data-subtitle-color=\"\">\n\n\t\t\t\t\t\t\t<div class=\"inner-wrap animated\" data-animation=\"none\">\n\n\t\t\t\t\t\t\t\n\t\t\t\t\t\t\t<div class=\"work-item style-2\">\n\n\t\t\t\t\t\t\t\t<img decoding=\"async\" class=\"skip-lazy top-level-image\" src=\"https:\/\/modenafuturacreativa.it\/wp-content\/uploads\/2021\/09\/logo-finale-candidata-colori-600x400.png\" width=\"600\" height=\"400\" alt=\"logo finale candidata colori\" title=\"couleurs du logo du candidat final\" loading=\"lazy\" \/>\n\t\t\t\t\t\t\t\t<div class=\"work-info-bg\"><\/div>\n\t\t\t\t\t\t\t\t<div class=\"work-info\">\n\n\n\t\t\t\t\t\t\t\t\t\t\t\t\t\t\t\t\t   \t\t\t <a href=\"https:\/\/modenafuturacreativa.it\/wp-content\/uploads\/2021\/09\/logo-finale-candidata-colori.png\" class=\"pretty_photo\"><span class=\"screen-reader-text\">couleurs du logo du candidat final<\/span><\/a>\n\t\t\t\t\t\t\t\t   \t\t\n\t\t\t\t\t\t\t\t\t\t<div class=\"vert-center\">\n\t\t\t\t\t\t\t\t\t\t\t\t\t\t\t\t\t\t\t\t\t<\/div><!--\/vert-center-->\n\n\t\t\t\t\t\t\t\t\t\n\n\t\t\t\t\t\t\t\t<\/div>\n\t\t\t\t\t\t\t<\/div><!--work-item-->\n\n\t\t\t\t\t\t\n\n\t\t\t\t\t\t<\/div><\/div> \n\t\t\t\t\t\t<\/div><\/div><\/div>\n\t\t<\/div> \n\t<\/div> \n\t\t\t<\/div> \n\t\t<\/div>\n\t<\/div> \n<\/div><\/div>","protected":false},"excerpt":{"rendered":"Dix th\u00e8mes culturels de la ville sont coordonn\u00e9s par le Conseil municipal au sein du Comit\u00e9 de promotion pr\u00e9sent\u00e9 en direct sur Facebook. Bortolamasi : \"Dialogue entre culture et technologie dans les arts m\u00e9diatiques\" \"Nous avons choisi de...","protected":false},"author":1,"featured_media":234,"comment_status":"closed","ping_status":"closed","sticky":false,"template":"","format":"standard","meta":{"wpupg_custom_link":[],"wpupg_custom_link_behaviour":[],"wpupg_custom_link_nofollow":[],"wpupg_custom_image":[],"wpupg_custom_image_id":[],"footnotes":""},"categories":[475],"tags":[],"class_list":["post-233","post","type-post","status-publish","format-standard","has-post-thumbnail","category-news"],"_links":{"self":[{"href":"https:\/\/modenafuturacreativa.it\/fr\/wp-json\/wp\/v2\/posts\/233","targetHints":{"allow":["GET"]}}],"collection":[{"href":"https:\/\/modenafuturacreativa.it\/fr\/wp-json\/wp\/v2\/posts"}],"about":[{"href":"https:\/\/modenafuturacreativa.it\/fr\/wp-json\/wp\/v2\/types\/post"}],"author":[{"embeddable":true,"href":"https:\/\/modenafuturacreativa.it\/fr\/wp-json\/wp\/v2\/users\/1"}],"replies":[{"embeddable":true,"href":"https:\/\/modenafuturacreativa.it\/fr\/wp-json\/wp\/v2\/comments?post=233"}],"version-history":[{"count":2,"href":"https:\/\/modenafuturacreativa.it\/fr\/wp-json\/wp\/v2\/posts\/233\/revisions"}],"predecessor-version":[{"id":236,"href":"https:\/\/modenafuturacreativa.it\/fr\/wp-json\/wp\/v2\/posts\/233\/revisions\/236"}],"wp:featuredmedia":[{"embeddable":true,"href":"https:\/\/modenafuturacreativa.it\/fr\/wp-json\/wp\/v2\/media\/234"}],"wp:attachment":[{"href":"https:\/\/modenafuturacreativa.it\/fr\/wp-json\/wp\/v2\/media?parent=233"}],"wp:term":[{"taxonomy":"category","embeddable":true,"href":"https:\/\/modenafuturacreativa.it\/fr\/wp-json\/wp\/v2\/categories?post=233"},{"taxonomy":"post_tag","embeddable":true,"href":"https:\/\/modenafuturacreativa.it\/fr\/wp-json\/wp\/v2\/tags?post=233"}],"curies":[{"name":"wp","href":"https:\/\/api.w.org\/{rel}","templated":true}]}}