{"id":229,"date":"2021-09-14T10:54:04","date_gmt":"2021-09-14T08:54:04","guid":{"rendered":"https:\/\/modenafutura.com\/?p=229"},"modified":"2025-03-21T14:18:27","modified_gmt":"2025-03-21T13:18:27","slug":"citta-creative-unesco-ecco-comitato-promotore-e-logo","status":"publish","type":"post","link":"https:\/\/modenafuturacreativa.it\/fr\/citta-creative-unesco-ecco-comitato-promotore-e-logo\/","title":{"rendered":"VILLES CR\u00c9ATIVES DE L'UNESCO, COMIT\u00c9 DE PROMOTION ET LOGO"},"content":{"rendered":"<div id=\"fws_6a9b7b8a92153\"  data-column-margin=\"60px\" data-midnight=\"dark\"  class=\"wpb_row vc_row-fluid vc_row\"  style=\"padding-top: 0px; padding-bottom: 0px; \"><div class=\"row-bg-wrap\" data-bg-animation=\"none\" data-bg-animation-delay=\"\" data-bg-overlay=\"false\"><div class=\"inner-wrap row-bg-layer\" ><div class=\"row-bg viewport-desktop\"  style=\"\"><\/div><\/div><\/div><div class=\"row_col_wrap_12 col span_12 dark left\">\n\t<div  class=\"vc_col-sm-6 wpb_column column_container vc_column_container col no-extra-padding inherit_tablet inherit_phone\"  data-padding-pos=\"all\" data-has-bg-color=\"false\" data-bg-color=\"\" data-bg-opacity=\"1\" data-animation=\"\" data-delay=\"0\" >\n\t\t<div class=\"vc_column-inner\" >\n\t\t\t<div class=\"wpb_wrapper\">\n\t\t\t\t\n<div class=\"wpb_text_column wpb_content_element\" >\n\t<p><strong>Vendredi 12 \u00e0 11 heures, pr\u00e9sentation en ligne avec 10 membres. Deux polygones entrelac\u00e9s trac\u00e9s sur les plans du c\u0153ur m\u00e9di\u00e9val et romain de la ville pour signifier des futurs enracin\u00e9s dans l'histoire.<\/strong><\/p>\n<p>Un pas de plus vers la candidature de Mod\u00e8ne comme Ville Cr\u00e9ative 2021 de l'Unesco pour les Arts M\u00e9diatiques. Le vendredi 12 f\u00e9vrier \u00e0 11 heures, les repr\u00e9sentants des dix instituts, organismes et sujets de la sc\u00e8ne culturelle mod\u00e9naise qui, en r\u00e9seau entre eux et avec la municipalit\u00e9, constituent le \"Comit\u00e9 de promotion\" de soutien \u00e0 la candidature, se pr\u00e9senteront en ligne. Par t\u00e9l\u00e9conf\u00e9rence, les repr\u00e9sentants des dix r\u00e9alit\u00e9s partageront virtuellement le protocole de pr\u00e9sentation de la candidature. La r\u00e9union pourra \u00eatre suivie en direct sur Facebook, sur la page \"Ville de Mod\u00e8ne\". \u00c0 cette occasion sera \u00e9galement pr\u00e9sent\u00e9 le logo qui accompagnera tout le processus et qui a \u00e9t\u00e9 s\u00e9lectionn\u00e9 parmi les 34 propositions re\u00e7ues dans le cadre de l'appel \u00e0 id\u00e9es destin\u00e9 aux jeunes \u00e2g\u00e9s de 18 \u00e0 30 ans.<\/p>\n<p>Lors de la r\u00e9union en ligne du vendredi 12 f\u00e9vrier, outre le conseiller pour la culture Andrea Bortolamasi et Vittorio Salmoni, coordinateur national des villes cr\u00e9atives italiennes appartenant au r\u00e9seau de l'Unesco, qui feront la pr\u00e9sentation et le discours d'ouverture, il y aura Donatella Pieri pour la Fondazione di Modena ; Maria Chiara Montecchi pour la Gallerie Estensi - Mibact ; Diego Teloni pour la Fondazione Brodolini - Laboratorio Aperto ; pour la Fmav Gino Lugli et Lorenzo Respi ; pour Unimore Matteo Al Kalak ; Donatella Solda pour Ago - Fem ; Silvia Cassanelli et Chiara Pellacani pour Ert ; pour la Fondazione Teatro Comunale Aldo Sisillo ; pour Art-ER Sveva Ruggiero ; et enfin Giuliano Albarani pour la Fondazione Collegio San Carlo.<\/p>\n<p>Le logo choisi consiste en un \"pictogramme\" g\u00e9om\u00e9trique : deux polygones entrelac\u00e9s, un hexagone et un rectangle. En noir et blanc, le symbole obtenu est pr\u00e9sent\u00e9 en nuances de gris. Polychrome, il reprend les couleurs des armoiries de Mod\u00e8ne : jaune et bleu. Il est accompagn\u00e9 de l'inscription \"Modena, Candidate 2021 Media Arts, Unesco creative cities network\" dans un lettrage tr\u00e8s caract\u00e9ris\u00e9. Un logo tourn\u00e9 vers l'avenir, vers les transformations technologiques\", commente Andrea Bortolamasi, conseiller pour la culture, \"tout comme le d\u00e9fi que nous relevons, forts de nos racines, est tourn\u00e9 vers l'avenir. Celui d'une ville qui a dans son ADN le savoir-faire cr\u00e9atif et qui veut devenir de plus en plus un lieu o\u00f9, avec la culture au centre, les connaissances humanistes et scientifiques dialoguent pour construire les conditions d'un d\u00e9veloppement harmonieux\".<\/p>\n<p>Les auteurs du logo, \"Poltrini &amp; Santunione\" de Vignola, qui ont remport\u00e9 le premier prix de 1 500 euros, d\u00e9crivent leur travail comme suit : \"il a \u00e9t\u00e9 r\u00e9alis\u00e9 en tra\u00e7ant le noyau m\u00e9di\u00e9val et romain de Mod\u00e8ne, un hexagone et un rectangle, comme pictogramme repr\u00e9sentatif du projet Mod\u00e8ne ville candidate des arts m\u00e9diatiques, pour sa capacit\u00e9 \u00e0 \u00e9voquer \u00e0 la fois l'identit\u00e9 de la ville, son lien avec le pass\u00e9 et l'avenir, et la relation qui doit \u00eatre \u00e9tablie entre la technologie et la culture\". La commission, lit-on dans les motifs du choix, a unanimement appr\u00e9ci\u00e9 la proposition, qui exprime efficacement l'interp\u00e9n\u00e9tration des technologies du pass\u00e9, du pr\u00e9sent et du futur, en parfaite coh\u00e9rence avec les objectifs de l'appel \u00e0 candidatures. L'imm\u00e9diatet\u00e9 et la force communicative sont excellentes. Bonne coh\u00e9rence des motivations ; excellente pr\u00e9cision et justesse technique\".<\/p>\n<p>Le R\u00e9seau des villes cr\u00e9atives est un programme de l'Unesco actif depuis 2004, impliquant un r\u00e9seau de 246 villes dans 72 pays sur les cinq continents. L'objectif est de promouvoir la connaissance, la coop\u00e9ration et les projets entre les villes qui ont identifi\u00e9 la culture et la cr\u00e9ativit\u00e9 comme moteurs de leur d\u00e9veloppement. Les mots d'ordre sont collaboration, partage de connaissances et de bonnes pratiques, confrontation, planification, valorisation du patrimoine culturel immat\u00e9riel.<\/p>\n<\/div>\n\n\n\n\n\t\t\t<\/div> \n\t\t<\/div>\n\t<\/div> \n\n\t<div  class=\"vc_col-sm-6 wpb_column column_container vc_column_container col no-extra-padding inherit_tablet inherit_phone\"  data-padding-pos=\"all\" data-has-bg-color=\"false\" data-bg-color=\"\" data-bg-opacity=\"1\" data-animation=\"\" data-delay=\"0\" >\n\t\t<div class=\"vc_column-inner\" >\n\t\t\t<div class=\"wpb_wrapper\">\n\t\t\t\t\n<div class=\"wpb_text_column wpb_content_element\" >\n\t<h6><strong>GALERIE D'IMAGES<\/strong><\/h6>\n<\/div>\n\n\n\n\n\t<div class=\"wpb_gallery wpb_content_element clearfix\">\n\t\t<div class=\"wpb_wrapper\"><div class=\"wpb_gallery_slidesimage_grid\" data-onclick=\"link_image\" data-interval=\"5\">\n\n\t<div class=\"portfolio-wrap\">\n\n\t\t\t<span class=\"portfolio-loading\"><\/span>\n\n\t\t\t<div class=\"row portfolio-items no-masonry\" data-starting-filter=\"\" data-gutter=\"default\" data-masonry-type=\"default\" data-bypass-cropping=\"\"  data-ps=\"7\" data-loading=\"default\" data-categories-to-show=\"\" data-col-num=\"cols-2\">\n\n\n\n\t\n\t\t\t\t\t\t\t<div class=\"col span_6  element\" data-project-cat=\"\" data-default-color=\"true\" data-title-color=\"\" data-subtitle-color=\"\">\n\n\t\t\t\t\t\t\t<div class=\"inner-wrap animated\" data-animation=\"none\">\n\n\t\t\t\t\t\t\t\n\t\t\t\t\t\t\t<div class=\"work-item style-2\">\n\n\t\t\t\t\t\t\t\t<img decoding=\"async\" class=\"skip-lazy top-level-image\" src=\"https:\/\/modenafuturacreativa.it\/wp-content\/uploads\/2021\/09\/logo-finale-candidata-colori-600x400.png\" width=\"600\" height=\"400\" alt=\"logo finale candidata colori\" title=\"couleurs du logo du candidat final\" loading=\"lazy\" \/>\n\t\t\t\t\t\t\t\t<div class=\"work-info-bg\"><\/div>\n\t\t\t\t\t\t\t\t<div class=\"work-info\">\n\n\n\t\t\t\t\t\t\t\t\t\t\t\t\t\t\t\t\t   \t\t\t <a href=\"https:\/\/modenafuturacreativa.it\/wp-content\/uploads\/2021\/09\/logo-finale-candidata-colori.png\" class=\"pretty_photo\"><span class=\"screen-reader-text\">couleurs du logo du candidat final<\/span><\/a>\n\t\t\t\t\t\t\t\t   \t\t\n\t\t\t\t\t\t\t\t\t\t<div class=\"vert-center\">\n\t\t\t\t\t\t\t\t\t\t\t\t\t\t\t\t\t\t\t\t\t<\/div><!--\/vert-center-->\n\n\t\t\t\t\t\t\t\t\t\n\n\t\t\t\t\t\t\t\t<\/div>\n\t\t\t\t\t\t\t<\/div><!--work-item-->\n\n\t\t\t\t\t\t\n\n\t\t\t\t\t\t<\/div><\/div> \n\t\t\t\t\t\t\n\t\t\t\t\t\t\t<div class=\"col span_6  element\" data-project-cat=\"\" data-default-color=\"true\" data-title-color=\"\" data-subtitle-color=\"\">\n\n\t\t\t\t\t\t\t<div class=\"inner-wrap animated\" data-animation=\"none\">\n\n\t\t\t\t\t\t\t\n\t\t\t\t\t\t\t<div class=\"work-item style-2\">\n\n\t\t\t\t\t\t\t\t<img decoding=\"async\" class=\"skip-lazy top-level-image\" src=\"https:\/\/modenafuturacreativa.it\/wp-content\/uploads\/2021\/09\/logo-finale-candidata-nero-600x400.png\" width=\"600\" height=\"400\" alt=\"logo finale candidata nero\" title=\"logo du candidat final noir\" loading=\"lazy\" \/>\n\t\t\t\t\t\t\t\t<div class=\"work-info-bg\"><\/div>\n\t\t\t\t\t\t\t\t<div class=\"work-info\">\n\n\n\t\t\t\t\t\t\t\t\t\t\t\t\t\t\t\t\t   \t\t\t <a href=\"https:\/\/modenafuturacreativa.it\/wp-content\/uploads\/2021\/09\/logo-finale-candidata-nero.png\" class=\"pretty_photo\"><span class=\"screen-reader-text\">logo du candidat final noir<\/span><\/a>\n\t\t\t\t\t\t\t\t   \t\t\n\t\t\t\t\t\t\t\t\t\t<div class=\"vert-center\">\n\t\t\t\t\t\t\t\t\t\t\t\t\t\t\t\t\t\t\t\t\t<\/div><!--\/vert-center-->\n\n\t\t\t\t\t\t\t\t\t\n\n\t\t\t\t\t\t\t\t<\/div>\n\t\t\t\t\t\t\t<\/div><!--work-item-->\n\n\t\t\t\t\t\t\n\n\t\t\t\t\t\t<\/div><\/div> \n\t\t\t\t\t\t<\/div><\/div><\/div>\n\t\t<\/div> \n\t<\/div> \n\t\t\t<\/div> \n\t\t<\/div>\n\t<\/div> \n<\/div><\/div>","protected":false},"excerpt":{"rendered":"Vendredi 12 \u00e0 11h pr\u00e9sentation en ligne avec 10 membres Deux polygones entrelac\u00e9s trac\u00e9s sur les plans du c\u0153ur m\u00e9di\u00e9val et romain de la ville pour signifier des futurs enracin\u00e9s dans l'histoire Un autre...","protected":false},"author":1,"featured_media":230,"comment_status":"closed","ping_status":"closed","sticky":false,"template":"","format":"standard","meta":{"wpupg_custom_link":[],"wpupg_custom_link_behaviour":[],"wpupg_custom_link_nofollow":[],"wpupg_custom_image":[],"wpupg_custom_image_id":[],"footnotes":""},"categories":[475],"tags":[],"class_list":["post-229","post","type-post","status-publish","format-standard","has-post-thumbnail","category-news"],"_links":{"self":[{"href":"https:\/\/modenafuturacreativa.it\/fr\/wp-json\/wp\/v2\/posts\/229","targetHints":{"allow":["GET"]}}],"collection":[{"href":"https:\/\/modenafuturacreativa.it\/fr\/wp-json\/wp\/v2\/posts"}],"about":[{"href":"https:\/\/modenafuturacreativa.it\/fr\/wp-json\/wp\/v2\/types\/post"}],"author":[{"embeddable":true,"href":"https:\/\/modenafuturacreativa.it\/fr\/wp-json\/wp\/v2\/users\/1"}],"replies":[{"embeddable":true,"href":"https:\/\/modenafuturacreativa.it\/fr\/wp-json\/wp\/v2\/comments?post=229"}],"version-history":[{"count":2,"href":"https:\/\/modenafuturacreativa.it\/fr\/wp-json\/wp\/v2\/posts\/229\/revisions"}],"predecessor-version":[{"id":237,"href":"https:\/\/modenafuturacreativa.it\/fr\/wp-json\/wp\/v2\/posts\/229\/revisions\/237"}],"wp:featuredmedia":[{"embeddable":true,"href":"https:\/\/modenafuturacreativa.it\/fr\/wp-json\/wp\/v2\/media\/230"}],"wp:attachment":[{"href":"https:\/\/modenafuturacreativa.it\/fr\/wp-json\/wp\/v2\/media?parent=229"}],"wp:term":[{"taxonomy":"category","embeddable":true,"href":"https:\/\/modenafuturacreativa.it\/fr\/wp-json\/wp\/v2\/categories?post=229"},{"taxonomy":"post_tag","embeddable":true,"href":"https:\/\/modenafuturacreativa.it\/fr\/wp-json\/wp\/v2\/tags?post=229"}],"curies":[{"name":"wp","href":"https:\/\/api.w.org\/{rel}","templated":true}]}}