{"id":225,"date":"2021-09-14T10:48:52","date_gmt":"2021-09-14T08:48:52","guid":{"rendered":"https:\/\/modenafutura.com\/?p=225"},"modified":"2025-03-21T14:18:27","modified_gmt":"2025-03-21T13:18:27","slug":"citta-creative-modena-si-e-presentata-a-unesco-italia","status":"publish","type":"post","link":"https:\/\/modenafuturacreativa.it\/fr\/citta-creative-modena-si-e-presentata-a-unesco-italia\/","title":{"rendered":"LES VILLES CR\u00c9ATIVES DE MOD\u00c8NE SOUMISES \u00c0 L'UNESCO ITALIE"},"content":{"rendered":"<div id=\"fws_6a9b7b9b22f46\"  data-column-margin=\"60px\" data-midnight=\"dark\"  class=\"wpb_row vc_row-fluid vc_row\"  style=\"padding-top: 0px; padding-bottom: 0px; \"><div class=\"row-bg-wrap\" data-bg-animation=\"none\" data-bg-animation-delay=\"\" data-bg-overlay=\"false\"><div class=\"inner-wrap row-bg-layer\" ><div class=\"row-bg viewport-desktop\"  style=\"\"><\/div><\/div><\/div><div class=\"row_col_wrap_12 col span_12 dark left\">\n\t<div  class=\"vc_col-sm-6 wpb_column column_container vc_column_container col no-extra-padding inherit_tablet inherit_phone\"  data-padding-pos=\"all\" data-has-bg-color=\"false\" data-bg-color=\"\" data-bg-opacity=\"1\" data-animation=\"\" data-delay=\"0\" >\n\t\t<div class=\"vc_column-inner\" >\n\t\t\t<div class=\"wpb_wrapper\">\n\t\t\t\t\n<div class=\"wpb_text_column wpb_content_element\" >\n\t<p><strong>Le chemin vers la candidature se poursuit. R\u00e9union en ligne entre le maire Muzzarelli, le conseiller Bortolamasi, l'ambassadeur de l'Unesco Riccardo et le secr\u00e9taire g\u00e9n\u00e9ral Vicenti.<\/strong><\/p>\n<p>Une nouvelle \u00e9tape dans la candidature de Mod\u00e8ne au titre de Ville cr\u00e9ative 2021 de l'Unesco pour les \"arts m\u00e9diatiques\". Il y a quelques jours, une r\u00e9union en ligne a \u00e9t\u00e9 organis\u00e9e au cours de laquelle le maire Gian Carlo Muzzarelli et le conseiller pour la culture Andrea Bortolamasi ont fait part \u00e0 Massimo Riccardo, ambassadeur italien de l'Unesco \u00e0 Paris, et \u00e0 Enrico Vicenti, secr\u00e9taire g\u00e9n\u00e9ral de la Commission nationale italienne de l'Unesco, de l'intention de la ville de poser sa candidature. Vittorio Salmoni, coordinateur national des villes cr\u00e9atives italiennes appartenant au r\u00e9seau de l'Unesco, a \u00e9galement particip\u00e9 \u00e0 la t\u00e9l\u00e9conf\u00e9rence.<\/p>\n<p>Lors de la r\u00e9union, le maire et le conseiller municipal, en annon\u00e7ant leur intention de pr\u00e9senter la candidature de Mod\u00e8ne, ont soulign\u00e9 l'int\u00e9r\u00eat de la ville \u00e0 rejoindre un r\u00e9seau de plus de 200 villes dans le monde qui se caract\u00e9risent, y compris en termes de promotion, par l'excellence dans les secteurs culturels. La candidature de Mod\u00e8ne au titre de Ville cr\u00e9ative de l'Unesco 2021 serait la premi\u00e8re d'une ville italienne dans le \"cluster\" des arts m\u00e9diatiques, signe d'une r\u00e9alit\u00e9 qui investit dans le num\u00e9rique et les technologies appliqu\u00e9es aux langages culturels.<\/p>\n<p>Le R\u00e9seau des villes cr\u00e9atives est un programme de l'Unesco actif depuis 2004, impliquant un r\u00e9seau de 246 villes dans 72 pays sur les cinq continents. L'objectif est de promouvoir la connaissance, la coop\u00e9ration et les projets entre les villes qui ont identifi\u00e9 la culture et la cr\u00e9ativit\u00e9 comme les moteurs de leur d\u00e9veloppement. Les mots d'ordre sont collaboration, partage de connaissances et de bonnes pratiques, confrontation, planification, valorisation du patrimoine culturel immat\u00e9riel. Gr\u00e2ce au r\u00e9seau, dans sept domaines par secteurs culturels - musique, litt\u00e9rature, artisanat et traditions populaires, design, arts m\u00e9diatiques, gastronomie, cin\u00e9ma - les villes peuvent valoriser leurs exp\u00e9riences et leurs comp\u00e9tences sur les march\u00e9s nationaux et internationaux.<\/p>\n<p>Le processus de candidature se poursuit maintenant avec le choix du \"logo\" qui l'accompagnera et avec le partage du protocole qui constituera le \"Comit\u00e9 de promotion\" qui soutiendra la candidature, compos\u00e9 de repr\u00e9sentants d'instituts, d'organisations et de sujets de la sc\u00e8ne culturelle mod\u00e9naise en r\u00e9seau les uns avec les autres et avec la municipalit\u00e9.<\/p>\n<\/div>\n\n\n\n\n\t\t\t<\/div> \n\t\t<\/div>\n\t<\/div> \n\n\t<div  class=\"vc_col-sm-6 wpb_column column_container vc_column_container col no-extra-padding inherit_tablet inherit_phone\"  data-padding-pos=\"all\" data-has-bg-color=\"false\" data-bg-color=\"\" data-bg-opacity=\"1\" data-animation=\"\" data-delay=\"0\" >\n\t\t<div class=\"vc_column-inner\" >\n\t\t\t<div class=\"wpb_wrapper\">\n\t\t\t\t<div class=\"img-with-aniamtion-wrap\" data-max-width=\"100%\" data-max-width-mobile=\"default\" data-shadow=\"none\" data-animation=\"fade-in\" >\n      <div class=\"inner\">\n        <div class=\"hover-wrap\"> \n          <div class=\"hover-wrap-inner\">\n            <a href=\"https:\/\/modenafuturacreativa.it\/wp-content\/uploads\/2021\/09\/2K6A4021.jpg\" class=\"pp\" title=\"Le maire de Mod\u00e8ne Gian Carlo Muzzarelli en t\u00e9l\u00e9conf\u00e9rence avec Massimo Riccardo, ambassadeur italien de l&#039;Unesco \u00e0 Paris\">\n              <img loading=\"lazy\" decoding=\"async\" class=\"img-with-animation skip-lazy\" data-delay=\"0\" height=\"960\" width=\"1440\" data-animation=\"fade-in\" src=\"https:\/\/modenafuturacreativa.it\/wp-content\/uploads\/2021\/09\/2K6A4021.jpg\" alt=\"\" srcset=\"https:\/\/modenafuturacreativa.it\/wp-content\/uploads\/2021\/09\/2K6A4021.jpg 1440w, https:\/\/modenafuturacreativa.it\/wp-content\/uploads\/2021\/09\/2K6A4021-300x200.jpg 300w, https:\/\/modenafuturacreativa.it\/wp-content\/uploads\/2021\/09\/2K6A4021-1024x683.jpg 1024w, https:\/\/modenafuturacreativa.it\/wp-content\/uploads\/2021\/09\/2K6A4021-768x512.jpg 768w, https:\/\/modenafuturacreativa.it\/wp-content\/uploads\/2021\/09\/2K6A4021-900x600.jpg 900w\" sizes=\"auto, (max-width: 1440px) 100vw, 1440px\" \/>\n            <\/a>\n          <\/div>\n        <\/div>\n         \n      <\/div>\n      <\/div>\n<div class=\"wpb_text_column wpb_content_element\" >\n\t<p><em>Le maire de Mod\u00e8ne Gian Carlo Muzzarelli en t\u00e9l\u00e9conf\u00e9rence avec Massimo Riccardo, ambassadeur italien de l'Unesco \u00e0 Paris<\/em><\/p>\n<\/div>\n\n\n\n\n\t\t\t<\/div> \n\t\t<\/div>\n\t<\/div> \n<\/div><\/div>","protected":false},"excerpt":{"rendered":"Le chemin vers la candidature continue. R\u00e9union en ligne entre le maire Muzzarelli, le conseiller Bortolamasi, l'ambassadeur de l'Unesco Riccardo et le secr\u00e9taire g\u00e9n\u00e9ral Vicenti Une nouvelle \u00e9tape dans le parcours...","protected":false},"author":1,"featured_media":226,"comment_status":"closed","ping_status":"closed","sticky":false,"template":"","format":"standard","meta":{"wpupg_custom_link":[],"wpupg_custom_link_behaviour":[],"wpupg_custom_link_nofollow":[],"wpupg_custom_image":[],"wpupg_custom_image_id":[],"footnotes":""},"categories":[475],"tags":[],"class_list":["post-225","post","type-post","status-publish","format-standard","has-post-thumbnail","category-news"],"_links":{"self":[{"href":"https:\/\/modenafuturacreativa.it\/fr\/wp-json\/wp\/v2\/posts\/225","targetHints":{"allow":["GET"]}}],"collection":[{"href":"https:\/\/modenafuturacreativa.it\/fr\/wp-json\/wp\/v2\/posts"}],"about":[{"href":"https:\/\/modenafuturacreativa.it\/fr\/wp-json\/wp\/v2\/types\/post"}],"author":[{"embeddable":true,"href":"https:\/\/modenafuturacreativa.it\/fr\/wp-json\/wp\/v2\/users\/1"}],"replies":[{"embeddable":true,"href":"https:\/\/modenafuturacreativa.it\/fr\/wp-json\/wp\/v2\/comments?post=225"}],"version-history":[{"count":2,"href":"https:\/\/modenafuturacreativa.it\/fr\/wp-json\/wp\/v2\/posts\/225\/revisions"}],"predecessor-version":[{"id":228,"href":"https:\/\/modenafuturacreativa.it\/fr\/wp-json\/wp\/v2\/posts\/225\/revisions\/228"}],"wp:featuredmedia":[{"embeddable":true,"href":"https:\/\/modenafuturacreativa.it\/fr\/wp-json\/wp\/v2\/media\/226"}],"wp:attachment":[{"href":"https:\/\/modenafuturacreativa.it\/fr\/wp-json\/wp\/v2\/media?parent=225"}],"wp:term":[{"taxonomy":"category","embeddable":true,"href":"https:\/\/modenafuturacreativa.it\/fr\/wp-json\/wp\/v2\/categories?post=225"},{"taxonomy":"post_tag","embeddable":true,"href":"https:\/\/modenafuturacreativa.it\/fr\/wp-json\/wp\/v2\/tags?post=225"}],"curies":[{"name":"wp","href":"https:\/\/api.w.org\/{rel}","templated":true}]}}