{"id":223,"date":"2021-09-14T10:44:35","date_gmt":"2021-09-14T08:44:35","guid":{"rendered":"https:\/\/modenafutura.com\/?p=223"},"modified":"2025-03-21T14:18:27","modified_gmt":"2025-03-21T13:18:27","slug":"un-logo-per-modena-citta-creativa-unesco-media-arts-2021","status":"publish","type":"post","link":"https:\/\/modenafuturacreativa.it\/fr\/un-logo-per-modena-citta-creativa-unesco-media-arts-2021\/","title":{"rendered":"UN LOGO POUR LA VILLE CR\u00c9ATIVE DE MOD\u00c8NE UNESCO MEDIA ARTS 2021"},"content":{"rendered":"<div id=\"fws_6a9b7b8b69a15\"  data-column-margin=\"60px\" data-midnight=\"dark\"  class=\"wpb_row vc_row-fluid vc_row\"  style=\"padding-top: 0px; padding-bottom: 0px; \"><div class=\"row-bg-wrap\" data-bg-animation=\"none\" data-bg-animation-delay=\"\" data-bg-overlay=\"false\"><div class=\"inner-wrap row-bg-layer\" ><div class=\"row-bg viewport-desktop\"  style=\"\"><\/div><\/div><\/div><div class=\"row_col_wrap_12 col span_12 dark left\">\n\t<div  class=\"vc_col-sm-6 wpb_column column_container vc_column_container col no-extra-padding inherit_tablet inherit_phone\"  data-padding-pos=\"all\" data-has-bg-color=\"false\" data-bg-color=\"\" data-bg-opacity=\"1\" data-animation=\"\" data-delay=\"0\" >\n\t\t<div class=\"vc_column-inner\" >\n\t\t\t<div class=\"wpb_wrapper\">\n\t\t\t\t\n<div class=\"wpb_text_column wpb_content_element\" >\n\t<p><strong>Appel \u00e0 id\u00e9es\" pour les jeunes \u00e2g\u00e9s de 18 \u00e0 30 ans publi\u00e9 sur le site web. Date limite : 15 janvier <\/strong><\/p>\n<p>La municipalit\u00e9 de Mod\u00e8ne a publi\u00e9 sur son site web l'\"appel \u00e0 id\u00e9es\" pour identifier une marque de logotype qui identifiera \"Mod\u00e8ne Ville Cr\u00e9ative Unesco 2021\" dans le cluster des Arts M\u00e9diatiques pendant le processus de candidature. L'initiative vise \u00e0 offrir aux jeunes de nouvelles opportunit\u00e9s de participation active et d'implication dans la vie culturelle du territoire. Les participants, individuellement ou en groupe de quatre au maximum, doivent \u00eatre \u00e2g\u00e9s de 18 \u00e0 30 ans. L'objectif de l'appel \u00e0 candidatures est d'identifier une marque capable de communiquer de mani\u00e8re forte et coh\u00e9rente la candidature avec un \u00e9l\u00e9ment graphique r\u00e9sumant ses valeurs directrices. La marque choisie sera utilis\u00e9e dans le processus de candidature par la municipalit\u00e9 et les partenaires du projet. Si Mod\u00e8ne est d\u00e9sign\u00e9e, elle sera compl\u00e9t\u00e9e par le symbole de l'Unesco et utilis\u00e9e, dans cette deuxi\u00e8me version, au cours des quatre ann\u00e9es suivantes, jusqu'\u00e0 ce que la ville maintienne sa position dans le domaine des arts m\u00e9diatiques. L'appel \u00e0 candidatures avec les informations, les proc\u00e9dures et les formulaires de candidature est en ligne sur le site de la municipalit\u00e9 (www.comune.modena.it et www.comune.modena.it\/cultura). Pour de plus amples informations, vous pouvez contacter l'adresse \u00e9lectronique du Bureau de la culture (settore.cultura@comune.modena.it) en indiquant l'objet de votre candidature et votre num\u00e9ro de t\u00e9l\u00e9phone o\u00f9 vous serez rappel\u00e9. La date limite est fix\u00e9e au 15 janvier 2021. Un prix de mille cinq cents euros sera attribu\u00e9 \u00e0 la proposition choisie par un comit\u00e9. Pour les deuxi\u00e8me et troisi\u00e8me places, le prix s'\u00e9l\u00e8vera respectivement \u00e0 800 et 500 euros. Le logo doit \u00eatre original, caract\u00e9ris\u00e9 pour les Arts m\u00e9diatiques et sans rapport avec le site du patrimoine mondial de l'Unesco de Piazza Grande avec la cath\u00e9drale et Ghirlandina ; il doit \u00eatre hautement reconnaissable et polyvalent dans toutes les dimensions sans perdre en efficacit\u00e9 et en lisibilit\u00e9 ; il doit \u00e9galement pouvoir \u00eatre utilis\u00e9 en noir et blanc, s'il doit \u00eatre utilis\u00e9 en couleur, et \u00eatre facile \u00e0 placer \u00e0 c\u00f4t\u00e9 du logo de l'Unesco, ainsi que des armoiries de la municipalit\u00e9 de Mod\u00e8ne ou d'autres partenaires ; il doit \u00eatre disponible en italien et en anglais. La proposition doit r\u00e9pondre \u00e0 la n\u00e9cessit\u00e9 d'une utilisation sur diff\u00e9rents supports de communication, notamment : portail web, r\u00e9seaux sociaux, affiches, audiovisuel et multim\u00e9dia, merchandising. L'id\u00e9e cr\u00e9ative propos\u00e9e doit \u00eatre accompagn\u00e9e de la motivation et du manuel d'utilisation. La commission \u00e9valuera les propositions en fonction de leur coh\u00e9rence avec l'identit\u00e9 et les objectifs du projet Modena Creative City Unesco 2021 Media Arts ; l'imm\u00e9diatet\u00e9 et la force communicative ; la coh\u00e9rence des motivations avec la proposition ; la pr\u00e9cision et l'exactitude technique. La candidature de Mod\u00e8ne comme Ville Cr\u00e9ative Unesco 2021 est la premi\u00e8re d'une ville italienne dans le \"cluster\" Media Arts, dans le signe d'une r\u00e9alit\u00e9 qui investit dans le num\u00e9rique et les technologies appliqu\u00e9es aux langages culturels dans une ville qui, \u00e9galement en raison de ses grandes transformations urbaines, a identifi\u00e9 la culture comme un fil conducteur fondamental. Le R\u00e9seau des villes cr\u00e9atives est un programme de l'Unesco actif depuis 2004, impliquant un r\u00e9seau de plus de 200 villes de 72 pays sur les cinq continents. L'objectif du r\u00e9seau est de promouvoir la connaissance, la coop\u00e9ration et les projets entre les villes qui ont identifi\u00e9 la culture et la cr\u00e9ativit\u00e9 comme moteur de leur d\u00e9veloppement. Les mots d'ordre sont collaboration, partage de connaissances et de bonnes pratiques, confrontation, planification, valorisation du patrimoine culturel immat\u00e9riel. Gr\u00e2ce au r\u00e9seau, dans sept domaines correspondant \u00e0 autant de secteurs culturels - musique, litt\u00e9rature, artisanat et traditions populaires, design, arts m\u00e9diatiques, gastronomie, cin\u00e9ma - les villes peuvent valoriser leurs exp\u00e9riences et leurs comp\u00e9tences sur les march\u00e9s nationaux et internationaux.<\/p>\n<\/div>\n\n\n\n\n\t\t\t<\/div> \n\t\t<\/div>\n\t<\/div> \n\n\t<div  class=\"vc_col-sm-6 wpb_column column_container vc_column_container col no-extra-padding inherit_tablet inherit_phone\"  data-padding-pos=\"all\" data-has-bg-color=\"false\" data-bg-color=\"\" data-bg-opacity=\"1\" data-animation=\"\" data-delay=\"0\" >\n\t\t<div class=\"vc_column-inner\" >\n\t\t\t<div class=\"wpb_wrapper\">\n\t\t\t\t<div class=\"img-with-aniamtion-wrap\" data-max-width=\"100%\" data-max-width-mobile=\"default\" data-shadow=\"none\" data-animation=\"fade-in\" >\n      <div class=\"inner\">\n        <div class=\"hover-wrap\"> \n          <div class=\"hover-wrap-inner\">\n            <img loading=\"lazy\" decoding=\"async\" class=\"img-with-animation skip-lazy\" data-delay=\"0\" height=\"100\" width=\"100\" data-animation=\"fade-in\" src=\"https:\/\/modenafuturacreativa.it\/wp-content\/uploads\/2021\/09\/modena-futura-creativa-logo.svg\" alt=\"\"  \/>\n          <\/div>\n        <\/div>\n        \n      <\/div>\n    <\/div>\n\t\t\t<\/div> \n\t\t<\/div>\n\t<\/div> \n<\/div><\/div>","protected":false},"excerpt":{"rendered":"La municipalit\u00e9 de Mod\u00e8ne a publi\u00e9 sur son site Internet l'\"appel \u00e0 id\u00e9es\" destin\u00e9 aux jeunes de 18 \u00e0 30 ans. Date limite 15 janvier La municipalit\u00e9 de Mod\u00e8ne a publi\u00e9 sur son site web l'\"appel \u00e0...","protected":false},"author":1,"featured_media":8,"comment_status":"closed","ping_status":"closed","sticky":false,"template":"","format":"standard","meta":{"wpupg_custom_link":[],"wpupg_custom_link_behaviour":[],"wpupg_custom_link_nofollow":[],"wpupg_custom_image":[],"wpupg_custom_image_id":[],"footnotes":""},"categories":[475],"tags":[],"class_list":["post-223","post","type-post","status-publish","format-standard","has-post-thumbnail","category-news"],"_links":{"self":[{"href":"https:\/\/modenafuturacreativa.it\/fr\/wp-json\/wp\/v2\/posts\/223","targetHints":{"allow":["GET"]}}],"collection":[{"href":"https:\/\/modenafuturacreativa.it\/fr\/wp-json\/wp\/v2\/posts"}],"about":[{"href":"https:\/\/modenafuturacreativa.it\/fr\/wp-json\/wp\/v2\/types\/post"}],"author":[{"embeddable":true,"href":"https:\/\/modenafuturacreativa.it\/fr\/wp-json\/wp\/v2\/users\/1"}],"replies":[{"embeddable":true,"href":"https:\/\/modenafuturacreativa.it\/fr\/wp-json\/wp\/v2\/comments?post=223"}],"version-history":[{"count":1,"href":"https:\/\/modenafuturacreativa.it\/fr\/wp-json\/wp\/v2\/posts\/223\/revisions"}],"predecessor-version":[{"id":224,"href":"https:\/\/modenafuturacreativa.it\/fr\/wp-json\/wp\/v2\/posts\/223\/revisions\/224"}],"wp:featuredmedia":[{"embeddable":true,"href":"https:\/\/modenafuturacreativa.it\/fr\/wp-json\/wp\/v2\/media\/8"}],"wp:attachment":[{"href":"https:\/\/modenafuturacreativa.it\/fr\/wp-json\/wp\/v2\/media?parent=223"}],"wp:term":[{"taxonomy":"category","embeddable":true,"href":"https:\/\/modenafuturacreativa.it\/fr\/wp-json\/wp\/v2\/categories?post=223"},{"taxonomy":"post_tag","embeddable":true,"href":"https:\/\/modenafuturacreativa.it\/fr\/wp-json\/wp\/v2\/tags?post=223"}],"curies":[{"name":"wp","href":"https:\/\/api.w.org\/{rel}","templated":true}]}}