{"id":2198,"date":"2023-05-23T15:53:28","date_gmt":"2023-05-23T13:53:28","guid":{"rendered":"https:\/\/modenafuturacreativa.it\/?p=2198"},"modified":"2025-03-21T14:18:26","modified_gmt":"2025-03-21T13:18:26","slug":"la-casa-editrice-il-dondolo-al-salone-del-libro-di-torino","status":"publish","type":"post","link":"https:\/\/modenafuturacreativa.it\/fr\/la-casa-editrice-il-dondolo-al-salone-del-libro-di-torino\/","title":{"rendered":"La maison d'\u00e9dition \"Il Dondolo\" au Salon du livre de Turin"},"content":{"rendered":"<div id=\"fws_6a9b7b9b2f7b4\"  data-column-margin=\"60px\" data-midnight=\"dark\"  class=\"wpb_row vc_row-fluid vc_row\"  style=\"padding-top: 0px; padding-bottom: 0px; \"><div class=\"row-bg-wrap\" data-bg-animation=\"none\" data-bg-animation-delay=\"\" data-bg-overlay=\"false\"><div class=\"inner-wrap row-bg-layer\" ><div class=\"row-bg viewport-desktop\"  style=\"\"><\/div><\/div><\/div><div class=\"row_col_wrap_12 col span_12 dark left\">\n\t<div  class=\"vc_col-sm-12 wpb_column column_container vc_column_container col no-extra-padding inherit_tablet inherit_phone\"  data-padding-pos=\"all\" data-has-bg-color=\"false\" data-bg-color=\"\" data-bg-opacity=\"1\" data-animation=\"\" data-delay=\"0\" >\n\t\t<div class=\"vc_column-inner\" >\n\t\t\t<div class=\"wpb_wrapper\">\n\t\t\t\t<div class=\"divider-wrap\" data-alignment=\"default\"><div style=\"height: 5vh;\" class=\"divider\"><\/div><\/div><div id=\"fws_6a9b7b9b2fc57\" data-midnight=\"\" data-column-margin=\"default\" class=\"wpb_row vc_row-fluid vc_row inner_row\"  style=\"\"><div class=\"row-bg-wrap\"> <div class=\"row-bg\" ><\/div> <\/div><div class=\"row_col_wrap_12_inner col span_12  left\">\n\t<div  class=\"vc_col-sm-12 wpb_column column_container vc_column_container col child_column no-extra-padding inherit_tablet inherit_phone\"   data-padding-pos=\"all\" data-has-bg-color=\"false\" data-bg-color=\"\" data-bg-opacity=\"1\" data-animation=\"\" data-delay=\"0\" >\n\t\t<div class=\"vc_column-inner\" >\n\t\t<div class=\"wpb_wrapper\">\n\t\t\t\n<div class=\"wpb_text_column wpb_content_element\" >\n\t<h3 id=\"parent-fieldname-description\" class=\"documentDescription\"><strong>Le vendredi 19 mai, \u00e0 12h30, pr\u00e9sentation des activit\u00e9s et des nouveaut\u00e9s. Campagne d'affichage th\u00e9matique sur les dauphins, Mod\u00e8ne, Sognalib(e)ro et les livres d'art<\/strong><\/h3>\n<div id=\"viewlet-above-content-body\"><\/div>\n<div><\/div>\n<div id=\"content-core\">\n<div id=\"parent-fieldname-text\" class=\"plain\">\n<p>Il Dondolo, la maison d'\u00e9dition num\u00e9rique de la municipalit\u00e9 de Mod\u00e8ne, revient \u00e0 la Foire du livre de Turin, o\u00f9 elle s'\u00e9tait d\u00e9j\u00e0 rendue en 2017, ann\u00e9e de sa fondation, pour pr\u00e9senter les caract\u00e9ristiques et les activit\u00e9s d'une exp\u00e9rience citoyenne unique en Italie, qui a atteint 69 titres dans son catalogue et d\u00e9pass\u00e9 les cent mille t\u00e9l\u00e9chargements.<\/p>\n<p>Dans le cadre de la pr\u00e9sentation, pr\u00e9vue le vendredi 19 mai \u00e0 12h30, Andrea Bortolamasi, conseiller municipal charg\u00e9 de la culture \u00e0 Mod\u00e8ne, et Beppe Cottafavi, directeur d'\u00e9dition, pr\u00e9senteront \u00e9galement les nouveaut\u00e9s : \"Casa d'altri\" de Silvio D'Arzo, \"Io bambino cretino\", le premier roman de Salvo Cotrino, le libraire d'occasion de la via Canalino, et, un an apr\u00e8s sa mort, le recueil d'\u00e9crits d'Adriana Querz\u00e8 intitul\u00e9 \"Scuola, citt\u00e0, relazioni. Le regard au-del\u00e0 du pr\u00e9sent d'Adriana Querz\u00e8\".<\/p>\n<p>\u00c0 l'occasion de sa participation au Salone, Mod\u00e8ne a lanc\u00e9 une campagne de communication, avec des affiches et des cartes postales, qui met l'accent sur quatre th\u00e8mes principaux du Dondolo : \"Mod\u00e8ne et ses terres\", avec des r\u00e9cits d'Ugo Cornia, Barbara Baraldi, Francesca Bussi et Sandro Campani ; \"Antonio Delfini. Un grand \u00e9crivain du XXe si\u00e8cle\", avec des textes de Delfini lui-m\u00eame, Cesare Garboli, Natalia Ginzburg et Pier Paolo Pasolini ; \"Dondoli d'arte\" avec les chefs-d'\u0153uvre de la Galleria Estense racont\u00e9s par Martina Bagnoli, les histoires de Paul Campani, les \u0153uvres de Cesare Leonardi et Gianni Valbonesi ; le \"Sognalib(e)ro\", avec les histoires de d\u00e9tenus dans les prisons italiennes. La particularit\u00e9 de cette campagne est que tous les titres s\u00e9lectionn\u00e9s peuvent \u00eatre t\u00e9l\u00e9charg\u00e9s gratuitement gr\u00e2ce au code QR situ\u00e9 sous chaque image.<\/p>\n<p>Comme le souligne le conseiller Bortolamasi, \"au Salon du livre, nous pr\u00e9senterons un r\u00e9cit choral de notre territoire, avec ses histoires et ses protagonistes. Nous sommes heureux de pouvoir raconter un projet qui grandit et qui \u00e9largit son catalogue. De plus, avec la campagne d'affichage \"interactive\", nous essayons d'encourager la lecture pour tous et chacun avec un geste simple et d\u00e9sormais habituel comme l'encadrement d'un QR Code qui ouvre la porte \u00e0 un monde d'histoires, d'id\u00e9es et de r\u00e9cits\".<\/p>\n<p>Il Dondolo, avec le soutien de Bper Banca, produit des ebooks in\u00e9dits de fiction, de non-fiction, d'art et de po\u00e9sie, en mettant l'accent sur des histoires remarquables de la r\u00e9gion de Mod\u00e8ne. Le catalogue pr\u00e9sente Walter Siti, Edmondo Berselli, Carlo Lucarelli, Barbara Baraldi et Stefano Massini, ainsi que des r\u00e9cup\u00e9rations historiques d'Antonio Delfini, Silvio D'Arzo et Angelo Fortunato Formiggini, et des contributions critiques de Natalia Ginzburg, Pier Paolo Pasolini et Cesare Garboli. Il y a aussi les ebooks consacr\u00e9s \u00e0 Luigi Ghirri, Gianni Celati, Cesare Leonardi, Vasco Rossi, Paul Campani et la merveilleuse histoire de Paul Film, Gulp et Supergulp, l'histoire de la bande dessin\u00e9e \u00e0 la t\u00e9l\u00e9vision, les chefs-d'\u0153uvre de la Pinacoth\u00e8que de l'Estense et une anthologie des meilleurs \u00e9crivains \u00e9miliens.<\/p>\n<p>Les livres \u00e9lectroniques du Dondolo peuvent \u00eatre t\u00e9l\u00e9charg\u00e9s gratuitement sur le site de la maison d'\u00e9dition (ildondolo.it) et sur la plateforme Mlol (mlol.it), la plus importante biblioth\u00e8que num\u00e9rique d'Italie, qui met en r\u00e9seau plus de six mille biblioth\u00e8ques publiques.<\/p>\n<p>Le projet est dirig\u00e9 par Beppe Cottafavi avec des contributions d'Andrea Zanni, Silvia Sitton et la direction artistique de Patty Di Gioia et Giorgio Di Mitri.\n<\/p><\/div>\n<\/div>\n<\/div>\n\n\n\n\n\t\t<\/div> \n\t<\/div>\n\t<\/div> \n<\/div><\/div><div class=\"divider-wrap\" data-alignment=\"default\"><div style=\"height: 5vh;\" class=\"divider\"><\/div><\/div>\n\t<div class=\"wpb_gallery wpb_content_element clearfix\">\n\t\t<div class=\"wpb_wrapper\"><div class=\"wpb_gallery_slidesimage_grid\" data-onclick=\"link_image\" data-interval=\"5\">\n\n\t<div class=\"portfolio-wrap\">\n\n\t\t\t<span class=\"portfolio-loading\"><\/span>\n\n\t\t\t<div class=\"row portfolio-items no-masonry\" data-starting-filter=\"\" data-gutter=\"default\" data-masonry-type=\"default\" data-bypass-cropping=\"\"  data-ps=\"7\" data-loading=\"default\" data-categories-to-show=\"\" data-col-num=\"cols-4\">\n\n\n\n\t\n\t\t\t\t\t\t\t<div class=\"col span_3  element\" data-project-cat=\"\" data-default-color=\"true\" data-title-color=\"\" data-subtitle-color=\"\">\n\n\t\t\t\t\t\t\t<div class=\"inner-wrap animated\" data-animation=\"none\">\n\n\t\t\t\t\t\t\t\n\t\t\t\t\t\t\t<div class=\"work-item style-2\">\n\n\t\t\t\t\t\t\t\t<img decoding=\"async\" class=\"skip-lazy top-level-image\" src=\"https:\/\/modenafuturacreativa.it\/wp-content\/uploads\/2023\/05\/Laura_1_Pagina_2-scaled-600x400.jpg\" width=\"600\" height=\"400\" alt=\"Laura_1_Pagina_2\" title=\"Laura_1_Page_2\" loading=\"lazy\" \/>\n\t\t\t\t\t\t\t\t<div class=\"work-info-bg\"><\/div>\n\t\t\t\t\t\t\t\t<div class=\"work-info\">\n\n\n\t\t\t\t\t\t\t\t\t\t\t\t\t\t\t\t\t   \t\t\t <a href=\"https:\/\/modenafuturacreativa.it\/wp-content\/uploads\/2023\/05\/Laura_1_Pagina_2-scaled.jpg\" class=\"pretty_photo\"><span class=\"screen-reader-text\">Laura_1_Page_2<\/span><\/a>\n\t\t\t\t\t\t\t\t   \t\t\n\t\t\t\t\t\t\t\t\t\t<div class=\"vert-center\">\n\t\t\t\t\t\t\t\t\t\t\t\t\t\t\t\t\t\t\t\t\t<\/div><!--\/vert-center-->\n\n\t\t\t\t\t\t\t\t\t\n\n\t\t\t\t\t\t\t\t<\/div>\n\t\t\t\t\t\t\t<\/div><!--work-item-->\n\n\t\t\t\t\t\t\n\n\t\t\t\t\t\t<\/div><\/div> \n\t\t\t\t\t\t\n\t\t\t\t\t\t\t<div class=\"col span_3  element\" data-project-cat=\"\" data-default-color=\"true\" data-title-color=\"\" data-subtitle-color=\"\">\n\n\t\t\t\t\t\t\t<div class=\"inner-wrap animated\" data-animation=\"none\">\n\n\t\t\t\t\t\t\t\n\t\t\t\t\t\t\t<div class=\"work-item style-2\">\n\n\t\t\t\t\t\t\t\t<img decoding=\"async\" class=\"skip-lazy top-level-image\" src=\"https:\/\/modenafuturacreativa.it\/wp-content\/uploads\/2023\/05\/Laura_2_Pagina_2-scaled-600x400.jpg\" width=\"600\" height=\"400\" alt=\"Laura_2_Pagina_2\" title=\"Laura_2_Page_2\" loading=\"lazy\" \/>\n\t\t\t\t\t\t\t\t<div class=\"work-info-bg\"><\/div>\n\t\t\t\t\t\t\t\t<div class=\"work-info\">\n\n\n\t\t\t\t\t\t\t\t\t\t\t\t\t\t\t\t\t   \t\t\t <a href=\"https:\/\/modenafuturacreativa.it\/wp-content\/uploads\/2023\/05\/Laura_2_Pagina_2-scaled.jpg\" class=\"pretty_photo\"><span class=\"screen-reader-text\">Laura_2_Page_2<\/span><\/a>\n\t\t\t\t\t\t\t\t   \t\t\n\t\t\t\t\t\t\t\t\t\t<div class=\"vert-center\">\n\t\t\t\t\t\t\t\t\t\t\t\t\t\t\t\t\t\t\t\t\t<\/div><!--\/vert-center-->\n\n\t\t\t\t\t\t\t\t\t\n\n\t\t\t\t\t\t\t\t<\/div>\n\t\t\t\t\t\t\t<\/div><!--work-item-->\n\n\t\t\t\t\t\t\n\n\t\t\t\t\t\t<\/div><\/div> \n\t\t\t\t\t\t<\/div><\/div><\/div>\n\t\t<\/div> \n\t<\/div> \n\t\t\t<\/div> \n\t\t<\/div>\n\t<\/div> \n<\/div><\/div>","protected":false},"excerpt":{"rendered":"Vendredi 19 mai, \u00e0 12h30, pr\u00e9sentation des activit\u00e9s et des nouveaut\u00e9s. Campagne d'affichage th\u00e9matique sur les dauphins, Mod\u00e8ne, Sognalib(e)ro et les livres d'art Il Dondolo, la maison d'\u00e9dition num\u00e9rique...","protected":false},"author":1,"featured_media":2199,"comment_status":"closed","ping_status":"closed","sticky":false,"template":"","format":"standard","meta":{"wpupg_custom_link":[],"wpupg_custom_link_behaviour":["default"],"wpupg_custom_link_nofollow":[],"wpupg_custom_image":[],"wpupg_custom_image_id":[],"footnotes":""},"categories":[475],"tags":[],"class_list":["post-2198","post","type-post","status-publish","format-standard","has-post-thumbnail","category-news"],"_links":{"self":[{"href":"https:\/\/modenafuturacreativa.it\/fr\/wp-json\/wp\/v2\/posts\/2198","targetHints":{"allow":["GET"]}}],"collection":[{"href":"https:\/\/modenafuturacreativa.it\/fr\/wp-json\/wp\/v2\/posts"}],"about":[{"href":"https:\/\/modenafuturacreativa.it\/fr\/wp-json\/wp\/v2\/types\/post"}],"author":[{"embeddable":true,"href":"https:\/\/modenafuturacreativa.it\/fr\/wp-json\/wp\/v2\/users\/1"}],"replies":[{"embeddable":true,"href":"https:\/\/modenafuturacreativa.it\/fr\/wp-json\/wp\/v2\/comments?post=2198"}],"version-history":[{"count":2,"href":"https:\/\/modenafuturacreativa.it\/fr\/wp-json\/wp\/v2\/posts\/2198\/revisions"}],"predecessor-version":[{"id":2202,"href":"https:\/\/modenafuturacreativa.it\/fr\/wp-json\/wp\/v2\/posts\/2198\/revisions\/2202"}],"wp:featuredmedia":[{"embeddable":true,"href":"https:\/\/modenafuturacreativa.it\/fr\/wp-json\/wp\/v2\/media\/2199"}],"wp:attachment":[{"href":"https:\/\/modenafuturacreativa.it\/fr\/wp-json\/wp\/v2\/media?parent=2198"}],"wp:term":[{"taxonomy":"category","embeddable":true,"href":"https:\/\/modenafuturacreativa.it\/fr\/wp-json\/wp\/v2\/categories?post=2198"},{"taxonomy":"post_tag","embeddable":true,"href":"https:\/\/modenafuturacreativa.it\/fr\/wp-json\/wp\/v2\/tags?post=2198"}],"curies":[{"name":"wp","href":"https:\/\/api.w.org\/{rel}","templated":true}]}}