{"id":1749,"date":"2023-04-20T15:38:54","date_gmt":"2023-04-20T13:38:54","guid":{"rendered":"https:\/\/modenafuturacreativa.it\/?p=1749"},"modified":"2025-03-21T14:18:26","modified_gmt":"2025-03-21T13:18:26","slug":"modena-citta-creativa-al-forum-di-giovani-per-lunesco","status":"publish","type":"post","link":"https:\/\/modenafuturacreativa.it\/fr\/modena-citta-creativa-al-forum-di-giovani-per-lunesco\/","title":{"rendered":"Mod\u00e8ne, ville cr\u00e9ative, au forum \"Jeunesse pour l'Unesco"},"content":{"rendered":"<div id=\"fws_6a9b7bf84a167\"  data-column-margin=\"60px\" data-midnight=\"dark\"  class=\"wpb_row vc_row-fluid vc_row\"  style=\"padding-top: 0px; padding-bottom: 0px; \"><div class=\"row-bg-wrap\" data-bg-animation=\"none\" data-bg-animation-delay=\"\" data-bg-overlay=\"false\"><div class=\"inner-wrap row-bg-layer\" ><div class=\"row-bg viewport-desktop\"  style=\"\"><\/div><\/div><\/div><div class=\"row_col_wrap_12 col span_12 dark left\">\n\t<div  class=\"vc_col-sm-12 wpb_column column_container vc_column_container col no-extra-padding inherit_tablet inherit_phone\"  data-padding-pos=\"all\" data-has-bg-color=\"false\" data-bg-color=\"\" data-bg-opacity=\"1\" data-animation=\"\" data-delay=\"0\" >\n\t\t<div class=\"vc_column-inner\" >\n\t\t\t<div class=\"wpb_wrapper\">\n\t\t\t\t<div class=\"divider-wrap\" data-alignment=\"default\"><div style=\"height: 5vh;\" class=\"divider\"><\/div><\/div><div id=\"fws_6a9b7bf84a61c\" data-midnight=\"\" data-column-margin=\"default\" class=\"wpb_row vc_row-fluid vc_row inner_row\"  style=\"\"><div class=\"row-bg-wrap\"> <div class=\"row-bg\" ><\/div> <\/div><div class=\"row_col_wrap_12_inner col span_12  left\">\n\t<div  class=\"vc_col-sm-12 wpb_column column_container vc_column_container col child_column no-extra-padding inherit_tablet inherit_phone\"   data-padding-pos=\"all\" data-has-bg-color=\"false\" data-bg-color=\"\" data-bg-opacity=\"1\" data-animation=\"\" data-delay=\"0\" >\n\t\t<div class=\"vc_column-inner\" >\n\t\t<div class=\"wpb_wrapper\">\n\t\t\t\n<div class=\"wpb_text_column wpb_content_element\" >\n\t<h3 id=\"parent-fieldname-description\" class=\"documentDescription\"><strong>A Turin, le samedi 15 avril, la pr\u00e9sentation du parcours comme ville cr\u00e9ative pour les arts m\u00e9diatiques et les projets de r\u00e9g\u00e9n\u00e9ration urbaine entre m\u00e9moire et futur.<\/strong><\/h3>\n<div id=\"viewlet-above-content-body\"><\/div>\n<div><\/div>\n<div id=\"content-core\">\n<div id=\"parent-fieldname-text\" class=\"plain\">\n<p>Mod\u00e8ne, ville cr\u00e9ative de l'Unesco pour les arts m\u00e9diatiques, participe au Forum consacr\u00e9 aux villes cr\u00e9atives italiennes organis\u00e9 par l'association Giovani per l'Unesco qui se tient actuellement \u00e0 Turin.<\/p>\n<p>Le forum, qui en est \u00e0 sa cinqui\u00e8me \u00e9dition, se r\u00e9unit cette ann\u00e9e avec le r\u00e9seau des villes cr\u00e9atives de l'UNESCO et, avec des contributions de repr\u00e9sentants d'institutions et de la soci\u00e9t\u00e9 civile, explore le th\u00e8me de la cr\u00e9ativit\u00e9 en tant qu'outil d'innovation sociale.<\/p>\n<p>L'exp\u00e9rience de Mod\u00e8ne en tant que ville cr\u00e9ative pour les arts m\u00e9diatiques sera pr\u00e9sent\u00e9e le samedi 15 avril dans l'atelier \"Villes et m\u00e9moire. Transmettre l'avenir\", l'un des quatre pr\u00e9vus pour la journ\u00e9e, dans lequel un espace sera donn\u00e9 aux villes pour raconter le parcours et les raisons pour lesquelles elles ont \u00e9t\u00e9 nomm\u00e9es Ville cr\u00e9ative et les projets qui allient tradition et innovation et qui, pour Mod\u00e8ne, concernent en particulier la r\u00e9g\u00e9n\u00e9ration urbaine.<\/p>\n<p>L'Association italienne de la jeunesse pour l'UNESCO est une organisation \u00e0 but non lucratif active au niveau national et international qui m\u00e8ne des activit\u00e9s dans le domaine de l'\u00e9ducation, de la science, de la culture et de la communication, en promouvant des projets, des valeurs et des priorit\u00e9s gr\u00e2ce \u00e0 la participation active des jeunes g\u00e9n\u00e9rations et de la soci\u00e9t\u00e9 civile. Chaque ann\u00e9e, l'association organise un \u00e9v\u00e9nement culturel d'envergure nationale, le Forum italien de la jeunesse, dans une ville italienne diff\u00e9rente, afin de permettre aux membres volontaires, \u00e2g\u00e9s de 18 \u00e0 35 ans, de r\u00e9fl\u00e9chir et de se rencontrer.<\/p>\n<\/div>\n<\/div>\n<\/div>\n\n\n\n\n\t\t<\/div> \n\t<\/div>\n\t<\/div> \n<\/div><\/div><div class=\"divider-wrap\" data-alignment=\"default\"><div style=\"height: 5vh;\" class=\"divider\"><\/div><\/div>\n\t\t\t<\/div> \n\t\t<\/div>\n\t<\/div> \n<\/div><\/div>","protected":false},"excerpt":{"rendered":"A Turin, samedi 15 avril, la pr\u00e9sentation du parcours comme ville cr\u00e9ative pour les arts m\u00e9diatiques et les projets de r\u00e9g\u00e9n\u00e9ration urbaine entre m\u00e9moire et futur. Mod\u00e8ne, ville cr\u00e9ative de l'Unesco...","protected":false},"author":1,"featured_media":1202,"comment_status":"closed","ping_status":"closed","sticky":false,"template":"","format":"standard","meta":{"wpupg_custom_link":[],"wpupg_custom_link_behaviour":[],"wpupg_custom_link_nofollow":[],"wpupg_custom_image":[],"wpupg_custom_image_id":[],"footnotes":""},"categories":[475],"tags":[],"class_list":["post-1749","post","type-post","status-publish","format-standard","has-post-thumbnail","category-news"],"_links":{"self":[{"href":"https:\/\/modenafuturacreativa.it\/fr\/wp-json\/wp\/v2\/posts\/1749","targetHints":{"allow":["GET"]}}],"collection":[{"href":"https:\/\/modenafuturacreativa.it\/fr\/wp-json\/wp\/v2\/posts"}],"about":[{"href":"https:\/\/modenafuturacreativa.it\/fr\/wp-json\/wp\/v2\/types\/post"}],"author":[{"embeddable":true,"href":"https:\/\/modenafuturacreativa.it\/fr\/wp-json\/wp\/v2\/users\/1"}],"replies":[{"embeddable":true,"href":"https:\/\/modenafuturacreativa.it\/fr\/wp-json\/wp\/v2\/comments?post=1749"}],"version-history":[{"count":3,"href":"https:\/\/modenafuturacreativa.it\/fr\/wp-json\/wp\/v2\/posts\/1749\/revisions"}],"predecessor-version":[{"id":1752,"href":"https:\/\/modenafuturacreativa.it\/fr\/wp-json\/wp\/v2\/posts\/1749\/revisions\/1752"}],"wp:featuredmedia":[{"embeddable":true,"href":"https:\/\/modenafuturacreativa.it\/fr\/wp-json\/wp\/v2\/media\/1202"}],"wp:attachment":[{"href":"https:\/\/modenafuturacreativa.it\/fr\/wp-json\/wp\/v2\/media?parent=1749"}],"wp:term":[{"taxonomy":"category","embeddable":true,"href":"https:\/\/modenafuturacreativa.it\/fr\/wp-json\/wp\/v2\/categories?post=1749"},{"taxonomy":"post_tag","embeddable":true,"href":"https:\/\/modenafuturacreativa.it\/fr\/wp-json\/wp\/v2\/tags?post=1749"}],"curies":[{"name":"wp","href":"https:\/\/api.w.org\/{rel}","templated":true}]}}