{"id":1744,"date":"2023-03-28T09:36:56","date_gmt":"2023-03-28T07:36:56","guid":{"rendered":"https:\/\/modenafuturacreativa.it\/?p=1744"},"modified":"2025-03-21T14:18:26","modified_gmt":"2025-03-21T13:18:26","slug":"nuovo-bando-per-le-industrie-culturali-e-creative","status":"publish","type":"post","link":"https:\/\/modenafuturacreativa.it\/fr\/nuovo-bando-per-le-industrie-culturali-e-creative\/","title":{"rendered":"Nouvel appel pour les industries culturelles et cr\u00e9atives"},"content":{"rendered":"<div id=\"fws_6a9b7b9c4abdd\"  data-column-margin=\"60px\" data-midnight=\"dark\"  class=\"wpb_row vc_row-fluid vc_row\"  style=\"padding-top: 0px; padding-bottom: 0px; \"><div class=\"row-bg-wrap\" data-bg-animation=\"none\" data-bg-animation-delay=\"\" data-bg-overlay=\"false\"><div class=\"inner-wrap row-bg-layer\" ><div class=\"row-bg viewport-desktop\"  style=\"\"><\/div><\/div><\/div><div class=\"row_col_wrap_12 col span_12 dark left\">\n\t<div  class=\"vc_col-sm-12 wpb_column column_container vc_column_container col no-extra-padding inherit_tablet inherit_phone\"  data-padding-pos=\"all\" data-has-bg-color=\"false\" data-bg-color=\"\" data-bg-opacity=\"1\" data-animation=\"\" data-delay=\"0\" >\n\t\t<div class=\"vc_column-inner\" >\n\t\t\t<div class=\"wpb_wrapper\">\n\t\t\t\t<div class=\"divider-wrap\" data-alignment=\"default\"><div style=\"height: 5vh;\" class=\"divider\"><\/div><\/div><div id=\"fws_6a9b7b9c4b23d\" data-midnight=\"\" data-column-margin=\"default\" class=\"wpb_row vc_row-fluid vc_row inner_row\"  style=\"\"><div class=\"row-bg-wrap\"> <div class=\"row-bg\" ><\/div> <\/div><div class=\"row_col_wrap_12_inner col span_12  left\">\n\t<div  class=\"vc_col-sm-12 wpb_column column_container vc_column_container col child_column no-extra-padding inherit_tablet inherit_phone\"   data-padding-pos=\"all\" data-has-bg-color=\"false\" data-bg-color=\"\" data-bg-opacity=\"1\" data-animation=\"\" data-delay=\"0\" >\n\t\t<div class=\"vc_column-inner\" >\n\t\t<div class=\"wpb_wrapper\">\n\t\t\t\n<div class=\"wpb_text_column wpb_content_element\" >\n\t<p><strong><span style=\"font-size: 12pt;\">La premi\u00e8re annonce a \u00e9t\u00e9 publi\u00e9e\u00a0<em>Euroclusters pour des industries cr\u00e9atives et culturelles prosp\u00e8res\u00a0<\/em>(CHREATHRIV-EU) de la section COSME du programme du march\u00e9 unique (PMU), qui vise \u00e0 soutenir financi\u00e8rement les PME des industries culturelles et cr\u00e9atives (ICC).<\/span><\/strong><\/p>\n<p>&nbsp;<\/p>\n<p><span style=\"font-size: 12pt;\">Les projets et activit\u00e9s financ\u00e9s doivent \u00eatre achev\u00e9s avant le 30 avril 2024 et r\u00e9pondre \u00e0 l'un des d\u00e9fis suivants :<\/span><br \/>\n<span style=\"font-size: 12pt;\">&#8211; diversificare prodotti\/servizi\/contenuti sulla base di tecnologie digitali, soprattutto nel settore del patrimonio, degli archivi e delle biblioteche delle CCI;<\/span><br \/>\n<span style=\"font-size: 12pt;\">&#8211; supportare la transizione verde del settore audiovisivo e multimediale e nelle arti performative;<\/span><br \/>\n<span style=\"font-size: 12pt;\">&#8211; colmare il divario delle competenze nella forza lavoro delle CCI e sostenere una maggiore partecipazione femminile;<\/span><br \/>\n<span style=\"font-size: 12pt;\">&#8211; accrescere le opportunit\u00e0 d\u2019impresa attraverso l\u2019internazionalizzazione e le sinergie lungo e tra le catene di fornitura.<\/span><\/p>\n<p>&nbsp;<\/p>\n<p><span style=\"font-size: 12pt;\"><strong>B\u00e9n\u00e9ficiaires :<\/strong>\u00a0PME des industries culturelles et cr\u00e9atives actives dans les secteurs suivants :<\/span><br \/>\n<span style=\"font-size: 12pt;\">&#8211; patrimonio culturale, archivi, biblioteche;<\/span><br \/>\n<span style=\"font-size: 12pt;\">&#8211; audiovisivo e multimediale inclusi i servizi di tecnologie dell\u2019informazione, software e computer;<\/span><br \/>\n<span style=\"font-size: 12pt;\">&#8211; stampa ed editoria;<\/span><br \/>\n<span style=\"font-size: 12pt;\">&#8211; arti visive;<\/span><br \/>\n<span style=\"font-size: 12pt;\">&#8211; arti performative;<\/span><br \/>\n<span style=\"font-size: 12pt;\">&#8211; educazione.<\/span><\/p>\n<p>&nbsp;<\/p>\n<p><span style=\"font-size: 12pt;\"><strong>Cofinancement :<br \/>\n<\/strong>&#8211; \u20ac 5.000 per progetti su piccola scala per sviluppare un progetto con un esperto esterno, ossia una mappatura dei bisogni specifici e la previsione di raccomandazioni\/piani d\u2019azione in ambito di gestione e mitigazione del rischio, digitalizzazione, transizione verde, innovazione e tecnologia, internazionalizzazione, riqualificazione o crescita delle competenze;<\/span><\/p>\n<p><span style=\"font-size: 12pt;\">&#8211; \u20ac 20.000 per progetti collaborativi in cui le PMI dovranno collaborare con almeno un\u2019altra organizzazione per la realizzazione di un progetto pilota di sviluppo e realizzazione di prototipi con un livello minimo di 4 di maturit\u00e0 tecnologica e commerciale (TRL e CRL). Le attivit\u00e0 sostenute saranno lo sviluppo di una tecnologia emergente o il miglioramento di un prodotto o tecnologia esistente.<\/span><\/p>\n<p>&nbsp;<\/p>\n<p><span style=\"font-size: 12pt;\"><strong>Date limite : 02\/05\/2023<\/strong><\/span><\/p>\n<p><span style=\"font-size: 12pt;\"><strong>Source :<\/strong>\u00a0.\u00a0<a style=\"color: #3f3f3f; text-decoration: underline; cursor: pointer;\" href=\"https:\/\/nl-europa.comune.modena.it\/nl\/pmz5by\/j2thxi\/jejtgf\/uf\/8\/aHR0cHM6Ly9maXJzdC5hcnQtZXIuaXQvbmV3cy9pbmR1c3RyaWUtY3VsdHVyYWxpLWUtY3JlYXRpdmUtbnVvdm8tYmFuZG8tc21w?_d=82M&amp;_c=6fc8e092\" rel=\"noopener\">Premier de ART-ER<\/a><\/span><\/p>\n<\/div>\n\n\n\n\n\t\t<\/div> \n\t<\/div>\n\t<\/div> \n<\/div><\/div><div class=\"divider-wrap\" data-alignment=\"default\"><div style=\"height: 5vh;\" class=\"divider\"><\/div><\/div>\n\t\t\t<\/div> \n\t\t<\/div>\n\t<\/div> \n<\/div><\/div>","protected":false},"excerpt":{"rendered":"E\u2019 stato pubblicato il primo bando\u00a0Euroclusters for Thriving Creative and Cultural Industries\u00a0(CHREATHRIV-EU) della sezione COSME del Single Market programme (SMP), il cui obiettivo \u00e8 sostenere finanziariamente PMI delle industrie culturali...","protected":false},"author":1,"featured_media":1745,"comment_status":"closed","ping_status":"closed","sticky":false,"template":"","format":"standard","meta":{"wpupg_custom_link":[],"wpupg_custom_link_behaviour":[],"wpupg_custom_link_nofollow":[],"wpupg_custom_image":[],"wpupg_custom_image_id":[],"footnotes":""},"categories":[475],"tags":[],"class_list":["post-1744","post","type-post","status-publish","format-standard","has-post-thumbnail","category-news"],"_links":{"self":[{"href":"https:\/\/modenafuturacreativa.it\/fr\/wp-json\/wp\/v2\/posts\/1744","targetHints":{"allow":["GET"]}}],"collection":[{"href":"https:\/\/modenafuturacreativa.it\/fr\/wp-json\/wp\/v2\/posts"}],"about":[{"href":"https:\/\/modenafuturacreativa.it\/fr\/wp-json\/wp\/v2\/types\/post"}],"author":[{"embeddable":true,"href":"https:\/\/modenafuturacreativa.it\/fr\/wp-json\/wp\/v2\/users\/1"}],"replies":[{"embeddable":true,"href":"https:\/\/modenafuturacreativa.it\/fr\/wp-json\/wp\/v2\/comments?post=1744"}],"version-history":[{"count":1,"href":"https:\/\/modenafuturacreativa.it\/fr\/wp-json\/wp\/v2\/posts\/1744\/revisions"}],"predecessor-version":[{"id":1746,"href":"https:\/\/modenafuturacreativa.it\/fr\/wp-json\/wp\/v2\/posts\/1744\/revisions\/1746"}],"wp:featuredmedia":[{"embeddable":true,"href":"https:\/\/modenafuturacreativa.it\/fr\/wp-json\/wp\/v2\/media\/1745"}],"wp:attachment":[{"href":"https:\/\/modenafuturacreativa.it\/fr\/wp-json\/wp\/v2\/media?parent=1744"}],"wp:term":[{"taxonomy":"category","embeddable":true,"href":"https:\/\/modenafuturacreativa.it\/fr\/wp-json\/wp\/v2\/categories?post=1744"},{"taxonomy":"post_tag","embeddable":true,"href":"https:\/\/modenafuturacreativa.it\/fr\/wp-json\/wp\/v2\/tags?post=1744"}],"curies":[{"name":"wp","href":"https:\/\/api.w.org\/{rel}","templated":true}]}}